{"id":8530,"date":"2026-04-29T18:30:13","date_gmt":"2026-04-29T16:30:13","guid":{"rendered":"https:\/\/blogs.nabu.de\/trischen\/?p=8530"},"modified":"2026-04-29T18:38:34","modified_gmt":"2026-04-29T16:38:34","slug":"totfunde-erstnachweis-und-das-etwas-andere-lockgebuesch","status":"publish","type":"post","link":"https:\/\/blogs.nabu.de\/trischen\/totfunde-erstnachweis-und-das-etwas-andere-lockgebuesch\/","title":{"rendered":"[Totfunde] Ein Erstnachweis und das etwas andere &#8222;Lockgeb\u00fcsch&#8220;"},"content":{"rendered":"<p data-path-to-node=\"3\">Nach meinem letzten, eher pers\u00f6nlichen Einblick wird es heute wieder etwas fachlicher. Wie bereits angek\u00fcndigt, m\u00f6chte ich mich in diesem Beitrag mit dem besch\u00e4ftigen, was neben M\u00fcll und Plastik sonst noch hier auf Trischen angeschwemmt wird.<\/p>\n<p data-path-to-node=\"4\">Doch bevor wir zum \u201eAngeschwemmten\u201c kommen, blicken wir erst einmal auf etwas \u201eAngeflogenes\u201c, das mich ziemlich unvorbereitet traf.<\/p>\n<h3 data-path-to-node=\"5\">Der Erstnachweis<\/h3>\n<p data-path-to-node=\"2\">Schon direkt bei meiner Ankunft auf Trischen entdeckte ich unter der H\u00fctte etwas, bei dem ich zweimal hinsehen musste, bevor ich meinen Augen trauen konnte: eine tote <b data-path-to-node=\"2\" data-index-in-node=\"169\">Schleiereule<\/b>.<\/p>\n<p data-path-to-node=\"3\">Schleiereulen, die in Europa vor allem als Kulturfolger auftreten und offene Agrarlandschaften bewohnen, kenne ich aus meinem Heimatdorf sehr gut. Ihr charakteristisches, schrilles Kreischen hat mich (nicht nur) aus Faszination schon so manche Nacht wachgehalten. Sie nun leblos und still hier auf Trischen aufzufinden, verwunderte mich nicht nur aus fachlicher Perspektive, sondern lie\u00df mich auch pers\u00f6nlich nicht ganz unber\u00fchrt.<\/p>\n<p data-path-to-node=\"4\">Meine Verwunderung best\u00e4tigte sich nach einer kurzen Recherche in den Berichten meiner Vorg\u00e4ngerInnen: Es handelt sich hierbei tats\u00e4chlich um einen Erstnachweis dieser Art f\u00fcr die Insel.<\/p>\n<p data-path-to-node=\"5\">Wie die Eule hier mitten im Wattenmeer landete, bleibt Spekulation. Vielleicht wurde sie durch starke Winde verdriftet. Dass sie im Zuge der im Herbst typischen Wanderungen der Jungv\u00f6gel hierhergelangt ist und den Winter \u00fcberlebt hat, halte ich f\u00fcr unwahrscheinlich. Eines ist jedoch sicher: Auf der Insel hatte sie kaum \u00dcberlebenschancen. Ihre typische Nahrung in Form von Kleins\u00e4ugern, insbesondere kleinen Nagetieren, fehlt hier v\u00f6llig. Das Tier ist vermutlich entkr\u00e4ftet verhungert \u2013 ein trauriger und zugleich \u00fcberaus spannender Fund.<\/p>\n<p><a href=\"https:\/\/blogs.nabu.de\/trischen\/wp-content\/uploads\/sites\/7\/2026\/04\/XE5Y1216.jpg\"><img data-attachment-id=\"8522\" data-permalink=\"https:\/\/blogs.nabu.de\/trischen\/totfunde-erstnachweis-und-das-etwas-andere-lockgebuesch\/xe5y1216\/\" data-orig-file=\"https:\/\/blogs.nabu.de\/trischen\/wp-content\/uploads\/sites\/7\/2026\/04\/XE5Y1216.jpg\" data-orig-size=\"1280,853\" data-comments-opened=\"0\" data-image-meta=\"{&quot;aperture&quot;:&quot;0&quot;,&quot;credit&quot;:&quot;&quot;,&quot;camera&quot;:&quot;&quot;,&quot;caption&quot;:&quot;&quot;,&quot;created_timestamp&quot;:&quot;0&quot;,&quot;copyright&quot;:&quot;&quot;,&quot;focal_length&quot;:&quot;0&quot;,&quot;iso&quot;:&quot;0&quot;,&quot;shutter_speed&quot;:&quot;0&quot;,&quot;title&quot;:&quot;&quot;,&quot;orientation&quot;:&quot;0&quot;}\" data-image-title=\"Schleiereule &#8211; Tyto alba\" data-image-description=\"\" data-image-caption=\"\" data-medium-file=\"https:\/\/blogs.nabu.de\/trischen\/wp-content\/uploads\/sites\/7\/2026\/04\/XE5Y1216-300x200.jpg\" data-large-file=\"https:\/\/blogs.nabu.de\/trischen\/wp-content\/uploads\/sites\/7\/2026\/04\/XE5Y1216-1000x666.jpg\" decoding=\"async\" loading=\"lazy\" class=\"wp-image-8522 size-large aligncenter\" src=\"https:\/\/blogs.nabu.de\/trischen\/wp-content\/uploads\/sites\/7\/2026\/04\/XE5Y1216-1000x666.jpg\" alt=\"\" width=\"940\" height=\"626\" \/><\/a><\/p>\n<p>&nbsp;<\/p>\n<h3 data-path-to-node=\"9\">Das &#8222;Lockgeb\u00fcsch&#8220; der anderen Art<\/h3>\n<p data-path-to-node=\"0\">Ebenfalls in meiner ersten Woche fand ich im Sp\u00fclsaum einen toten Schweinswal. Anstatt ihn der n\u00e4chsten Flut zu \u00fcberlassen, entschied ich mich daf\u00fcr, den Wal noch als &#8222;K\u00f6der&#8220; f\u00fcr all die aasfressenden Bewohner Trischens zu verwenden: Ich schleppte den Kadaver also an eine etwas erh\u00f6hte Stelle am Strand und installierte eine Wildkamera davor.<\/p>\n<div id=\"attachment_8524\" style=\"width: 549px\" class=\"wp-caption aligncenter\"><a href=\"https:\/\/blogs.nabu.de\/trischen\/wp-content\/uploads\/sites\/7\/2026\/04\/ezgif.com-optimize.gif\"><img aria-describedby=\"caption-attachment-8524\" data-attachment-id=\"8524\" data-permalink=\"https:\/\/blogs.nabu.de\/trischen\/totfunde-erstnachweis-und-das-etwas-andere-lockgebuesch\/ezgif-com-optimize\/\" data-orig-file=\"https:\/\/blogs.nabu.de\/trischen\/wp-content\/uploads\/sites\/7\/2026\/04\/ezgif.com-optimize.gif\" data-orig-size=\"539,405\" data-comments-opened=\"0\" data-image-meta=\"{&quot;aperture&quot;:&quot;0&quot;,&quot;credit&quot;:&quot;&quot;,&quot;camera&quot;:&quot;&quot;,&quot;caption&quot;:&quot;&quot;,&quot;created_timestamp&quot;:&quot;0&quot;,&quot;copyright&quot;:&quot;&quot;,&quot;focal_length&quot;:&quot;0&quot;,&quot;iso&quot;:&quot;0&quot;,&quot;shutter_speed&quot;:&quot;0&quot;,&quot;title&quot;:&quot;&quot;,&quot;orientation&quot;:&quot;0&quot;}\" data-image-title=\"Schweinswal vorher\/nacher\" data-image-description=\"\" data-image-caption=\"&lt;p&gt;1. 01.04.2026 09:02&lt;br \/&gt;\n2. 01.04.2026 17:49&lt;br \/&gt;\n3. 07.04.2026 06:25&lt;\/p&gt;\n\" data-medium-file=\"https:\/\/blogs.nabu.de\/trischen\/wp-content\/uploads\/sites\/7\/2026\/04\/ezgif.com-optimize-300x225.gif\" data-large-file=\"https:\/\/blogs.nabu.de\/trischen\/wp-content\/uploads\/sites\/7\/2026\/04\/ezgif.com-optimize.gif\" decoding=\"async\" loading=\"lazy\" class=\"wp-image-8524 size-full\" src=\"https:\/\/blogs.nabu.de\/trischen\/wp-content\/uploads\/sites\/7\/2026\/04\/ezgif.com-optimize.gif\" alt=\"\" width=\"539\" height=\"405\" \/><\/a><p id=\"caption-attachment-8524\" class=\"wp-caption-text\">01.04.2026 09:02\/01.04.2026 17:49\/07.04.2026 06:25<\/p><\/div>\n<p data-path-to-node=\"1\">Wildkameras sind in der modernen Forschung an vielen Stellen mittlerweile unverzichtbar. Sie sind eine wunderbare Methode \u201egeringer Invasivit\u00e4t\u201c: Man erh\u00e4lt intime Einblicke in das Verhalten von Tieren, ohne sie durch Anwesenheit zu st\u00f6ren oder gar zu verscheuchen. Solche Kameras sind inzwischen auch relativ erschwinglich, sodass sie auch im privaten Bereich \u2013 etwa auf dem Balkon oder im Garten \u2013 faszinierende Beobachtungen erm\u00f6glichen.<\/p>\n<p data-path-to-node=\"2\">Schon bei meinem n\u00e4chsten Kontrollgang, bei dem ich die Speicherkarte wechseln wollte, war der Kadaver verschwunden. Hatte ich ihn doch nicht flutsicher genug platziert? Ein langes Spekulieren ersparte ich mir, denn die Kamera lieferte die Antwort: Ein Seeadler hatte den \u2013 nach einer Woche bereits deutlich mitgenommenen \u2013 Delfinartigen kurzerfang weggeschleppt. Die genaue Auswertung der \u00fcber 3.000 Bilder hebe ich mir f\u00fcr tr\u00fcbe B\u00fcrotage auf. Besonders interessiert mich, neben den verschiedenen Arten, die sich am Kadaver bedienten, auch, ob ich vielleicht beringte V\u00f6gel ablesen kann.<\/p>\n<div id=\"attachment_8523\" style=\"width: 730px\" class=\"wp-caption aligncenter\"><a href=\"https:\/\/blogs.nabu.de\/trischen\/wp-content\/uploads\/sites\/7\/2026\/04\/ezgif.com-resize.gif\"><img aria-describedby=\"caption-attachment-8523\" data-attachment-id=\"8523\" data-permalink=\"https:\/\/blogs.nabu.de\/trischen\/totfunde-erstnachweis-und-das-etwas-andere-lockgebuesch\/ezgif-com-resize\/\" data-orig-file=\"https:\/\/blogs.nabu.de\/trischen\/wp-content\/uploads\/sites\/7\/2026\/04\/ezgif.com-resize.gif\" data-orig-size=\"720,447\" data-comments-opened=\"0\" data-image-meta=\"{&quot;aperture&quot;:&quot;0&quot;,&quot;credit&quot;:&quot;&quot;,&quot;camera&quot;:&quot;&quot;,&quot;caption&quot;:&quot;&quot;,&quot;created_timestamp&quot;:&quot;0&quot;,&quot;copyright&quot;:&quot;&quot;,&quot;focal_length&quot;:&quot;0&quot;,&quot;iso&quot;:&quot;0&quot;,&quot;shutter_speed&quot;:&quot;0&quot;,&quot;title&quot;:&quot;&quot;,&quot;orientation&quot;:&quot;0&quot;}\" data-image-title=\"Schweinswalentf\u00fchrung\" data-image-description=\"\" data-image-caption=\"&lt;p&gt;09.04.2026 09:02&lt;\/p&gt;\n\" data-medium-file=\"https:\/\/blogs.nabu.de\/trischen\/wp-content\/uploads\/sites\/7\/2026\/04\/ezgif.com-resize-300x186.gif\" data-large-file=\"https:\/\/blogs.nabu.de\/trischen\/wp-content\/uploads\/sites\/7\/2026\/04\/ezgif.com-resize.gif\" decoding=\"async\" loading=\"lazy\" class=\"wp-image-8523 size-full\" src=\"https:\/\/blogs.nabu.de\/trischen\/wp-content\/uploads\/sites\/7\/2026\/04\/ezgif.com-resize.gif\" alt=\"\" width=\"720\" height=\"447\" \/><\/a><p id=\"caption-attachment-8523\" class=\"wp-caption-text\">Die &#8222;Entf\u00fchrung&#8220; (09.04.2026 09:02)<\/p><\/div>\n<p>&nbsp;<\/p>\n<h3><strong>Weitere Funde<\/strong><\/h3>\n<p data-path-to-node=\"1\">Des Weiteren gibt es hier noch eine kleine Auswahl an Totfunden, die ich bisher am Strand entdecken konnte. All diese Arten konnte ich \u2013 dem Umstand geschuldet, dass sie leblos herumlagen \u2013 zum ersten Mal aus direkter N\u00e4he betrachten.<\/p>\n<p data-path-to-node=\"2\">Die Seehunde, die wohl zu unseren bekanntesten Meeress\u00e4ugern geh\u00f6ren, sehe ich sonst meistens nur in der Ferne, wie sie auf den Sandb\u00e4nken die Sonne auf den Bauch scheinen lassen oder ab und zu ihre K\u00f6pfe aus dem Wasser strecken. An einem dieser Seehunde \u2013 der sich die Sonne schon deutlich l\u00e4nger aufs Gerippe scheinen l\u00e4sst \u2013 komme ich nun einmal w\u00f6chentlich vorbei, wenn ich zur S\u00fcdspitze der Insel laufe, um meinen Proviant f\u00fcr die Woche abzuholen.<\/p>\n<p data-path-to-node=\"2\"><a href=\"https:\/\/blogs.nabu.de\/trischen\/wp-content\/uploads\/sites\/7\/2026\/04\/DSCF3674.jpg\"><img data-attachment-id=\"8529\" data-permalink=\"https:\/\/blogs.nabu.de\/trischen\/totfunde-erstnachweis-und-das-etwas-andere-lockgebuesch\/dscf3674\/\" data-orig-file=\"https:\/\/blogs.nabu.de\/trischen\/wp-content\/uploads\/sites\/7\/2026\/04\/DSCF3674.jpg\" data-orig-size=\"1980,1320\" data-comments-opened=\"0\" data-image-meta=\"{&quot;aperture&quot;:&quot;0&quot;,&quot;credit&quot;:&quot;&quot;,&quot;camera&quot;:&quot;&quot;,&quot;caption&quot;:&quot;&quot;,&quot;created_timestamp&quot;:&quot;0&quot;,&quot;copyright&quot;:&quot;&quot;,&quot;focal_length&quot;:&quot;0&quot;,&quot;iso&quot;:&quot;0&quot;,&quot;shutter_speed&quot;:&quot;0&quot;,&quot;title&quot;:&quot;&quot;,&quot;orientation&quot;:&quot;0&quot;}\" data-image-title=\"Seehundkadaver\" data-image-description=\"\" data-image-caption=\"\" data-medium-file=\"https:\/\/blogs.nabu.de\/trischen\/wp-content\/uploads\/sites\/7\/2026\/04\/DSCF3674-300x200.jpg\" data-large-file=\"https:\/\/blogs.nabu.de\/trischen\/wp-content\/uploads\/sites\/7\/2026\/04\/DSCF3674-1000x667.jpg\" decoding=\"async\" loading=\"lazy\" class=\"wp-image-8529 size-large aligncenter\" src=\"https:\/\/blogs.nabu.de\/trischen\/wp-content\/uploads\/sites\/7\/2026\/04\/DSCF3674-1000x667.jpg\" alt=\"\" width=\"940\" height=\"627\" \/><\/a><\/p>\n<p data-path-to-node=\"3\">Ebenfalls angesp\u00fclt wurden gleich zwei &#8222;Kleingefleckte Katzenhaie&#8220;. Man findet hier zwar oft ihre charakteristischen Eikapseln im Sp\u00fclsaum, doch die ausgewachsenen Tiere mit ihrer wundersch\u00f6nen Punktierung habe ich zuvor noch nie gesehen. Ein weiterer Fund war eine Trauerente, diese Art habe ich bisher vor allem beim \u201eSeawatching\u201c in Trupps in kilometerweiter Entfernung als dunkle Punkte vorbeiziehen sehen. Zuletzt entdeckte ich noch eine Trottellumme \u2013 auch diese Art habe ich bisher nur aus der Ferne gesehen, zum Beispiel auf Helgoland, wo die Art an den Felsen br\u00fctet.<\/p>\n<div class=\"tiled-gallery type-rectangular tiled-gallery-unresized\" data-original-width=\"940\" data-carousel-extra='{&quot;blog_id&quot;:7,&quot;permalink&quot;:&quot;https:\\\/\\\/blogs.nabu.de\\\/trischen\\\/totfunde-erstnachweis-und-das-etwas-andere-lockgebuesch\\\/&quot;,&quot;likes_blog_id&quot;:107410700}' itemscope itemtype=\"http:\/\/schema.org\/ImageGallery\" > <div class=\"gallery-row\" style=\"width: 940px; height: 627px;\" data-original-width=\"940\" data-original-height=\"627\" > <div class=\"gallery-group images-1\" style=\"width: 627px; height: 627px;\" data-original-width=\"627\" data-original-height=\"627\" > <div class=\"tiled-gallery-item tiled-gallery-item-large\" itemprop=\"associatedMedia\" itemscope itemtype=\"http:\/\/schema.org\/ImageObject\"> <a href=\"https:\/\/blogs.nabu.de\/trischen\/146025213\/\" border=\"0\" itemprop=\"url\"> <meta itemprop=\"width\" content=\"623\"> <meta itemprop=\"height\" content=\"623\"> <img data-attachment-id=\"8528\" data-orig-file=\"https:\/\/blogs.nabu.de\/trischen\/wp-content\/uploads\/sites\/7\/2026\/04\/146025213-e1777447739657.jpg\" data-orig-size=\"652,652\" data-comments-opened=\"\" data-image-meta=\"{&quot;aperture&quot;:&quot;0&quot;,&quot;credit&quot;:&quot;&quot;,&quot;camera&quot;:&quot;&quot;,&quot;caption&quot;:&quot;&quot;,&quot;created_timestamp&quot;:&quot;0&quot;,&quot;copyright&quot;:&quot;&quot;,&quot;focal_length&quot;:&quot;0&quot;,&quot;iso&quot;:&quot;0&quot;,&quot;shutter_speed&quot;:&quot;0&quot;,&quot;title&quot;:&quot;&quot;,&quot;orientation&quot;:&quot;1&quot;}\" data-image-title=\"Kleingefleckter Katzenhai &#8211; Scyliorhinus canicula\" data-image-description=\"\" data-medium-file=\"https:\/\/blogs.nabu.de\/trischen\/wp-content\/uploads\/sites\/7\/2026\/04\/146025213-e1777447739657-300x300.jpg\" data-large-file=\"https:\/\/blogs.nabu.de\/trischen\/wp-content\/uploads\/sites\/7\/2026\/04\/146025213-e1777447739657.jpg\" src=\"https:\/\/i0.wp.com\/blogs.nabu.de\/trischen\/wp-content\/uploads\/sites\/7\/2026\/04\/146025213-e1777447739657.jpg?w=623&#038;h=623&#038;crop=1&#038;ssl=1\" width=\"623\" height=\"623\" data-original-width=\"623\" data-original-height=\"623\" itemprop=\"http:\/\/schema.org\/image\" title=\"Kleingefleckter Katzenhai - Scyliorhinus canicula\" alt=\"Kleingefleckter Katzenhai - Scyliorhinus canicula\" style=\"width: 623px; height: 623px;\" \/> <\/a> <div class=\"tiled-gallery-caption\" itemprop=\"caption description\"> Kleingefleckter Katzenhai &#8211; Scyliorhinus canicula <\/div> <\/div> <\/div> <!-- close group --> <div class=\"gallery-group images-2\" style=\"width: 313px; height: 627px;\" data-original-width=\"313\" data-original-height=\"627\" > <div class=\"tiled-gallery-item tiled-gallery-item-large\" itemprop=\"associatedMedia\" itemscope itemtype=\"http:\/\/schema.org\/ImageObject\"> <a href=\"https:\/\/blogs.nabu.de\/trischen\/146196456\/\" border=\"0\" itemprop=\"url\"> <meta itemprop=\"width\" content=\"309\"> <meta itemprop=\"height\" content=\"310\"> <img data-attachment-id=\"8527\" data-orig-file=\"https:\/\/blogs.nabu.de\/trischen\/wp-content\/uploads\/sites\/7\/2026\/04\/146196456.jpg\" data-orig-size=\"1000,1000\" data-comments-opened=\"\" data-image-meta=\"{&quot;aperture&quot;:&quot;0&quot;,&quot;credit&quot;:&quot;&quot;,&quot;camera&quot;:&quot;&quot;,&quot;caption&quot;:&quot;&quot;,&quot;created_timestamp&quot;:&quot;0&quot;,&quot;copyright&quot;:&quot;&quot;,&quot;focal_length&quot;:&quot;0&quot;,&quot;iso&quot;:&quot;0&quot;,&quot;shutter_speed&quot;:&quot;0&quot;,&quot;title&quot;:&quot;&quot;,&quot;orientation&quot;:&quot;1&quot;}\" data-image-title=\"Trottellumme &#8211; Uria aalge\" data-image-description=\"\" data-medium-file=\"https:\/\/blogs.nabu.de\/trischen\/wp-content\/uploads\/sites\/7\/2026\/04\/146196456-300x300.jpg\" data-large-file=\"https:\/\/blogs.nabu.de\/trischen\/wp-content\/uploads\/sites\/7\/2026\/04\/146196456.jpg\" src=\"https:\/\/i0.wp.com\/blogs.nabu.de\/trischen\/wp-content\/uploads\/sites\/7\/2026\/04\/146196456.jpg?w=309&#038;h=310&#038;ssl=1\" width=\"309\" height=\"310\" data-original-width=\"309\" data-original-height=\"310\" itemprop=\"http:\/\/schema.org\/image\" title=\"Trottellumme - Uria aalge\" alt=\"Trottellumme - Uria aalge\" style=\"width: 309px; height: 310px;\" \/> <\/a> <div class=\"tiled-gallery-caption\" itemprop=\"caption description\"> Trottellumme &#8211; Uria aalge <\/div> <\/div> <div class=\"tiled-gallery-item tiled-gallery-item-large\" itemprop=\"associatedMedia\" itemscope itemtype=\"http:\/\/schema.org\/ImageObject\"> <a href=\"https:\/\/blogs.nabu.de\/trischen\/147439480\/\" border=\"0\" itemprop=\"url\"> <meta itemprop=\"width\" content=\"309\"> <meta itemprop=\"height\" content=\"309\"> <img data-attachment-id=\"8526\" data-orig-file=\"https:\/\/blogs.nabu.de\/trischen\/wp-content\/uploads\/sites\/7\/2026\/04\/147439480.jpg\" data-orig-size=\"1000,1000\" data-comments-opened=\"\" data-image-meta=\"{&quot;aperture&quot;:&quot;0&quot;,&quot;credit&quot;:&quot;&quot;,&quot;camera&quot;:&quot;&quot;,&quot;caption&quot;:&quot;&quot;,&quot;created_timestamp&quot;:&quot;0&quot;,&quot;copyright&quot;:&quot;&quot;,&quot;focal_length&quot;:&quot;0&quot;,&quot;iso&quot;:&quot;0&quot;,&quot;shutter_speed&quot;:&quot;0&quot;,&quot;title&quot;:&quot;&quot;,&quot;orientation&quot;:&quot;1&quot;}\" data-image-title=\"Kleingefleckter Katzenhai &#8211; Scyliorhinus canicula\" data-image-description=\"\" data-medium-file=\"https:\/\/blogs.nabu.de\/trischen\/wp-content\/uploads\/sites\/7\/2026\/04\/147439480-300x300.jpg\" data-large-file=\"https:\/\/blogs.nabu.de\/trischen\/wp-content\/uploads\/sites\/7\/2026\/04\/147439480.jpg\" src=\"https:\/\/i0.wp.com\/blogs.nabu.de\/trischen\/wp-content\/uploads\/sites\/7\/2026\/04\/147439480.jpg?w=309&#038;h=309&#038;crop=1&#038;ssl=1\" width=\"309\" height=\"309\" data-original-width=\"309\" data-original-height=\"309\" itemprop=\"http:\/\/schema.org\/image\" title=\"Kleingefleckter Katzenhai - Scyliorhinus canicula\" alt=\"Kleingefleckter Katzenhai - Scyliorhinus canicula\" style=\"width: 309px; height: 309px;\" \/> <\/a> <div class=\"tiled-gallery-caption\" itemprop=\"caption description\"> Kleingefleckter Katzenhai &#8211; Scyliorhinus canicula <\/div> <\/div> <\/div> <!-- close group --> <\/div> <!-- close row --> <div class=\"gallery-row\" style=\"width: 940px; height: 940px;\" data-original-width=\"940\" data-original-height=\"940\" > <div class=\"gallery-group images-1\" style=\"width: 940px; height: 940px;\" data-original-width=\"940\" data-original-height=\"940\" > <div class=\"tiled-gallery-item tiled-gallery-item-large\" itemprop=\"associatedMedia\" itemscope itemtype=\"http:\/\/schema.org\/ImageObject\"> <a href=\"https:\/\/blogs.nabu.de\/trischen\/146376020\/\" border=\"0\" itemprop=\"url\"> <meta itemprop=\"width\" content=\"936\"> <meta itemprop=\"height\" content=\"936\"> <img data-attachment-id=\"8525\" data-orig-file=\"https:\/\/blogs.nabu.de\/trischen\/wp-content\/uploads\/sites\/7\/2026\/04\/146376020-e1777447697761.jpg\" data-orig-size=\"750,750\" data-comments-opened=\"\" data-image-meta=\"{&quot;aperture&quot;:&quot;0&quot;,&quot;credit&quot;:&quot;&quot;,&quot;camera&quot;:&quot;&quot;,&quot;caption&quot;:&quot;&quot;,&quot;created_timestamp&quot;:&quot;0&quot;,&quot;copyright&quot;:&quot;&quot;,&quot;focal_length&quot;:&quot;0&quot;,&quot;iso&quot;:&quot;0&quot;,&quot;shutter_speed&quot;:&quot;0&quot;,&quot;title&quot;:&quot;&quot;,&quot;orientation&quot;:&quot;1&quot;}\" data-image-title=\"Trauerente &#8211; Melanitta nigra\" data-image-description=\"\" data-medium-file=\"https:\/\/blogs.nabu.de\/trischen\/wp-content\/uploads\/sites\/7\/2026\/04\/146376020-e1777447697761-300x300.jpg\" data-large-file=\"https:\/\/blogs.nabu.de\/trischen\/wp-content\/uploads\/sites\/7\/2026\/04\/146376020-e1777447697761.jpg\" src=\"https:\/\/i0.wp.com\/blogs.nabu.de\/trischen\/wp-content\/uploads\/sites\/7\/2026\/04\/146376020-e1777447697761.jpg?w=936&#038;h=936&#038;crop=1&#038;ssl=1\" width=\"936\" height=\"936\" data-original-width=\"936\" data-original-height=\"936\" itemprop=\"http:\/\/schema.org\/image\" title=\"Trauerente - Melanitta nigra\" alt=\"Trauerente - Melanitta nigra\" style=\"width: 936px; height: 936px;\" \/> <\/a> <div class=\"tiled-gallery-caption\" itemprop=\"caption description\"> Trauerente &#8211; Melanitta nigra <\/div> <\/div> <\/div> <!-- close group --> <\/div> <!-- close row --> <\/div>\n<p>&nbsp;<\/p>\n<h3 data-path-to-node=\"2\">Terminhinweise<\/h3>\n<p data-path-to-node=\"3\">Zum Schluss m\u00f6chte ich noch auf zwei Termine hinweisen, die mir besonders am Herzen liegen:<\/p>\n<p data-path-to-node=\"3\"><b data-path-to-node=\"4\" data-index-in-node=\"0\">1. Mai: Tag der Arbeit<\/b><\/p>\n<p data-path-to-node=\"3\">Gerade in Zeiten, in denen die Errungenschaften der ArbeiterInnenbewegung zunehmend unter Beschuss stehen, ist es wichtig, sich zu organisieren und diese Errungenschaften zu verteidigen. Da ich hier drau\u00dfen die Stellung halten muss und mich nicht selbst an den Demonstrationen beteiligen kann, hoffe ich auf euch: Vielleicht k\u00f6nnen diejenigen, die es bisher noch nicht getan haben, an meiner statt auf die Stra\u00dfe gehen. Selbst auf das Hissen einer roten Fahne muss ich dieses Jahr verzichten \u2013 so sehr ich es gerne t\u00e4te, die Gefahr, dass sie als offizielles Seezeichen missverstanden wird, ist mir doch zu gro\u00df.<\/p>\n<p data-path-to-node=\"3\"><b data-path-to-node=\"5\" data-index-in-node=\"0\">2. Mai: Birdrace des DDA<\/b><\/p>\n<p data-path-to-node=\"3\">Direkt im Anschluss folgt der f\u00fcr &#8222;Birder&#8220; wohl wichtigste Tag im Jahr: Das <a href=\"https:\/\/birdrace.dda-web.de\/\">Birdrace<\/a> des Dachverbandes Deutscher Avifaunisten.<\/p>\n<p data-path-to-node=\"3\">Auch wenn ich dieses Jahr zumindest physisch nicht gemeinsam mit meinem Team, den \u201eRothausschw\u00e4nzen\u201c, durch die Gegend ziehen kann, werde ich hier auf Trischen alles geben. Ich bin extrem gespannt, welche Arten mir vors Spektiv fliegen, und werde euch im Nachgang nat\u00fcrlich davon berichten. Im Gegensatz zum oft recht sportlichen Programm in S\u00fcdbaden freue ich mich dieses Jahr auf ein etwas entspannteres, beinschonendes &#8222;Rennen&#8220; direkt von der H\u00fctte aus.<\/p>\n<p data-path-to-node=\"3\"><strong>In diesem Sinne w\u00fcnsche ich euch allen einen k\u00e4mpferischen 1. Mai und &#8222;Gut Glas&#8220; f\u00fcrs diesj\u00e4hrige Birdrace!\u00a0<\/strong><\/p>\n<p data-path-to-node=\"3\"><em><strong>Trischen, den 29.04.2026<\/strong><\/em><\/p>\n<!-- Begin Yuzo --><div class='yuzo_related_post style-1'  data-version='5.12.74'><!-- without result --><div class='yuzo_clearfixed yuzo__title yuzo__title'><h3>Related Post<\/h3><\/div>\n\t\t\t\t\t\t  <div class=\"relatedthumb \" style=\"width:145px;float:left;overflow:hidden;\">  \n\t\t\t\t\t\t\t  \n\t\t\t\t\t\t\t  <a  href=\"https:\/\/blogs.nabu.de\/trischen\/fruehling-im-wattenmeer\/\"  >\n\t\t\t\t\t\t\t\t\t  <div class=\"yuzo-img-wrap \" style=\"width: 145px;height:145px;\">\n\t\t\t\t\t\t\t\t\t\t\n\t\t\t\t\t\t\t\t\t\t<div class=\"yuzo-img\" style=\"background:url('https:\/\/blogs.nabu.de\/trischen\/wp-content\/uploads\/sites\/7\/2017\/03\/eipakete_web-150x150.jpg') 50% 50% no-repeat;width: 145px;height:145px;margin-bottom: 5px;background-size: cover; \"><\/div>\n\t\t\t\t\t\t\t\t\t  <\/div>\n\t\t\t\t\t\t\t\t\t  \n\t\t\t\t\t\t\t\t   <span class=\"yuzo__text--title\" style=\"font-size:14px;\">Fr\u00fchling im Wattenmeer<\/span>\n\t\t\t\t\t\t\t  \n\t\t\t\t\t\t\t  \n\t\t\t\t\t\t\t  <\/a>\n\n\t\t\t\t\t\t  <\/div>\n\t\t\t\t\t\t  <div class=\"relatedthumb \" style=\"width:145px;float:left;overflow:hidden;\">  \n\t\t\t\t\t\t\t  \n\t\t\t\t\t\t\t  <a  href=\"https:\/\/blogs.nabu.de\/trischen\/4791-2\/\"  >\n\t\t\t\t\t\t\t\t\t  <div class=\"yuzo-img-wrap \" style=\"width: 145px;height:145px;\">\n\t\t\t\t\t\t\t\t\t\t\n\t\t\t\t\t\t\t\t\t\t<div class=\"yuzo-img\" style=\"background:url('https:\/\/blogs.nabu.de\/trischen\/wp-content\/uploads\/sites\/7\/2019\/05\/Reh-in-Rosa-Rugosa-150x150.jpg') 50% 50% no-repeat;width: 145px;height:145px;margin-bottom: 5px;background-size: cover; \"><\/div>\n\t\t\t\t\t\t\t\t\t  <\/div>\n\t\t\t\t\t\t\t\t\t  \n\t\t\t\t\t\t\t\t   <span class=\"yuzo__text--title\" style=\"font-size:14px;\"><\/span>\n\t\t\t\t\t\t\t  \n\t\t\t\t\t\t\t  \n\t\t\t\t\t\t\t  <\/a>\n\n\t\t\t\t\t\t  <\/div>\n\t\t\t\t\t\t  <div class=\"relatedthumb \" style=\"width:145px;float:left;overflow:hidden;\">  \n\t\t\t\t\t\t\t  \n\t\t\t\t\t\t\t  <a  href=\"https:\/\/blogs.nabu.de\/trischen\/massenzug-der-weisswangengaense\/\"  >\n\t\t\t\t\t\t\t\t\t  <div class=\"yuzo-img-wrap \" style=\"width: 145px;height:145px;\">\n\t\t\t\t\t\t\t\t\t\t\n\t\t\t\t\t\t\t\t\t\t<div class=\"yuzo-img\" style=\"background:url('https:\/\/blogs.nabu.de\/trischen\/wp-content\/uploads\/sites\/7\/2018\/05\/Weisswangengaense-150x150.jpg') 50% 50% no-repeat;width: 145px;height:145px;margin-bottom: 5px;background-size: cover; \"><\/div>\n\t\t\t\t\t\t\t\t\t  <\/div>\n\t\t\t\t\t\t\t\t\t  \n\t\t\t\t\t\t\t\t   <span class=\"yuzo__text--title\" style=\"font-size:14px;\">Massenzug der Wei\u00dfwangeng\u00e4nse \u00fcber Trischen<\/span>\n\t\t\t\t\t\t\t  \n\t\t\t\t\t\t\t  \n\t\t\t\t\t\t\t  <\/a>\n\n\t\t\t\t\t\t  <\/div>\n\t\t\t\t\t\t  <div class=\"relatedthumb \" style=\"width:145px;float:left;overflow:hidden;\">  \n\t\t\t\t\t\t\t  \n\t\t\t\t\t\t\t  <a  href=\"https:\/\/blogs.nabu.de\/trischen\/wattwelt\/\"  >\n\t\t\t\t\t\t\t\t\t  <div class=\"yuzo-img-wrap \" style=\"width: 145px;height:145px;\">\n\t\t\t\t\t\t\t\t\t\t\n\t\t\t\t\t\t\t\t\t\t<div class=\"yuzo-img\" style=\"background:url('https:\/\/blogs.nabu.de\/trischen\/wp-content\/uploads\/sites\/7\/2018\/04\/P4040175-800x596-150x150.jpg') 50% 50% no-repeat;width: 145px;height:145px;margin-bottom: 5px;background-size: cover; \"><\/div>\n\t\t\t\t\t\t\t\t\t  <\/div>\n\t\t\t\t\t\t\t\t\t  \n\t\t\t\t\t\t\t\t   <span class=\"yuzo__text--title\" style=\"font-size:14px;\">Wattwelt<\/span>\n\t\t\t\t\t\t\t  \n\t\t\t\t\t\t\t  \n\t\t\t\t\t\t\t  <\/a>\n\n\t\t\t\t\t\t  <\/div>\n<\/div> <style>\n\t\t\t\t\t\t\t\t.yuzo_related_post img{width:155px !important; height:145px !important;}\n\t\t\t\t\t\t\t\t.yuzo_related_post .relatedthumb{line-height:16px;background: !important;color:!important;}\n\t\t\t\t\t\t\t\t.yuzo_related_post .relatedthumb:hover{background:#fcfcf4 !important; -webkit-transition: background 0.2s linear; -moz-transition: background 0.2s linear; -o-transition: background 0.2s linear; transition: background 0.2s linear;;color:!important;}\n\t\t\t\t\t\t\t\t.yuzo_related_post .relatedthumb a{color:!important;}\n\t\t\t\t\t\t\t\t.yuzo_related_post .relatedthumb a:hover{ color:}!important;}\n\t\t\t\t\t\t\t\t.yuzo_related_post .relatedthumb:hover a{ color:!important;}\n\t\t\t\t\t\t\t\t.yuzo_related_post .yuzo_text {color:!important;}\n\t\t\t\t\t\t\t\t.yuzo_related_post .relatedthumb:hover .yuzo_text {color:!important;}\n\t\t\t\t\t\t\t\t.yuzo_related_post .relatedthumb{  margin: 0px  0px  0px  0px;   padding: 5px  5px  5px  5px;  }\n\t\t\t\t\t\t\t\t\n\t\t\t\t\t\t\t\t<\/style> <script>\n\t\t\t\t\t\t  jQuery(document).ready(function( $ ){\n\t\t\t\t\t\t\t\/\/jQuery('.yuzo_related_post').equalizer({ overflow : 'relatedthumb' });\n\t\t\t\t\t\t\tjQuery('.yuzo_related_post .yuzo_wraps').equalizer({ columns : '> div' });\n\t\t\t\t\t\t   })\n\t\t\t\t\t\t  <\/script> <!-- End Yuzo :) -->","protected":false},"excerpt":{"rendered":"<p>Nach meinem letzten, eher pers\u00f6nlichen Einblick wird es heute wieder etwas fachlicher. Wie bereits angek\u00fcndigt, m\u00f6chte ich mich in diesem Beitrag mit dem besch\u00e4ftigen, was neben M\u00fcll und [&hellip;]<\/p>\n","protected":false},"author":192,"featured_media":8522,"comment_status":"closed","ping_status":"closed","sticky":false,"template":"","format":"standard","meta":{"jetpack_post_was_ever_published":false},"categories":[18,10,17],"tags":[84,28,46,74,137,246],"jetpack_featured_media_url":"https:\/\/blogs.nabu.de\/trischen\/wp-content\/uploads\/sites\/7\/2026\/04\/XE5Y1216.jpg","jetpack_shortlink":"https:\/\/wp.me\/p7gGqE-2dA","jetpack-related-posts":[{"id":8345,"url":"https:\/\/blogs.nabu.de\/trischen\/sensation-diesmal-wirklich-im-lockgebuesch-und-die-ersten-14-tage-auf-trischen\/","url_meta":{"origin":8530,"position":0},"title":"Sensation (diesmal wirklich!) im Lockgeb\u00fcsch und die ersten 14 Tage auf Trischen","date":"3. April 2026","format":false,"excerpt":"Moin zusammen! Zuerst einmal die wichtigste Nachricht f\u00fcr alle, die in den letzten Tagen den Horizont nach \u00e4gyptischen Bergungshubschraubern abgesucht haben: April, April! Der vermeintliche Sarkophag entpuppte sich bei genauerer Betrachtung als ein alter Backstein, vermutlich ein \u00dcberbleibsel des Luisenhofes, einem landwirtschaftlichen Betrieb, den es fr\u00fcher einmal auf Trischen gab.\u2026","rel":"","context":"In &quot;Allgemein&quot;","img":{"alt_text":"Weibliches Schwarzkehlchen (Saxicola rubicola \/ European Stonechat) mit Farbring am Bein, beringt in Schottland, jetzt auf der Insel Trischen.","src":"https:\/\/i0.wp.com\/blogs.nabu.de\/trischen\/wp-content\/uploads\/sites\/7\/2026\/04\/DSCF2723-scaled.jpg?resize=350%2C200&ssl=1","width":350,"height":200},"classes":[]},{"id":7680,"url":"https:\/\/blogs.nabu.de\/trischen\/die-vogelgrippe-auf-trischen\/","url_meta":{"origin":8530,"position":1},"title":"Die Vogelgrippe auf Trischen","date":"20. April 2024","format":false,"excerpt":"Moin, liebe Blog-Leser:innen, seit meiner Ankunft achte ich bei meinen Touren \u00fcber Strand, D\u00fcne und Salzwiese auf alles was so herumliegt: interessante Fundst\u00fccke an M\u00fcll, Bernstein, ein altes 5 Mark St\u00fcck oder Quitscheentchen. Irgendetwas Neues findet sich meistens. Was ich vor allem viel finde, sind verendete V\u00f6gel. Mein Vorg\u00e4nger Till\u2026","rel":"","context":"In &quot;Allgemein&quot;","img":{"alt_text":"","src":"https:\/\/i0.wp.com\/blogs.nabu.de\/trischen\/wp-content\/uploads\/sites\/7\/2024\/04\/photo_2024-04-19_14-49-42-e1713531345700.jpg?resize=350%2C200","width":350,"height":200},"classes":[]},{"id":8420,"url":"https:\/\/blogs.nabu.de\/trischen\/strandgut-muell-und-flaschenpost\/","url_meta":{"origin":8530,"position":2},"title":"Strandgut, M\u00fcll und Flaschenpost","date":"15. April 2026","format":false,"excerpt":"Schon als Kind bin ich immer gerne mit meinem Opa auf Sperrm\u00fclltour gegangen. Er war sein Berufsleben lang Friseurmeister, aber im Herzen ist er leidenschaftlicher und begnadeter Restaurator, mit einem besonderen Blick f\u00fcr den Wert in Dingen, die andere l\u00e4ngst aufgegeben haben. Diese Sichtweise hat mich schon immer fasziniert und\u2026","rel":"","context":"In &quot;Strandfunde&quot;","img":{"alt_text":"","src":"https:\/\/i0.wp.com\/blogs.nabu.de\/trischen\/wp-content\/uploads\/sites\/7\/2026\/04\/XE5Y1202-scaled.jpg?resize=350%2C200","width":350,"height":200},"classes":[]},{"id":120,"url":"https:\/\/blogs.nabu.de\/trischen\/vogelwelt-auf-trischen\/","url_meta":{"origin":8530,"position":3},"title":"Vogelwelt auf Trischen","date":"25. Februar 2016","format":false,"excerpt":"Seit dem Jahr 2000 wurden auf Trischen 244 Vogelarten gesichtet, das sind die Brut- und Gastvogelarten sowie die Totfunde vom Strand. Jedes Jahr tauchen unterschiedliche Vogelarten auf.","rel":"","context":"In &quot;Schaufenster&quot;","img":{"alt_text":"","src":"","width":0,"height":0},"classes":[]},{"id":4744,"url":"https:\/\/blogs.nabu.de\/trischen\/ich-praesentiere-das-lockgebuesch\/","url_meta":{"origin":8530,"position":4},"title":"Ich pr\u00e4sentiere: Das Lockgeb\u00fcsch","date":"8. Mai 2019","format":false,"excerpt":"Heute w\u00e4re auf Trischen ein wesentlich besserer Tag f\u00fcr ein birdrace gewesen. Und das ist unter anderem dem Lockgeb\u00fcsch zu verdanken. Wie ich in einigen Beitr\u00e4gen bereits erw\u00e4hnte, w\u00e4chst hier auf Trischen nichts so richtig in die H\u00f6he. Es gibt keine B\u00e4ume und nur wenige Str\u00e4ucher. Die kleine H\u00fctte ragt\u2026","rel":"","context":"In &quot;Beobachtungen&quot;","img":{"alt_text":"","src":"https:\/\/i0.wp.com\/blogs.nabu.de\/trischen\/wp-content\/uploads\/sites\/7\/2019\/05\/IMG_2725.jpg?resize=350%2C200&ssl=1","width":350,"height":200},"classes":[]},{"id":4959,"url":"https:\/\/blogs.nabu.de\/trischen\/occupy-lockgebuesch\/","url_meta":{"origin":8530,"position":5},"title":"&#8222;Occupy Lockgeb\u00fcsch&#8220;","date":"14. Juni 2019","format":false,"excerpt":"\u00a0 Heute morgen klang mein Wecker etwas anders als sonst, denn die H\u00fctte war bereits in den fr\u00fchen Morgenstunden von Staren belagert. Immer wieder kamen Schw\u00e4rme vorbei, setzten sich auf die Treppe, den Umlauf und eben auch in das Lockgeb\u00fcsch, das sich unter ihrem Gewicht zu biegen schien. Die Trupps\u2026","rel":"","context":"In &quot;Beobachtungen&quot;","img":{"alt_text":"","src":"https:\/\/i0.wp.com\/blogs.nabu.de\/trischen\/wp-content\/uploads\/sites\/7\/2019\/06\/Occupation.jpg?resize=350%2C200&ssl=1","width":350,"height":200},"classes":[]}],"jetpack_sharing_enabled":true,"_links":{"self":[{"href":"https:\/\/blogs.nabu.de\/trischen\/wp-json\/wp\/v2\/posts\/8530"}],"collection":[{"href":"https:\/\/blogs.nabu.de\/trischen\/wp-json\/wp\/v2\/posts"}],"about":[{"href":"https:\/\/blogs.nabu.de\/trischen\/wp-json\/wp\/v2\/types\/post"}],"author":[{"embeddable":true,"href":"https:\/\/blogs.nabu.de\/trischen\/wp-json\/wp\/v2\/users\/192"}],"replies":[{"embeddable":true,"href":"https:\/\/blogs.nabu.de\/trischen\/wp-json\/wp\/v2\/comments?post=8530"}],"version-history":[{"count":16,"href":"https:\/\/blogs.nabu.de\/trischen\/wp-json\/wp\/v2\/posts\/8530\/revisions"}],"predecessor-version":[{"id":8546,"href":"https:\/\/blogs.nabu.de\/trischen\/wp-json\/wp\/v2\/posts\/8530\/revisions\/8546"}],"wp:featuredmedia":[{"embeddable":true,"href":"https:\/\/blogs.nabu.de\/trischen\/wp-json\/wp\/v2\/media\/8522"}],"wp:attachment":[{"href":"https:\/\/blogs.nabu.de\/trischen\/wp-json\/wp\/v2\/media?parent=8530"}],"wp:term":[{"taxonomy":"category","embeddable":true,"href":"https:\/\/blogs.nabu.de\/trischen\/wp-json\/wp\/v2\/categories?post=8530"},{"taxonomy":"post_tag","embeddable":true,"href":"https:\/\/blogs.nabu.de\/trischen\/wp-json\/wp\/v2\/tags?post=8530"}],"curies":[{"name":"wp","href":"https:\/\/api.w.org\/{rel}","templated":true}]}}