{"id":8037,"date":"2025-06-18T14:52:16","date_gmt":"2025-06-18T12:52:16","guid":{"rendered":"https:\/\/blogs.nabu.de\/trischen\/?p=8037"},"modified":"2025-06-18T15:31:47","modified_gmt":"2025-06-18T13:31:47","slug":"sommerzeit-ist-seehundzeit-seehunde-heuler-und-der-kreislauf-der-natur","status":"publish","type":"post","link":"https:\/\/blogs.nabu.de\/trischen\/sommerzeit-ist-seehundzeit-seehunde-heuler-und-der-kreislauf-der-natur\/","title":{"rendered":"Sommerzeit ist Seehundzeit: Seehunde, Heuler und der Kreislauf der Natur"},"content":{"rendered":"<p>Zurzeit kann ich an der S\u00fcd- und Nordspitze der Insel viele Seehundm\u00fctter mit ihren frisch geborenen Jungtieren beobachten, manchmal sogar direkt am Strand vor meiner H\u00fctte. Von Ende Mai bis Anfang Juli werden die Seehundwelpen auf ungest\u00f6rten Sandb\u00e4nken geboren. Hierf\u00fcr ist Trischen also ein idealer Ort.<\/p>\n<p>Seehunde \u2013 im allgemeinen Sprachgebrauch oft einfach als Robben bezeichnet \u2013 sind die bekanntesten Meeress\u00e4uger unserer K\u00fcsten. Seit den 1990er Jahren hat sich ihr Bestand im Wattenmeer erfreulich erholt. 2024 wurden im schleswig-holsteinischen Wattenmeer etwa 8.500 Tiere gez\u00e4hlt. Seit 2020 ist jedoch ein leichter R\u00fcckgang zu beobachten \u2013 die genauen Ursachen sind bislang unklar <a href=\"https:\/\/www.waddensea-worldheritage.org\/sites\/default\/files\/Harbour_Seal_Report_2024.pdf\" target=\"_blank\" rel=\"noopener\">(Galatius et. al., 2024<\/a>)<\/p>\n<p>Seehundjunge k\u00f6nnen unmittelbar nach der Geburt schwimmen und folgen instinktiv ihren M\u00fcttern. Das ist auch notwendig, denn viele Sandb\u00e4nke im Wattenmeer werden bei Flut vollst\u00e4ndig \u00fcbersp\u00fclt. Sie dienen den Tieren nur w\u00e4hrend Ebbe als Ruhe-, Geburts- und S\u00e4ugepl\u00e4tze.<\/p>\n<div id=\"attachment_8041\" style=\"width: 1290px\" class=\"wp-caption alignnone\"><img aria-describedby=\"caption-attachment-8041\" data-attachment-id=\"8041\" data-permalink=\"https:\/\/blogs.nabu.de\/trischen\/sommerzeit-ist-seehundzeit-seehunde-heuler-und-der-kreislauf-der-natur\/photo_2025-06-18_14-35-58\/\" data-orig-file=\"https:\/\/blogs.nabu.de\/trischen\/wp-content\/uploads\/sites\/7\/2025\/06\/photo_2025-06-18_14-35-58.jpg\" data-orig-size=\"1280,960\" data-comments-opened=\"0\" data-image-meta=\"{&quot;aperture&quot;:&quot;0&quot;,&quot;credit&quot;:&quot;&quot;,&quot;camera&quot;:&quot;&quot;,&quot;caption&quot;:&quot;&quot;,&quot;created_timestamp&quot;:&quot;0&quot;,&quot;copyright&quot;:&quot;&quot;,&quot;focal_length&quot;:&quot;0&quot;,&quot;iso&quot;:&quot;0&quot;,&quot;shutter_speed&quot;:&quot;0&quot;,&quot;title&quot;:&quot;&quot;,&quot;orientation&quot;:&quot;0&quot;}\" data-image-title=\"photo_2025-06-18_14-35-58\" data-image-description=\"\" data-image-caption=\"&lt;p&gt;Seehundmutter mit Jungtier&lt;\/p&gt;\n\" data-medium-file=\"https:\/\/blogs.nabu.de\/trischen\/wp-content\/uploads\/sites\/7\/2025\/06\/photo_2025-06-18_14-35-58-300x225.jpg\" data-large-file=\"https:\/\/blogs.nabu.de\/trischen\/wp-content\/uploads\/sites\/7\/2025\/06\/photo_2025-06-18_14-35-58-1000x750.jpg\" decoding=\"async\" loading=\"lazy\" class=\"size-full wp-image-8041\" src=\"https:\/\/blogs.nabu.de\/trischen\/wp-content\/uploads\/sites\/7\/2025\/06\/photo_2025-06-18_14-35-58.jpg\" alt=\"\" width=\"1280\" height=\"960\" \/><p id=\"caption-attachment-8041\" class=\"wp-caption-text\">Seehundmutter mit Jungtier<\/p><\/div>\n<p>Immer wieder kommt es durch St\u00f6rungen oder Sturmfluten dazu, dass sich Mutter und Kind verlieren. Verlassene Jungtiere nennt man \u201eHeuler\u201c \u2013 benannt nach den klagenden Lauten, die als Kontaktrufe zur Mutter dienen.<\/p>\n<p>Auch hier auf Trischen finde ich zurzeit immer wieder Heuler am Strand. Viele Jungtiere verschwinden bereits nach einer Nacht \u2013 meist weil die Mutter zur\u00fcckkehrt. Andere finden ihre M\u00fctter nicht mehr und sterben.<\/p>\n<p>Trischen liegt in der streng gesch\u00fctzten Schutzzone 1 des Nationalparks. Hier gilt: \u201eNatur Natur sein lassen\u201c. Deshalb wird in den meisten F\u00e4llen nicht eingegriffen. Dann sind sie eine wichtige Nahrungsquelle f\u00fcr zahlreiche aasfressende Insekten, die durch das Wegr\u00e4umen von Kadavern selten geworden sind. S\u00e4ugetierkadaver \u00fcbernehmen n\u00e4mlich eine wichtige Rolle in unserem \u00d6kosystem. Hierf\u00fcr werden auch auf Trischen tote Meeress\u00e4uger beprobt. Die Datenaufnahme ist Teil eines <a href=\"https:\/\/www.nationalpark-bayerischer-wald.bayern.de\/forschung\/projekte\/luderplatz_monitoring.htm\">Projekts des Nationalparks Bayerischer Wald<\/a>.<\/p>\n<div id=\"attachment_8040\" style=\"width: 1290px\" class=\"wp-caption alignnone\"><img aria-describedby=\"caption-attachment-8040\" data-attachment-id=\"8040\" data-permalink=\"https:\/\/blogs.nabu.de\/trischen\/sommerzeit-ist-seehundzeit-seehunde-heuler-und-der-kreislauf-der-natur\/photo_2025-06-18_14-34-20\/\" data-orig-file=\"https:\/\/blogs.nabu.de\/trischen\/wp-content\/uploads\/sites\/7\/2025\/06\/photo_2025-06-18_14-34-20.jpg\" data-orig-size=\"1280,960\" data-comments-opened=\"0\" data-image-meta=\"{&quot;aperture&quot;:&quot;0&quot;,&quot;credit&quot;:&quot;&quot;,&quot;camera&quot;:&quot;&quot;,&quot;caption&quot;:&quot;&quot;,&quot;created_timestamp&quot;:&quot;0&quot;,&quot;copyright&quot;:&quot;&quot;,&quot;focal_length&quot;:&quot;0&quot;,&quot;iso&quot;:&quot;0&quot;,&quot;shutter_speed&quot;:&quot;0&quot;,&quot;title&quot;:&quot;&quot;,&quot;orientation&quot;:&quot;0&quot;}\" data-image-title=\"photo_2025-06-18_14-34-20\" data-image-description=\"\" data-image-caption=\"&lt;p&gt;Etwa eine Woche alter Kadaver eines Heulers&lt;\/p&gt;\n\" data-medium-file=\"https:\/\/blogs.nabu.de\/trischen\/wp-content\/uploads\/sites\/7\/2025\/06\/photo_2025-06-18_14-34-20-300x225.jpg\" data-large-file=\"https:\/\/blogs.nabu.de\/trischen\/wp-content\/uploads\/sites\/7\/2025\/06\/photo_2025-06-18_14-34-20-1000x750.jpg\" decoding=\"async\" loading=\"lazy\" class=\"size-full wp-image-8040\" src=\"https:\/\/blogs.nabu.de\/trischen\/wp-content\/uploads\/sites\/7\/2025\/06\/photo_2025-06-18_14-34-20.jpg\" alt=\"\" width=\"1280\" height=\"960\" \/><p id=\"caption-attachment-8040\" class=\"wp-caption-text\">Etwa eine Woche alter Kadaver eines Heulers<\/p><\/div>\n<p>Wichtig ist jedoch: Nicht jeder Heuler ist wirklich verlassen. H\u00e4ufig sind die M\u00fctter nur auf Nahrungssuche und kehren zur\u00fcck. Au\u00dferdem sind die Zeiten in denen die Jungtiere ges\u00e4ugt werden k\u00f6nnen begrenzt. Dies geht n\u00e4mlich nur an Land, w\u00e4hrend das Meer, die Sandb\u00e4nke bei Ebbe wieder freilegt. Wer also einen Heuler findet, sollte immer Abstand halten, Hunde anleinen und die zust\u00e4ndige Polizei oder Seehundstation benachrichtigen. Wenn das Tier tats\u00e4chlich Hilfe braucht, wird es, im schleswig-holsteinischen Wattenmeer, zur Seehundstation in Friedrichskoog gebracht, dort aufgep\u00e4ppelt und sp\u00e4ter wieder ausgewildert. Weitere Informationen finden sich auf der <a href=\"https:\/\/www.seehundstation-friedrichskoog.de\/heuler-robbe-am-strand\/\">Homepage<\/a> der Seehundstation.<\/p>\n<div id=\"attachment_8039\" style=\"width: 1290px\" class=\"wp-caption alignnone\"><img aria-describedby=\"caption-attachment-8039\" data-attachment-id=\"8039\" data-permalink=\"https:\/\/blogs.nabu.de\/trischen\/sommerzeit-ist-seehundzeit-seehunde-heuler-und-der-kreislauf-der-natur\/photo_2025-06-18_14-24-48\/\" data-orig-file=\"https:\/\/blogs.nabu.de\/trischen\/wp-content\/uploads\/sites\/7\/2025\/06\/photo_2025-06-18_14-24-48.jpg\" data-orig-size=\"1280,960\" data-comments-opened=\"0\" data-image-meta=\"{&quot;aperture&quot;:&quot;0&quot;,&quot;credit&quot;:&quot;&quot;,&quot;camera&quot;:&quot;&quot;,&quot;caption&quot;:&quot;&quot;,&quot;created_timestamp&quot;:&quot;0&quot;,&quot;copyright&quot;:&quot;&quot;,&quot;focal_length&quot;:&quot;0&quot;,&quot;iso&quot;:&quot;0&quot;,&quot;shutter_speed&quot;:&quot;0&quot;,&quot;title&quot;:&quot;&quot;,&quot;orientation&quot;:&quot;0&quot;}\" data-image-title=\"photo_2025-06-18_14-24-48\" data-image-description=\"\" data-image-caption=\"\" data-medium-file=\"https:\/\/blogs.nabu.de\/trischen\/wp-content\/uploads\/sites\/7\/2025\/06\/photo_2025-06-18_14-24-48-300x225.jpg\" data-large-file=\"https:\/\/blogs.nabu.de\/trischen\/wp-content\/uploads\/sites\/7\/2025\/06\/photo_2025-06-18_14-24-48-1000x750.jpg\" decoding=\"async\" loading=\"lazy\" class=\"wp-image-8039 size-full\" src=\"https:\/\/blogs.nabu.de\/trischen\/wp-content\/uploads\/sites\/7\/2025\/06\/photo_2025-06-18_14-24-48.jpg\" alt=\"\" width=\"1280\" height=\"960\" \/><p id=\"caption-attachment-8039\" class=\"wp-caption-text\">Zwei &#8222;Heuler&#8220; auf Trischen &#8211; am guten Ern\u00e4hrungszustand ist jedoch erkennbar, dass sie nicht in Not sind<\/p><\/div>\n<p>Die meiste Zeit bekommt man Seehunde nur aus der Ferne zu Gesicht \u2013 was auch gut ist, denn so bleiben sie ungest\u00f6rt. Wer Seehunde ganz aus der N\u00e4he sehen m\u00f6chte ohne zu st\u00f6ren, kann die Seehundstation Friedrichskoog besuchen. Um Seehunde in freier Wildbahn zu erleben, lohnt sich eine der vielen gef\u00fchrten Ausflugsschifffahrten. Von dort aus lassen sich die Tiere mit etwas Gl\u00fcck beim Ruhen oder Schwimmen beobachten.<\/p>\n<p>&nbsp;<\/p>\n<p>Genie\u00dft euren Sommer \u2013 ob mit oder ohne Seehundbeobachtung!<\/p>\n<p>&nbsp;<\/p>\n<p>Eure Naturschutzwartin 2025<br \/>\n<em>Mareike Espenschied<\/em><\/p>\n<!-- Begin Yuzo --><div class='yuzo_related_post style-1'  data-version='5.12.74'><!-- without result --><div class='yuzo_clearfixed yuzo__title yuzo__title'><h3>Related Post<\/h3><\/div>\n\t\t\t\t\t\t  <div class=\"relatedthumb \" style=\"width:145px;float:left;overflow:hidden;\">  \n\t\t\t\t\t\t\t  \n\t\t\t\t\t\t\t  <a  href=\"https:\/\/blogs.nabu.de\/trischen\/skua-tagebuch\/\"  >\n\t\t\t\t\t\t\t\t\t  <div class=\"yuzo-img-wrap \" style=\"width: 145px;height:145px;\">\n\t\t\t\t\t\t\t\t\t\t\n\t\t\t\t\t\t\t\t\t\t<div class=\"yuzo-img\" style=\"background:url('https:\/\/blogs.nabu.de\/trischen\/wp-content\/uploads\/sites\/7\/2019\/04\/IMG_0741-150x150.jpg') 50% 50% no-repeat;width: 145px;height:145px;margin-bottom: 5px;background-size: cover; \"><\/div>\n\t\t\t\t\t\t\t\t\t  <\/div>\n\t\t\t\t\t\t\t\t\t  \n\t\t\t\t\t\t\t\t   <span class=\"yuzo__text--title\" style=\"font-size:14px;\">Skua-Tagebuch<\/span>\n\t\t\t\t\t\t\t  \n\t\t\t\t\t\t\t  \n\t\t\t\t\t\t\t  <\/a>\n\n\t\t\t\t\t\t  <\/div>\n\t\t\t\t\t\t  <div class=\"relatedthumb \" style=\"width:145px;float:left;overflow:hidden;\">  \n\t\t\t\t\t\t\t  \n\t\t\t\t\t\t\t  <a  href=\"https:\/\/blogs.nabu.de\/trischen\/der-greif\/\"  >\n\t\t\t\t\t\t\t\t\t  <div class=\"yuzo-img-wrap \" style=\"width: 145px;height:145px;\">\n\t\t\t\t\t\t\t\t\t\t\n\t\t\t\t\t\t\t\t\t\t<div class=\"yuzo-img\" style=\"background:url('https:\/\/blogs.nabu.de\/trischen\/wp-content\/plugins\/yuzo-related-post\/assets\/images\/default.png') 50% 50% no-repeat;width: 145px;height:145px;margin-bottom: 5px;background-size: cover; \"><\/div>\n\t\t\t\t\t\t\t\t\t  <\/div>\n\t\t\t\t\t\t\t\t\t  \n\t\t\t\t\t\t\t\t   <span class=\"yuzo__text--title\" style=\"font-size:14px;\">Der Greif<\/span>\n\t\t\t\t\t\t\t  \n\t\t\t\t\t\t\t  \n\t\t\t\t\t\t\t  <\/a>\n\n\t\t\t\t\t\t  <\/div>\n\t\t\t\t\t\t  <div class=\"relatedthumb \" style=\"width:145px;float:left;overflow:hidden;\">  \n\t\t\t\t\t\t\t  \n\t\t\t\t\t\t\t  <a  href=\"https:\/\/blogs.nabu.de\/trischen\/sommerhochwasser-kennt-keine-gnade\/\"  >\n\t\t\t\t\t\t\t\t\t  <div class=\"yuzo-img-wrap \" style=\"width: 145px;height:145px;\">\n\t\t\t\t\t\t\t\t\t\t\n\t\t\t\t\t\t\t\t\t\t<div class=\"yuzo-img\" style=\"background:url('https:\/\/blogs.nabu.de\/trischen\/wp-content\/uploads\/sites\/7\/2018\/06\/IMG_7092-150x150.jpg') 50% 50% no-repeat;width: 145px;height:145px;margin-bottom: 5px;background-size: cover; \"><\/div>\n\t\t\t\t\t\t\t\t\t  <\/div>\n\t\t\t\t\t\t\t\t\t  \n\t\t\t\t\t\t\t\t   <span class=\"yuzo__text--title\" style=\"font-size:14px;\">Sommerhochwasser kennt keine Gnade<\/span>\n\t\t\t\t\t\t\t  \n\t\t\t\t\t\t\t  \n\t\t\t\t\t\t\t  <\/a>\n\n\t\t\t\t\t\t  <\/div>\n\t\t\t\t\t\t  <div class=\"relatedthumb \" style=\"width:145px;float:left;overflow:hidden;\">  \n\t\t\t\t\t\t\t  \n\t\t\t\t\t\t\t  <a  href=\"https:\/\/blogs.nabu.de\/trischen\/schoener-wohnen-mit-den-moewen-homestory-iii\/\"  >\n\t\t\t\t\t\t\t\t\t  <div class=\"yuzo-img-wrap \" style=\"width: 145px;height:145px;\">\n\t\t\t\t\t\t\t\t\t\t\n\t\t\t\t\t\t\t\t\t\t<div class=\"yuzo-img\" style=\"background:url('https:\/\/blogs.nabu.de\/trischen\/wp-content\/plugins\/yuzo-related-post\/assets\/images\/default.png') 50% 50% no-repeat;width: 145px;height:145px;margin-bottom: 5px;background-size: cover; \"><\/div>\n\t\t\t\t\t\t\t\t\t  <\/div>\n\t\t\t\t\t\t\t\t\t  \n\t\t\t\t\t\t\t\t   <span class=\"yuzo__text--title\" style=\"font-size:14px;\">Sch\u00f6ner wohnen mit den M\u00f6wen \u2013 Homestory III...<\/span>\n\t\t\t\t\t\t\t  \n\t\t\t\t\t\t\t  \n\t\t\t\t\t\t\t  <\/a>\n\n\t\t\t\t\t\t  <\/div>\n<\/div> <style>\n\t\t\t\t\t\t\t\t.yuzo_related_post img{width:155px !important; height:145px !important;}\n\t\t\t\t\t\t\t\t.yuzo_related_post .relatedthumb{line-height:16px;background: !important;color:!important;}\n\t\t\t\t\t\t\t\t.yuzo_related_post .relatedthumb:hover{background:#fcfcf4 !important; -webkit-transition: background 0.2s linear; -moz-transition: background 0.2s linear; -o-transition: background 0.2s linear; transition: background 0.2s linear;;color:!important;}\n\t\t\t\t\t\t\t\t.yuzo_related_post .relatedthumb a{color:!important;}\n\t\t\t\t\t\t\t\t.yuzo_related_post .relatedthumb a:hover{ color:}!important;}\n\t\t\t\t\t\t\t\t.yuzo_related_post .relatedthumb:hover a{ color:!important;}\n\t\t\t\t\t\t\t\t.yuzo_related_post .yuzo_text {color:!important;}\n\t\t\t\t\t\t\t\t.yuzo_related_post .relatedthumb:hover .yuzo_text {color:!important;}\n\t\t\t\t\t\t\t\t.yuzo_related_post .relatedthumb{  margin: 0px  0px  0px  0px;   padding: 5px  5px  5px  5px;  }\n\t\t\t\t\t\t\t\t\n\t\t\t\t\t\t\t\t<\/style> <script>\n\t\t\t\t\t\t  jQuery(document).ready(function( $ ){\n\t\t\t\t\t\t\t\/\/jQuery('.yuzo_related_post').equalizer({ overflow : 'relatedthumb' });\n\t\t\t\t\t\t\tjQuery('.yuzo_related_post .yuzo_wraps').equalizer({ columns : '> div' });\n\t\t\t\t\t\t   })\n\t\t\t\t\t\t  <\/script> <!-- End Yuzo :) -->","protected":false},"excerpt":{"rendered":"<p>Zurzeit kann ich an der S\u00fcd- und Nordspitze der Insel viele Seehundm\u00fctter mit ihren frisch geborenen Jungtieren beobachten, manchmal sogar direkt am Strand vor meiner H\u00fctte. Von Ende [&hellip;]<\/p>\n","protected":false},"author":182,"featured_media":8039,"comment_status":"closed","ping_status":"closed","sticky":false,"template":"","format":"image","meta":{"jetpack_post_was_ever_published":false},"categories":[18,10],"tags":[204,205,46],"jetpack_featured_media_url":"https:\/\/blogs.nabu.de\/trischen\/wp-content\/uploads\/sites\/7\/2025\/06\/photo_2025-06-18_14-24-48.jpg","jetpack_shortlink":"https:\/\/wp.me\/p7gGqE-25D","jetpack-related-posts":[{"id":665,"url":"https:\/\/blogs.nabu.de\/trischen\/kleiner-heuler-am-strand\/","url_meta":{"origin":8037,"position":0},"title":"Ein kleiner Seehund am Strand","date":"25. Mai 2016","format":false,"excerpt":"Seit gestern Nachmittag liegt ein kleiner Seehund bei mir am Strand! Seehunde (Phoca vitulina) geb\u00e4ren ihre Jungen in den fr\u00fchen Sommermonaten bei uns im Wattenmeer. Die M\u00fctter legen danach oftmals ihre Jungen am Strand ab um nach Nahrung im Wasser zu suchen. Vor allem auf abgelegenen Sandb\u00e4nken oder wenig genutzen\u2026","rel":"","context":"In &quot;Schaufenster&quot;","img":{"alt_text":"","src":"https:\/\/i0.wp.com\/blogs.nabu.de\/trischen\/wp-content\/uploads\/sites\/7\/2016\/05\/Heuler-III.jpg?resize=350%2C200&ssl=1","width":350,"height":200},"classes":[]},{"id":3765,"url":"https:\/\/blogs.nabu.de\/trischen\/welpen-am-strand-von-trischen\/","url_meta":{"origin":8037,"position":1},"title":"Welpen am Strand von Trischen","date":"16. Juni 2018","format":false,"excerpt":"Die Wurfsaison der Seehunde (Phoca vitulina) ist im vollen Gange. Auf den Sandb\u00e4nken rundherum und auf der Insel Trischen selbst sind derzeit \u00fcber 400 der pelzigen Wattenmeer-Bewohner zu beobachten. Bei Ebbe bringen sie dort ihre Jungen zur Welt. Wenn ich sie so gem\u00fctlich in der Sonne am Strand liegen sehe,\u2026","rel":"","context":"In &quot;Schaufenster&quot;","img":{"alt_text":"","src":"https:\/\/i0.wp.com\/blogs.nabu.de\/trischen\/wp-content\/uploads\/sites\/7\/2018\/06\/20180601_Trischen_Seehund.jpg?resize=350%2C200&ssl=1","width":350,"height":200},"classes":[]},{"id":4939,"url":"https:\/\/blogs.nabu.de\/trischen\/seehunde-mit-nachwuchs\/","url_meta":{"origin":8037,"position":2},"title":"Seehunde mit Nachwuchs","date":"9. Juni 2019","format":false,"excerpt":"In den Monaten Juni und Juli bekommen Seehunde ihre Welpen. Rings um Trischen kann ich bereits seit Mitte Mai Seehundweibchen mit ihrem Nachwuchs entdecken. Inzwischen dominieren die Meeress\u00e4uger (gemeinsam mit Eiderenten) meine Sicht durchs Spektiv, wenn ich gen S\u00fcd, West und Nord schaue. \u00dcberall auf den Sandb\u00e4nken und h\u00f6heren Wattfl\u00e4chen\u2026","rel":"","context":"In &quot;Schaufenster&quot;","img":{"alt_text":"","src":"https:\/\/i0.wp.com\/blogs.nabu.de\/trischen\/wp-content\/uploads\/sites\/7\/2019\/06\/Sonne.jpg?resize=350%2C200&ssl=1","width":350,"height":200},"classes":[]},{"id":2201,"url":"https:\/\/blogs.nabu.de\/trischen\/erste-seehundgeburt\/","url_meta":{"origin":8037,"position":3},"title":"Erste Seehundgeburt","date":"1. Mai 2017","format":false,"excerpt":"Am gestrigen Abend gab es auf der Nordseeinsel ein freudiges Ereignis: Der erste Seehund der Saison wurde geboren.","rel":"","context":"In &quot;Schaufenster&quot;","img":{"alt_text":"","src":"https:\/\/i0.wp.com\/blogs.nabu.de\/trischen\/wp-content\/uploads\/sites\/7\/2017\/05\/seehundjunges_web.jpg?resize=350%2C200&ssl=1","width":350,"height":200},"classes":[]},{"id":8387,"url":"https:\/\/blogs.nabu.de\/trischen\/insekten-im-wattenmeer\/","url_meta":{"origin":8037,"position":4},"title":"Insekten im Wattenmeer","date":"13. April 2026","format":false,"excerpt":"Moin! Den heutigen Blogeintrag muss ich mit einer Korrektur starten: Im letzten Eintrag habe ich behauptet, ich sei das einzige \"S\u00e4ugetier\" auf Trischen. Dabei habe ich v\u00f6llig die Seehunde unterschlagen, die sich gerade vor allem an der Nordspitze der Insel die Sonne auf den Bauch scheinen lassen. Nicht alles, was\u2026","rel":"","context":"In &quot;Allgemein&quot;","img":{"alt_text":"","src":"https:\/\/i0.wp.com\/blogs.nabu.de\/trischen\/wp-content\/uploads\/sites\/7\/2026\/04\/Screenshot-2026-04-13-121556-e1776075504773.png?resize=350%2C200","width":350,"height":200},"classes":[]},{"id":8530,"url":"https:\/\/blogs.nabu.de\/trischen\/totfunde-erstnachweis-und-das-etwas-andere-lockgebuesch\/","url_meta":{"origin":8037,"position":5},"title":"[Totfunde] Ein Erstnachweis und das etwas andere &#8222;Lockgeb\u00fcsch&#8220;","date":"29. April 2026","format":false,"excerpt":"Nach meinem letzten, eher pers\u00f6nlichen Einblick wird es heute wieder etwas fachlicher. Wie bereits angek\u00fcndigt, m\u00f6chte ich mich in diesem Beitrag mit dem besch\u00e4ftigen, was neben M\u00fcll und Plastik sonst noch hier auf Trischen angeschwemmt wird. Doch bevor wir zum \u201eAngeschwemmten\u201c kommen, blicken wir erst einmal auf etwas \u201eAngeflogenes\u201c, das\u2026","rel":"","context":"In &quot;Beobachtungen&quot;","img":{"alt_text":"","src":"https:\/\/i0.wp.com\/blogs.nabu.de\/trischen\/wp-content\/uploads\/sites\/7\/2026\/04\/XE5Y1216.jpg?resize=350%2C200&ssl=1","width":350,"height":200},"classes":[]}],"jetpack_sharing_enabled":true,"_links":{"self":[{"href":"https:\/\/blogs.nabu.de\/trischen\/wp-json\/wp\/v2\/posts\/8037"}],"collection":[{"href":"https:\/\/blogs.nabu.de\/trischen\/wp-json\/wp\/v2\/posts"}],"about":[{"href":"https:\/\/blogs.nabu.de\/trischen\/wp-json\/wp\/v2\/types\/post"}],"author":[{"embeddable":true,"href":"https:\/\/blogs.nabu.de\/trischen\/wp-json\/wp\/v2\/users\/182"}],"replies":[{"embeddable":true,"href":"https:\/\/blogs.nabu.de\/trischen\/wp-json\/wp\/v2\/comments?post=8037"}],"version-history":[{"count":4,"href":"https:\/\/blogs.nabu.de\/trischen\/wp-json\/wp\/v2\/posts\/8037\/revisions"}],"predecessor-version":[{"id":8045,"href":"https:\/\/blogs.nabu.de\/trischen\/wp-json\/wp\/v2\/posts\/8037\/revisions\/8045"}],"wp:featuredmedia":[{"embeddable":true,"href":"https:\/\/blogs.nabu.de\/trischen\/wp-json\/wp\/v2\/media\/8039"}],"wp:attachment":[{"href":"https:\/\/blogs.nabu.de\/trischen\/wp-json\/wp\/v2\/media?parent=8037"}],"wp:term":[{"taxonomy":"category","embeddable":true,"href":"https:\/\/blogs.nabu.de\/trischen\/wp-json\/wp\/v2\/categories?post=8037"},{"taxonomy":"post_tag","embeddable":true,"href":"https:\/\/blogs.nabu.de\/trischen\/wp-json\/wp\/v2\/tags?post=8037"}],"curies":[{"name":"wp","href":"https:\/\/api.w.org\/{rel}","templated":true}]}}