{"id":7769,"date":"2024-05-29T17:15:56","date_gmt":"2024-05-29T15:15:56","guid":{"rendered":"https:\/\/blogs.nabu.de\/trischen\/?p=7769"},"modified":"2024-05-29T17:34:23","modified_gmt":"2024-05-29T15:34:23","slug":"trischen-international-teil-2","status":"publish","type":"post","link":"https:\/\/blogs.nabu.de\/trischen\/trischen-international-teil-2\/","title":{"rendered":"Trischen International Teil 2"},"content":{"rendered":"<p>Moin liebe Blogleser:innen,<\/p>\n<p>heute geht es mal wieder um Vogelringe. Ein Teil meiner Arbeit besteht im Ablesen bereits beringter V\u00f6gel (<a href=\"https:\/\/blogs.nabu.de\/trischen\/trischen-international\/\">LINK<\/a>). Diese T\u00e4tigkeit ist in den letzten Wochen zu meiner Lieblingsbesch\u00e4ftigung und zu einem Nebenprojekt geworden. Ich war nicht unt\u00e4tig und stehe schon bei \u00fcber 500 Ablesungen.<\/p>\n<p>Hier auf der Insel werden bald die L\u00f6ffler, Silber- und Heringsm\u00f6wen beringt, ich freue mich sehr darauf. 2014 war ich w\u00e4hrend meines F\u00d6Js in Friedrichskoog bei der L\u00f6fflerberingung auf Trischen dabei, ein tolles Erlebnis. Mit drei der V\u00f6gel, die ich damals als K\u00fcken sehen und vielleicht auch einfangen durfte, gab es jetzt nach zehn Jahren ein Wiedersehen an ihrem Schlupfort. Ich konnte ihre Ringcodes in den letzten Tagen ablesen.<\/p>\n<p>Neue V\u00f6gel aus Norddeutschland waren auch dabei. Der L\u00f6ffler ist noch relativ frisch als Brutvogel im Wattenmeer, seit 2000 br\u00fctet er in Schleswig-Holstein und au\u00dferdem auf mittlweile sieben Inseln und Halligen. Ich hatte vor kurzem einen L\u00f6ffler von Hallig Oland, einer von Hallig S\u00fcdfall war auch schon vertreten. Die Kolonien hier an der Westk\u00fcste tauschen sich also aus. Eine der hier br\u00fctenden Silberm\u00f6wen stammt weit aus dem Nordosten, von Hiddensee. Eine weitere kommt von der Hallig Nordstrandischmoor, au\u00dferdem ist eine Silberm\u00f6we aus Schleswig immer wieder vor meiner Kamerafalle herumgelaufen. Der Sandregenpfeifer, \u00fcber den ich bereits berichtet hatte, hat \u00fcbrigens wieder auf Trischen gebr\u00fctet, sein Gelege lag unweit der H\u00fctte unter einem Plastikeimer.<\/p>\n<div id=\"attachment_7770\" style=\"width: 1290px\" class=\"wp-caption alignnone\"><img aria-describedby=\"caption-attachment-7770\" data-attachment-id=\"7770\" data-permalink=\"https:\/\/blogs.nabu.de\/trischen\/trischen-international-teil-2\/photo_2024-04-15_15-52-53\/\" data-orig-file=\"https:\/\/blogs.nabu.de\/trischen\/wp-content\/uploads\/sites\/7\/2024\/05\/photo_2024-04-15_15-52-53.jpg\" data-orig-size=\"1280,720\" data-comments-opened=\"0\" data-image-meta=\"{&quot;aperture&quot;:&quot;0&quot;,&quot;credit&quot;:&quot;&quot;,&quot;camera&quot;:&quot;&quot;,&quot;caption&quot;:&quot;&quot;,&quot;created_timestamp&quot;:&quot;0&quot;,&quot;copyright&quot;:&quot;&quot;,&quot;focal_length&quot;:&quot;0&quot;,&quot;iso&quot;:&quot;0&quot;,&quot;shutter_speed&quot;:&quot;0&quot;,&quot;title&quot;:&quot;&quot;,&quot;orientation&quot;:&quot;0&quot;}\" data-image-title=\"photo_2024-04-15_15-52-53\" data-image-description=\"\" data-image-caption=\"&lt;p&gt;Silberm\u00f6we H40W &#8211; treuer Gast vor der Kamerafalle&lt;\/p&gt;\n\" data-medium-file=\"https:\/\/blogs.nabu.de\/trischen\/wp-content\/uploads\/sites\/7\/2024\/05\/photo_2024-04-15_15-52-53-300x169.jpg\" data-large-file=\"https:\/\/blogs.nabu.de\/trischen\/wp-content\/uploads\/sites\/7\/2024\/05\/photo_2024-04-15_15-52-53-1000x563.jpg\" decoding=\"async\" loading=\"lazy\" class=\"size-full wp-image-7770\" src=\"https:\/\/blogs.nabu.de\/trischen\/wp-content\/uploads\/sites\/7\/2024\/05\/photo_2024-04-15_15-52-53.jpg\" alt=\"\" width=\"1280\" height=\"720\" \/><p id=\"caption-attachment-7770\" class=\"wp-caption-text\">Silberm\u00f6we H40W &#8211; treuer Gast vor der Kamerafalle<\/p><\/div>\n<p>Und jetzt wird es wieder international: Zu den internationalen G\u00e4sten kam ein Alpenstrandl\u00e4ufer, der in Wales beringt wurde hinzu, eine Heringsm\u00f6we die aus der N\u00e4he von Rotterdam stammt, L\u00f6ffler vom Ijsselmeer, von Schiermonnikoog und Terschelling und zwei besonders tolle Sanderlinge: Der eine der beiden wurde 2017 in Hampshire, genauer am Strand von Mengham beringt. Dort blieb er den Winter \u00fcber, wurde noch einige Male abgelesen und dann im April 2018 von Jonas Kotlarz, einem meiner Vorg\u00e4nger, hier auf Trischen am S\u00fcdstrand wiederentdeckt. Dort blieb er f\u00fcr mindestens drei Tage, um dann im August wieder in Hampshire aufzutauchen. Seither wird er j\u00e4hrlich im S\u00fcden von England beobachtet. Wieder im April, allerdings sechs Jahre sp\u00e4ter, sa\u00df der Vogel pl\u00f6tzlich wieder vor dem Vogelwart von Trischen, und zwar wieder am S\u00fcdstrand. Ich habe mich riesig gefreut, einen Sanderling zu finden, der ein Stammgast auf Trischen zu sein scheint. Zwei Wochen sp\u00e4ter konnte ich ihn noch einmal beobachten.<\/p>\n<div class=\"tiled-gallery type-rectangular tiled-gallery-unresized\" data-original-width=\"940\" data-carousel-extra='{&quot;blog_id&quot;:7,&quot;permalink&quot;:&quot;https:\\\/\\\/blogs.nabu.de\\\/trischen\\\/trischen-international-teil-2\\\/&quot;,&quot;likes_blog_id&quot;:107410700}' itemscope itemtype=\"http:\/\/schema.org\/ImageGallery\" > <div class=\"gallery-row\" style=\"width: 940px; height: 625px;\" data-original-width=\"940\" data-original-height=\"625\" > <div class=\"gallery-group images-1\" style=\"width: 470px; height: 625px;\" data-original-width=\"470\" data-original-height=\"625\" > <div class=\"tiled-gallery-item tiled-gallery-item-large\" itemprop=\"associatedMedia\" itemscope itemtype=\"http:\/\/schema.org\/ImageObject\"> <a href=\"https:\/\/blogs.nabu.de\/trischen\/trischen-international-teil-2\/photo_2024-05-29_15-35-47-2\/\" border=\"0\" itemprop=\"url\"> <meta itemprop=\"width\" content=\"466\"> <meta itemprop=\"height\" content=\"621\"> <img data-attachment-id=\"7774\" data-orig-file=\"https:\/\/blogs.nabu.de\/trischen\/wp-content\/uploads\/sites\/7\/2024\/05\/photo_2024-05-29_15-35-47-1.jpg\" data-orig-size=\"960,1280\" data-comments-opened=\"\" data-image-meta=\"{&quot;aperture&quot;:&quot;0&quot;,&quot;credit&quot;:&quot;&quot;,&quot;camera&quot;:&quot;&quot;,&quot;caption&quot;:&quot;&quot;,&quot;created_timestamp&quot;:&quot;0&quot;,&quot;copyright&quot;:&quot;&quot;,&quot;focal_length&quot;:&quot;0&quot;,&quot;iso&quot;:&quot;0&quot;,&quot;shutter_speed&quot;:&quot;0&quot;,&quot;title&quot;:&quot;&quot;,&quot;orientation&quot;:&quot;0&quot;}\" data-image-title=\"photo_2024-05-29_15-35-47\" data-image-description=\"\" data-medium-file=\"https:\/\/blogs.nabu.de\/trischen\/wp-content\/uploads\/sites\/7\/2024\/05\/photo_2024-05-29_15-35-47-1-225x300.jpg\" data-large-file=\"https:\/\/blogs.nabu.de\/trischen\/wp-content\/uploads\/sites\/7\/2024\/05\/photo_2024-05-29_15-35-47-1-750x1000.jpg\" src=\"https:\/\/i0.wp.com\/blogs.nabu.de\/trischen\/wp-content\/uploads\/sites\/7\/2024\/05\/photo_2024-05-29_15-35-47-1.jpg?w=466&#038;h=621&#038;ssl=1\" width=\"466\" height=\"621\" data-original-width=\"466\" data-original-height=\"621\" itemprop=\"http:\/\/schema.org\/image\" title=\"photo_2024-05-29_15-35-47\" alt=\"Der britische Sanderling als Stammgast\" style=\"width: 466px; height: 621px;\" \/> <\/a> <div class=\"tiled-gallery-caption\" itemprop=\"caption description\"> Der britische Sanderling als Stammgast <\/div> <\/div> <\/div> <!-- close group --> <div class=\"gallery-group images-1\" style=\"width: 470px; height: 625px;\" data-original-width=\"470\" data-original-height=\"625\" > <div class=\"tiled-gallery-item tiled-gallery-item-large\" itemprop=\"associatedMedia\" itemscope itemtype=\"http:\/\/schema.org\/ImageObject\"> <a href=\"https:\/\/blogs.nabu.de\/trischen\/trischen-international-teil-2\/photo_2024-05-29_15-19-26\/\" border=\"0\" itemprop=\"url\"> <meta itemprop=\"width\" content=\"466\"> <meta itemprop=\"height\" content=\"621\"> <img data-attachment-id=\"7773\" data-orig-file=\"https:\/\/blogs.nabu.de\/trischen\/wp-content\/uploads\/sites\/7\/2024\/05\/photo_2024-05-29_15-19-26.jpg\" data-orig-size=\"960,1280\" data-comments-opened=\"\" data-image-meta=\"{&quot;aperture&quot;:&quot;0&quot;,&quot;credit&quot;:&quot;&quot;,&quot;camera&quot;:&quot;&quot;,&quot;caption&quot;:&quot;&quot;,&quot;created_timestamp&quot;:&quot;0&quot;,&quot;copyright&quot;:&quot;&quot;,&quot;focal_length&quot;:&quot;0&quot;,&quot;iso&quot;:&quot;0&quot;,&quot;shutter_speed&quot;:&quot;0&quot;,&quot;title&quot;:&quot;&quot;,&quot;orientation&quot;:&quot;0&quot;}\" data-image-title=\"photo_2024-05-29_15-19-26\" data-image-description=\"\" data-medium-file=\"https:\/\/blogs.nabu.de\/trischen\/wp-content\/uploads\/sites\/7\/2024\/05\/photo_2024-05-29_15-19-26-225x300.jpg\" data-large-file=\"https:\/\/blogs.nabu.de\/trischen\/wp-content\/uploads\/sites\/7\/2024\/05\/photo_2024-05-29_15-19-26-750x1000.jpg\" src=\"https:\/\/i0.wp.com\/blogs.nabu.de\/trischen\/wp-content\/uploads\/sites\/7\/2024\/05\/photo_2024-05-29_15-19-26.jpg?w=466&#038;h=621&#038;ssl=1\" width=\"466\" height=\"621\" data-original-width=\"466\" data-original-height=\"621\" itemprop=\"http:\/\/schema.org\/image\" title=\"photo_2024-05-29_15-19-26\" alt=\"Sanderling aus Gr\u00f6nland\" style=\"width: 466px; height: 621px;\" \/> <\/a> <div class=\"tiled-gallery-caption\" itemprop=\"caption description\"> Sanderling aus Gr\u00f6nland <\/div> <\/div> <\/div> <!-- close group --> <\/div> <!-- close row --> <\/div>\n<p>Gestern war ich f\u00fcr die Springtidenz\u00e4hlung an der S\u00fcdspitze unterwegs, hier rasten zu Hochwasser immer viele Arten von Watv\u00f6geln. Beim Z\u00e4hlen fielen mir die bunten Beine an einem hin- und herrennenden Sanderling auf &#8211;\u00a0 ein beringter Vogel! Ich konnte Fotos durch mein Spektiv machen und so den Code ablesen. Kaum eingetragen auf der Meldeplattform kam auch das Ergebnis: Der Vogel wurde 2020 im Osten Gr\u00f6nlands beringt. Ich musste sofort an meinen Freund Beno\u00eet aus dem Elsass denken, wir z\u00e4hlen jeden Winter gemeinsam die Wasserv\u00f6gel am Rhein und Beno\u00eet reist j\u00e4hrlich f\u00fcr Forschungseins\u00e4tze nach Gr\u00f6nland. Ich schrieb ihm also eine Mail, dass ich einen gr\u00f6nlandischen Vogel entdeckt hatte und heute kam direkt die Antwort: Mit zwei Kollegen hat er seit 2010 an die 1.400 Sanderlinge im Nordosten Gr\u00f6nlands beringt. Ich habe also einen Vogel gesehen, den ein Bekannter von mir vermutlich schon in den H\u00e4nden hatte, allerdings 2.650 km entfernt. Wie klein die Welt doch ist.<\/p>\n<div id=\"attachment_7771\" style=\"width: 653px\" class=\"wp-caption alignnone\"><img aria-describedby=\"caption-attachment-7771\" data-attachment-id=\"7771\" data-permalink=\"https:\/\/blogs.nabu.de\/trischen\/trischen-international-teil-2\/unbenannt\/\" data-orig-file=\"https:\/\/blogs.nabu.de\/trischen\/wp-content\/uploads\/sites\/7\/2024\/05\/Unbenannt.png\" data-orig-size=\"643,483\" data-comments-opened=\"0\" data-image-meta=\"{&quot;aperture&quot;:&quot;0&quot;,&quot;credit&quot;:&quot;&quot;,&quot;camera&quot;:&quot;&quot;,&quot;caption&quot;:&quot;&quot;,&quot;created_timestamp&quot;:&quot;0&quot;,&quot;copyright&quot;:&quot;&quot;,&quot;focal_length&quot;:&quot;0&quot;,&quot;iso&quot;:&quot;0&quot;,&quot;shutter_speed&quot;:&quot;0&quot;,&quot;title&quot;:&quot;&quot;,&quot;orientation&quot;:&quot;0&quot;}\" data-image-title=\"Unbenannt\" data-image-description=\"\" data-image-caption=\"&lt;p&gt;Die Herkunft des Sanderlings&lt;\/p&gt;\n\" data-medium-file=\"https:\/\/blogs.nabu.de\/trischen\/wp-content\/uploads\/sites\/7\/2024\/05\/Unbenannt-300x225.png\" data-large-file=\"https:\/\/blogs.nabu.de\/trischen\/wp-content\/uploads\/sites\/7\/2024\/05\/Unbenannt.png\" decoding=\"async\" loading=\"lazy\" class=\"size-full wp-image-7771\" src=\"https:\/\/blogs.nabu.de\/trischen\/wp-content\/uploads\/sites\/7\/2024\/05\/Unbenannt.png\" alt=\"\" width=\"643\" height=\"483\" \/><p id=\"caption-attachment-7771\" class=\"wp-caption-text\">Die Herkunft des Sanderlings<\/p><\/div>\n<p>In den n\u00e4chsten Wochen werden die Zugv\u00f6gel weniger, sie sind in ihren Brutgebieten im hohen Norden eingetroffen. Ich muss mich mit dem Ablesen der hier ans\u00e4ssigen V\u00f6gel begn\u00fcgen. Aber ich freue mich jetzt schon sehr auf die R\u00fcckkehr der nordischen Zugv\u00f6gel, die dann zahlreich und hoffentlich mit vielen Ringen an den Beinen wieder hier auftauchen werden.<\/p>\n<p>Viele Gr\u00fc\u00dfe,<\/p>\n<p>Jakob<\/p>\n<!-- Begin Yuzo --><div class='yuzo_related_post style-1'  data-version='5.12.74'><!-- without result --><div class='yuzo_clearfixed yuzo__title yuzo__title'><h3>Related Post<\/h3><\/div>\n\t\t\t\t\t\t  <div class=\"relatedthumb \" style=\"width:145px;float:left;overflow:hidden;\">  \n\t\t\t\t\t\t\t  \n\t\t\t\t\t\t\t  <a  href=\"https:\/\/blogs.nabu.de\/trischen\/greifvoegel-und-falkenartige-ein-nachtrag-zur-steppenweihe-und-mehr\/\"  >\n\t\t\t\t\t\t\t\t\t  <div class=\"yuzo-img-wrap \" style=\"width: 145px;height:145px;\">\n\t\t\t\t\t\t\t\t\t\t\n\t\t\t\t\t\t\t\t\t\t<div class=\"yuzo-img\" style=\"background:url('https:\/\/blogs.nabu.de\/trischen\/wp-content\/uploads\/sites\/7\/2019\/09\/fixe-Steppenweihe-150x150.jpg') 50% 50% no-repeat;width: 145px;height:145px;margin-bottom: 5px;background-size: cover; \"><\/div>\n\t\t\t\t\t\t\t\t\t  <\/div>\n\t\t\t\t\t\t\t\t\t  \n\t\t\t\t\t\t\t\t   <span class=\"yuzo__text--title\" style=\"font-size:14px;\">Greifv\u00f6gel und Falkenartige. Ein Nachtrag zur Step...<\/span>\n\t\t\t\t\t\t\t  \n\t\t\t\t\t\t\t  \n\t\t\t\t\t\t\t  <\/a>\n\n\t\t\t\t\t\t  <\/div>\n\t\t\t\t\t\t  <div class=\"relatedthumb \" style=\"width:145px;float:left;overflow:hidden;\">  \n\t\t\t\t\t\t\t  \n\t\t\t\t\t\t\t  <a  href=\"https:\/\/blogs.nabu.de\/trischen\/ein-unerwarteter-gast\/\"  >\n\t\t\t\t\t\t\t\t\t  <div class=\"yuzo-img-wrap \" style=\"width: 145px;height:145px;\">\n\t\t\t\t\t\t\t\t\t\t\n\t\t\t\t\t\t\t\t\t\t<div class=\"yuzo-img\" style=\"background:url('https:\/\/blogs.nabu.de\/trischen\/wp-content\/uploads\/sites\/7\/2025\/06\/photo_2025-06-25_12-38-24-150x150.jpg') 50% 50% no-repeat;width: 145px;height:145px;margin-bottom: 5px;background-size: cover; \"><\/div>\n\t\t\t\t\t\t\t\t\t  <\/div>\n\t\t\t\t\t\t\t\t\t  \n\t\t\t\t\t\t\t\t   <span class=\"yuzo__text--title\" style=\"font-size:14px;\">Ein unerwarteter Gast<\/span>\n\t\t\t\t\t\t\t  \n\t\t\t\t\t\t\t  \n\t\t\t\t\t\t\t  <\/a>\n\n\t\t\t\t\t\t  <\/div>\n\t\t\t\t\t\t  <div class=\"relatedthumb \" style=\"width:145px;float:left;overflow:hidden;\">  \n\t\t\t\t\t\t\t  \n\t\t\t\t\t\t\t  <a  href=\"https:\/\/blogs.nabu.de\/trischen\/kinderstube-der-loeffler\/\"  >\n\t\t\t\t\t\t\t\t\t  <div class=\"yuzo-img-wrap \" style=\"width: 145px;height:145px;\">\n\t\t\t\t\t\t\t\t\t\t\n\t\t\t\t\t\t\t\t\t\t<div class=\"yuzo-img\" style=\"background:url('https:\/\/blogs.nabu.de\/trischen\/wp-content\/uploads\/sites\/7\/2018\/06\/20180603_Trischen_Loeffler_Kolonie00060-150x150.jpg') 50% 50% no-repeat;width: 145px;height:145px;margin-bottom: 5px;background-size: cover; \"><\/div>\n\t\t\t\t\t\t\t\t\t  <\/div>\n\t\t\t\t\t\t\t\t\t  \n\t\t\t\t\t\t\t\t   <span class=\"yuzo__text--title\" style=\"font-size:14px;\">Kinderstube der L\u00f6ffler<\/span>\n\t\t\t\t\t\t\t  \n\t\t\t\t\t\t\t  \n\t\t\t\t\t\t\t  <\/a>\n\n\t\t\t\t\t\t  <\/div>\n\t\t\t\t\t\t  <div class=\"relatedthumb \" style=\"width:145px;float:left;overflow:hidden;\">  \n\t\t\t\t\t\t\t  \n\t\t\t\t\t\t\t  <a  href=\"https:\/\/blogs.nabu.de\/trischen\/alltag-auf-trischen-ein-tag-im-leben-einer-naturschutzwartin\/\"  >\n\t\t\t\t\t\t\t\t\t  <div class=\"yuzo-img-wrap \" style=\"width: 145px;height:145px;\">\n\t\t\t\t\t\t\t\t\t\t\n\t\t\t\t\t\t\t\t\t\t<div class=\"yuzo-img\" style=\"background:url('https:\/\/blogs.nabu.de\/trischen\/wp-content\/uploads\/sites\/7\/2025\/06\/photo_2025-06-08_18-37-34-e1749400914770-150x150.jpg') 50% 50% no-repeat;width: 145px;height:145px;margin-bottom: 5px;background-size: cover; \"><\/div>\n\t\t\t\t\t\t\t\t\t  <\/div>\n\t\t\t\t\t\t\t\t\t  \n\t\t\t\t\t\t\t\t   <span class=\"yuzo__text--title\" style=\"font-size:14px;\">Alltag auf Trischen: Ein Tag im Leben einer Naturs...<\/span>\n\t\t\t\t\t\t\t  \n\t\t\t\t\t\t\t  \n\t\t\t\t\t\t\t  <\/a>\n\n\t\t\t\t\t\t  <\/div>\n<\/div> <style>\n\t\t\t\t\t\t\t\t.yuzo_related_post img{width:155px !important; height:145px !important;}\n\t\t\t\t\t\t\t\t.yuzo_related_post .relatedthumb{line-height:16px;background: !important;color:!important;}\n\t\t\t\t\t\t\t\t.yuzo_related_post .relatedthumb:hover{background:#fcfcf4 !important; -webkit-transition: background 0.2s linear; -moz-transition: background 0.2s linear; -o-transition: background 0.2s linear; transition: background 0.2s linear;;color:!important;}\n\t\t\t\t\t\t\t\t.yuzo_related_post .relatedthumb a{color:!important;}\n\t\t\t\t\t\t\t\t.yuzo_related_post .relatedthumb a:hover{ color:}!important;}\n\t\t\t\t\t\t\t\t.yuzo_related_post .relatedthumb:hover a{ color:!important;}\n\t\t\t\t\t\t\t\t.yuzo_related_post .yuzo_text {color:!important;}\n\t\t\t\t\t\t\t\t.yuzo_related_post .relatedthumb:hover .yuzo_text {color:!important;}\n\t\t\t\t\t\t\t\t.yuzo_related_post .relatedthumb{  margin: 0px  0px  0px  0px;   padding: 5px  5px  5px  5px;  }\n\t\t\t\t\t\t\t\t\n\t\t\t\t\t\t\t\t<\/style> <script>\n\t\t\t\t\t\t  jQuery(document).ready(function( $ ){\n\t\t\t\t\t\t\t\/\/jQuery('.yuzo_related_post').equalizer({ overflow : 'relatedthumb' });\n\t\t\t\t\t\t\tjQuery('.yuzo_related_post .yuzo_wraps').equalizer({ columns : '> div' });\n\t\t\t\t\t\t   })\n\t\t\t\t\t\t  <\/script> <!-- End Yuzo :) -->","protected":false},"excerpt":{"rendered":"<p>Moin liebe Blogleser:innen, heute geht es mal wieder um Vogelringe. Ein Teil meiner Arbeit besteht im Ablesen bereits beringter V\u00f6gel (LINK). Diese T\u00e4tigkeit ist in den letzten Wochen [&hellip;]<\/p>\n","protected":false},"author":176,"featured_media":0,"comment_status":"closed","ping_status":"closed","sticky":false,"template":"","format":"standard","meta":{"jetpack_post_was_ever_published":false},"categories":[18,10],"tags":[45,123,26,69,3,25],"jetpack_featured_media_url":"","jetpack_shortlink":"https:\/\/wp.me\/p7gGqE-21j","jetpack-related-posts":[{"id":7366,"url":"https:\/\/blogs.nabu.de\/trischen\/wie-der-ring-ans-bein-kommt\/","url_meta":{"origin":7769,"position":0},"title":"Wie der Ring ans Bein kommt","date":"14. Juli 2023","format":false,"excerpt":"Liebe Blogfolger*Innen, vor einigen Wochen habe ich schon einmal kurz \u00fcber das Ablesen von M\u00f6wenringen berichtet. Dieses Mal m\u00f6chte ich aus gegebenem Anlass darauf eingehen, wie und warum ein Ring an ein Vogelbein kommt. Wissenschaftliche Vogelberingung Jeder Ring tr\u00e4gt eine Kennnummer, die eine individuelle Zuordnung zu einem Vogel m\u00f6glich macht.\u2026","rel":"","context":"In &quot;Allgemein&quot;","img":{"alt_text":"","src":"https:\/\/i0.wp.com\/blogs.nabu.de\/trischen\/wp-content\/uploads\/sites\/7\/2023\/07\/Moewe1.jpg?resize=350%2C200&ssl=1","width":350,"height":200},"classes":[]},{"id":7667,"url":"https:\/\/blogs.nabu.de\/trischen\/trischen-international\/","url_meta":{"origin":7769,"position":1},"title":"Trischen International","date":"12. April 2024","format":false,"excerpt":"Moin, liebe Blog-Leser:innen, aktuell verbringe ich viel Zeit damit, nach beringten V\u00f6geln zu suchen und die Ringe dann abzulesen. Dadurch l\u00e4sst sich viel \u00fcber die Lebensl\u00e4ufe der V\u00f6gel herausfinden. Die Ablesungen werden in verschiedenen Datenbanken der jeweiligen Vogelwarten gesammelt. Jedes Tier, das einmal erfasst wurde, ist dadurch immer wieder zu\u2026","rel":"","context":"In &quot;Allgemein&quot;","img":{"alt_text":"","src":"https:\/\/i0.wp.com\/blogs.nabu.de\/trischen\/wp-content\/uploads\/sites\/7\/2024\/04\/Steppenmoewe_Karte.png?resize=350%2C200&ssl=1","width":350,"height":200},"classes":[]},{"id":5758,"url":"https:\/\/blogs.nabu.de\/trischen\/moewen-mit-geschichte\/","url_meta":{"origin":7769,"position":2},"title":"M\u00f6wen mit Geschichte","date":"3. August 2020","format":false,"excerpt":"Auf Trischen br\u00fcten in etwa 3.000 Brutpaare von M\u00f6wen. Die beiden h\u00e4ufigsten M\u00f6wenarten sind dabei die Silber- und Heringsm\u00f6we. Wie bei allen Brutv\u00f6geln im Nationalpark, z\u00e4hlen wir die Brutpaare der M\u00f6wen um fr\u00fchzeitig zu bemerken ob sich die Best\u00e4nde ver\u00e4ndern. Das ist eine sehr gute Sache. Aber trotzdem bleiben viele\u2026","rel":"","context":"In &quot;Schaufenster&quot;","img":{"alt_text":"","src":"https:\/\/i0.wp.com\/blogs.nabu.de\/trischen\/wp-content\/uploads\/sites\/7\/2020\/08\/JS_5DIV_20200713_MG_0599.jpg?resize=350%2C200&ssl=1","width":350,"height":200},"classes":[]},{"id":6141,"url":"https:\/\/blogs.nabu.de\/trischen\/moewen\/","url_meta":{"origin":7769,"position":3},"title":"M\u00f6wen","date":"25. Juli 2021","format":false,"excerpt":"In der zweiten Juliwoche wurden, genau wie letztes Jahr, auf Trischen die K\u00fcken von Silber- und Heringsm\u00f6wen beringt. Im Gegensatz zur Silberm\u00f6we kamen Heringsm\u00f6wen erst ab Ende der 1960er Jahre regelm\u00e4\u00dfig zum Br\u00fcten an die deutsche Nordseek\u00fcste. Heute sind sie deutlich h\u00e4ufiger als Silberm\u00f6wen. \u201eMitte der 1980er Jahre br\u00fcteten an\u2026","rel":"","context":"In &quot;Schaufenster&quot;","img":{"alt_text":"","src":"https:\/\/i0.wp.com\/blogs.nabu.de\/trischen\/wp-content\/uploads\/sites\/7\/2021\/07\/DSCN2422.jpg?resize=350%2C200&ssl=1","width":350,"height":200},"classes":[]},{"id":4053,"url":"https:\/\/blogs.nabu.de\/trischen\/ukrainischer-austernfischer-auf-trischen\/","url_meta":{"origin":7769,"position":4},"title":"Ukrainischer Austernfischer auf Trischen","date":"15. August 2018","format":false,"excerpt":"Am 03. und 04. August konnte ich auf der Insel Trischen unter rund 3500 rastenden Austernfischern (Haematopus ostralegus) ein farbberingtes Individuum entdecken. Es stellte sich als sensationeller Fund heraus, denn dieser Austernfischer kommt aus der Ukraine. Nachdem ich mir bei der Ablesung am ersten Tag nicht zu 100% sicher war\u2026","rel":"","context":"In &quot;Beobachtungen&quot;","img":{"alt_text":"","src":"https:\/\/i0.wp.com\/blogs.nabu.de\/trischen\/wp-content\/uploads\/sites\/7\/2018\/08\/P8048199.jpg?resize=350%2C200&ssl=1","width":350,"height":200},"classes":[]},{"id":8181,"url":"https:\/\/blogs.nabu.de\/trischen\/das-geheimnis-vom-ring-am-vogelfuss\/","url_meta":{"origin":7769,"position":5},"title":"Das Geheimnis vom Ring am Vogelfu\u00df","date":"4. September 2025","format":"image","excerpt":"Die S\u00fcdspitze von Trischen ist bei auflaufendem Wasser einer meiner Lieblingsorte. Wenn die Flut das Watt langsam verschluckt, r\u00fccken die riesigen Schw\u00e4rme von Watv\u00f6geln immer n\u00e4her an die Insel. Dann ist meine Zeit gekommen: Zusammengekauert und gut versteckt sitze ich zwischen Strandhafer und Meersenf, das Spektiv auf die V\u00f6gel gerichtet,\u2026","rel":"","context":"In &quot;Beobachtungen&quot;","img":{"alt_text":"","src":"https:\/\/i0.wp.com\/blogs.nabu.de\/trischen\/wp-content\/uploads\/sites\/7\/2025\/09\/photo_2025-09-04_10-30-08-e1756975251804.jpg?resize=350%2C200&ssl=1","width":350,"height":200},"classes":[]}],"jetpack_sharing_enabled":true,"_links":{"self":[{"href":"https:\/\/blogs.nabu.de\/trischen\/wp-json\/wp\/v2\/posts\/7769"}],"collection":[{"href":"https:\/\/blogs.nabu.de\/trischen\/wp-json\/wp\/v2\/posts"}],"about":[{"href":"https:\/\/blogs.nabu.de\/trischen\/wp-json\/wp\/v2\/types\/post"}],"author":[{"embeddable":true,"href":"https:\/\/blogs.nabu.de\/trischen\/wp-json\/wp\/v2\/users\/176"}],"replies":[{"embeddable":true,"href":"https:\/\/blogs.nabu.de\/trischen\/wp-json\/wp\/v2\/comments?post=7769"}],"version-history":[{"count":4,"href":"https:\/\/blogs.nabu.de\/trischen\/wp-json\/wp\/v2\/posts\/7769\/revisions"}],"predecessor-version":[{"id":7778,"href":"https:\/\/blogs.nabu.de\/trischen\/wp-json\/wp\/v2\/posts\/7769\/revisions\/7778"}],"wp:attachment":[{"href":"https:\/\/blogs.nabu.de\/trischen\/wp-json\/wp\/v2\/media?parent=7769"}],"wp:term":[{"taxonomy":"category","embeddable":true,"href":"https:\/\/blogs.nabu.de\/trischen\/wp-json\/wp\/v2\/categories?post=7769"},{"taxonomy":"post_tag","embeddable":true,"href":"https:\/\/blogs.nabu.de\/trischen\/wp-json\/wp\/v2\/tags?post=7769"}],"curies":[{"name":"wp","href":"https:\/\/api.w.org\/{rel}","templated":true}]}}