{"id":5375,"date":"2019-09-02T19:14:41","date_gmt":"2019-09-02T17:14:41","guid":{"rendered":"http:\/\/blogs.nabu.de\/trischen\/?p=5375"},"modified":"2019-09-02T19:14:42","modified_gmt":"2019-09-02T17:14:42","slug":"erstsichtung-in-dieser-saison-einsiedlerkrebs","status":"publish","type":"post","link":"https:\/\/blogs.nabu.de\/trischen\/erstsichtung-in-dieser-saison-einsiedlerkrebs\/","title":{"rendered":"Erstsichtung in dieser Saison \u2013 Einsiedlerkrebs"},"content":{"rendered":"<div class=\"tiled-gallery type-rectangular tiled-gallery-unresized\" data-original-width=\"940\" data-carousel-extra='{&quot;blog_id&quot;:7,&quot;permalink&quot;:&quot;https:\\\/\\\/blogs.nabu.de\\\/trischen\\\/erstsichtung-in-dieser-saison-einsiedlerkrebs\\\/&quot;,&quot;likes_blog_id&quot;:107410700}' itemscope itemtype=\"http:\/\/schema.org\/ImageGallery\" > <div class=\"gallery-row\" style=\"width: 940px; height: 350px;\" data-original-width=\"940\" data-original-height=\"350\" > <div class=\"gallery-group images-1\" style=\"width: 486px; height: 350px;\" data-original-width=\"486\" data-original-height=\"350\" > <div class=\"tiled-gallery-item tiled-gallery-item-large\" itemprop=\"associatedMedia\" itemscope itemtype=\"http:\/\/schema.org\/ImageObject\"> <a href=\"https:\/\/blogs.nabu.de\/trischen\/erstsichtung-in-dieser-saison-einsiedlerkrebs\/einsiedlerkrebs\/\" border=\"0\" itemprop=\"url\"> <meta itemprop=\"width\" content=\"482\"> <meta itemprop=\"height\" content=\"346\"> <img data-attachment-id=\"5376\" data-orig-file=\"https:\/\/blogs.nabu.de\/trischen\/wp-content\/uploads\/sites\/7\/2019\/09\/Einsiedlerkrebs.jpg\" data-orig-size=\"800,575\" data-comments-opened=\"\" data-image-meta=\"{&quot;aperture&quot;:&quot;0&quot;,&quot;credit&quot;:&quot;&quot;,&quot;camera&quot;:&quot;&quot;,&quot;caption&quot;:&quot;&quot;,&quot;created_timestamp&quot;:&quot;0&quot;,&quot;copyright&quot;:&quot;&quot;,&quot;focal_length&quot;:&quot;0&quot;,&quot;iso&quot;:&quot;0&quot;,&quot;shutter_speed&quot;:&quot;0&quot;,&quot;title&quot;:&quot;&quot;,&quot;orientation&quot;:&quot;0&quot;}\" data-image-title=\"Einsiedlerkrebs\" data-image-description=\"\" data-medium-file=\"https:\/\/blogs.nabu.de\/trischen\/wp-content\/uploads\/sites\/7\/2019\/09\/Einsiedlerkrebs-300x216.jpg\" data-large-file=\"https:\/\/blogs.nabu.de\/trischen\/wp-content\/uploads\/sites\/7\/2019\/09\/Einsiedlerkrebs.jpg\" src=\"https:\/\/i0.wp.com\/blogs.nabu.de\/trischen\/wp-content\/uploads\/sites\/7\/2019\/09\/Einsiedlerkrebs.jpg?w=482&#038;h=346&#038;ssl=1\" width=\"482\" height=\"346\" data-original-width=\"482\" data-original-height=\"346\" itemprop=\"http:\/\/schema.org\/image\" title=\"Einsiedlerkrebs\" alt=\"Einsiedlerkrebs im Haus einer Strandschnecke (Foto: A. de Walmont)\" style=\"width: 482px; height: 346px;\" \/> <\/a> <div class=\"tiled-gallery-caption\" itemprop=\"caption description\"> Einsiedlerkrebs im Haus einer Strandschnecke (Foto: A. de Walmont) <\/div> <\/div> <\/div> <!-- close group --> <div class=\"gallery-group images-1\" style=\"width: 454px; height: 350px;\" data-original-width=\"454\" data-original-height=\"350\" > <div class=\"tiled-gallery-item tiled-gallery-item-large\" itemprop=\"associatedMedia\" itemscope itemtype=\"http:\/\/schema.org\/ImageObject\"> <a href=\"https:\/\/blogs.nabu.de\/trischen\/erstsichtung-in-dieser-saison-einsiedlerkrebs\/groessenvergleich\/\" border=\"0\" itemprop=\"url\"> <meta itemprop=\"width\" content=\"450\"> <meta itemprop=\"height\" content=\"346\"> <img data-attachment-id=\"5377\" data-orig-file=\"https:\/\/blogs.nabu.de\/trischen\/wp-content\/uploads\/sites\/7\/2019\/09\/Gr\u00f6\u00dfenvergleich.jpg\" data-orig-size=\"800,616\" data-comments-opened=\"\" data-image-meta=\"{&quot;aperture&quot;:&quot;0&quot;,&quot;credit&quot;:&quot;&quot;,&quot;camera&quot;:&quot;&quot;,&quot;caption&quot;:&quot;&quot;,&quot;created_timestamp&quot;:&quot;0&quot;,&quot;copyright&quot;:&quot;&quot;,&quot;focal_length&quot;:&quot;0&quot;,&quot;iso&quot;:&quot;0&quot;,&quot;shutter_speed&quot;:&quot;0&quot;,&quot;title&quot;:&quot;&quot;,&quot;orientation&quot;:&quot;0&quot;}\" data-image-title=\"Gr\u00f6\u00dfenvergleich\" data-image-description=\"\" data-medium-file=\"https:\/\/blogs.nabu.de\/trischen\/wp-content\/uploads\/sites\/7\/2019\/09\/Gr\u00f6\u00dfenvergleich-300x231.jpg\" data-large-file=\"https:\/\/blogs.nabu.de\/trischen\/wp-content\/uploads\/sites\/7\/2019\/09\/Gr\u00f6\u00dfenvergleich.jpg\" src=\"https:\/\/i0.wp.com\/blogs.nabu.de\/trischen\/wp-content\/uploads\/sites\/7\/2019\/09\/Gr\u00f6\u00dfenvergleich.jpg?w=450&#038;h=346&#038;ssl=1\" width=\"450\" height=\"346\" data-original-width=\"450\" data-original-height=\"346\" itemprop=\"http:\/\/schema.org\/image\" title=\"Gr\u00f6\u00dfenvergleich\" alt=\"Gr\u00f6\u00dfenvergleich (Foto: A. de Walmont)\" style=\"width: 450px; height: 346px;\" \/> <\/a> <div class=\"tiled-gallery-caption\" itemprop=\"caption description\"> Gr\u00f6\u00dfenvergleich (Foto: A. de Walmont) <\/div> <\/div> <\/div> <!-- close group --> <\/div> <!-- close row --> <\/div>\n<p>Gerne wird so von V\u00f6geln auf Trischen berichtet, die das erste Mal in der jeweiligen Saison, oder vielleicht sogar das erste mal seit Beginn der Datenerhebung auf Trischen, entdeckt wurden \u2013 in Form von Erstsichtungsbeitr\u00e4ge. Doch neulich, bei der zweiten Runde Wattkartierung, (Ich berichtete <a href=\"https:\/\/blogs.nabu.de\/trischen\/?s=Wattkartierung\">hier<\/a> Ende M\u00e4rz von der ersten Runde) entdeckte ich den ersten Einsiedlerkrebs dieser Saison. Er ist weit verbreitet im Wattenmeer und stellt keine Besonderheit dar, aber weil es eben auch bei Krebsen saisonale Erstsichtungen gibt, soll dieser &#8222;Einsiedler&#8220; doch hier einmal etwas n\u00e4her vorgestellt werden. Hat er sich doch auf ganz besondere Art an den Lebensraum Wattenmeer angepasst und ist eben auf seine Weise ein besonderer Watt-Bewohner!<!--more--><\/p>\n<p>Der Einsiedlerkrebs tr\u00e4gt sein Hause st\u00e4ndig mit sich herum. Gebaut hat er es nicht selbst. Er bedient sich gern an alten leeren Schneckenh\u00e4usern und schl\u00fcpft in sie hinein. Das hier fotografierte Exemplar ist noch sehr klein, wie der Vergleich mit meinem Daumen zeigt und ben\u00f6tigt deshalb zun\u00e4chst ein ebenso kleines Haus. Da kommt die leere Strandschnecke ihm gerade recht.<\/p>\n<p>Aber warum tr\u00e4gt dieser Krebs dieses \u201ek\u00fcnstliche\u201c Haus mit sich herum? Andere Krebse, wie die Strand- oder Schwimmkrabbe tun dies doch auch nicht? Nun, der Grund ist sein Hinterleib. Dieser ist im Vergleich zum \u00fcbrigen Krebsk\u00f6rper nicht gepanzert! Also muss sich der Einsiedlerkrebs eine Strategie \u00fcberlegen diesen weichen Hinterleib zu sch\u00fctzen. Die n\u00e4chste Frage die man sich nun vermutlich stellt, ist, was denn passiert, wenn der Krebs w\u00e4chst. Ganz einfach, dann wird umgezogen! H\u00e4ufig findet man ausgewachsene Einsiedlerkrebse zum Beispiel in den Geh\u00e4usen von Wellhornschnecken. Da Schneckenh\u00e4user gewunden sind, passt sich die Anatomie des Einsiedlerkrebses an. So verk\u00fcmmert die eine Seite der hinteren Beine, w\u00e4hrend die anderen Hinterbeine dazu dienen Halt im Haus zu finden. Da man diesen Krebs nie \u201enackig\u201c, also ohne Haus findet, zeige ich hier noch eine zus\u00e4tzliche Zeichnung. Den Krebs so zu fotografieren wie oben, hat auch schon seine Zeit gedauert. Denn bei drohender Gefahr kann er sich nahezu komplett in das Geh\u00e4use zur\u00fcckziehen und \u201everschlie\u00dft\u201c den Eingang mit seinen Scheren. Ein paar Minuten musste ich ganz still ausharren, bis er sich nach und nach hervor traute. Anschlie\u00dfend vergrub er sich so gut es ging im Sand und behielt aber mit seinen lustig hervorschauenden Augen alles gut im Blick.<\/p>\n<div class=\"tiled-gallery type-rectangular tiled-gallery-unresized\" data-original-width=\"940\" data-carousel-extra='{&quot;blog_id&quot;:7,&quot;permalink&quot;:&quot;https:\\\/\\\/blogs.nabu.de\\\/trischen\\\/erstsichtung-in-dieser-saison-einsiedlerkrebs\\\/&quot;,&quot;likes_blog_id&quot;:107410700}' itemscope itemtype=\"http:\/\/schema.org\/ImageGallery\" > <div class=\"gallery-row\" style=\"width: 940px; height: 380px;\" data-original-width=\"940\" data-original-height=\"380\" > <div class=\"gallery-group images-1\" style=\"width: 373px; height: 380px;\" data-original-width=\"373\" data-original-height=\"380\" > <div class=\"tiled-gallery-item tiled-gallery-item-large\" itemprop=\"associatedMedia\" itemscope itemtype=\"http:\/\/schema.org\/ImageObject\"> <a href=\"https:\/\/blogs.nabu.de\/trischen\/erstsichtung-in-dieser-saison-einsiedlerkrebs\/ohne-haus\/\" border=\"0\" itemprop=\"url\"> <meta itemprop=\"width\" content=\"369\"> <meta itemprop=\"height\" content=\"376\"> <img data-attachment-id=\"5379\" data-orig-file=\"https:\/\/blogs.nabu.de\/trischen\/wp-content\/uploads\/sites\/7\/2019\/09\/ohne-Haus.jpg\" data-orig-size=\"785,800\" data-comments-opened=\"\" data-image-meta=\"{&quot;aperture&quot;:&quot;0&quot;,&quot;credit&quot;:&quot;&quot;,&quot;camera&quot;:&quot;&quot;,&quot;caption&quot;:&quot;&quot;,&quot;created_timestamp&quot;:&quot;0&quot;,&quot;copyright&quot;:&quot;&quot;,&quot;focal_length&quot;:&quot;0&quot;,&quot;iso&quot;:&quot;0&quot;,&quot;shutter_speed&quot;:&quot;0&quot;,&quot;title&quot;:&quot;&quot;,&quot;orientation&quot;:&quot;0&quot;}\" data-image-title=\"ohne Haus\" data-image-description=\"\" data-medium-file=\"https:\/\/blogs.nabu.de\/trischen\/wp-content\/uploads\/sites\/7\/2019\/09\/ohne-Haus-294x300.jpg\" data-large-file=\"https:\/\/blogs.nabu.de\/trischen\/wp-content\/uploads\/sites\/7\/2019\/09\/ohne-Haus.jpg\" src=\"https:\/\/i0.wp.com\/blogs.nabu.de\/trischen\/wp-content\/uploads\/sites\/7\/2019\/09\/ohne-Haus.jpg?w=369&#038;h=376&#038;ssl=1\" width=\"369\" height=\"376\" data-original-width=\"369\" data-original-height=\"376\" itemprop=\"http:\/\/schema.org\/image\" title=\"ohne Haus\" alt=\"aus: Klaus Kock. Das Watt. 1988.\" style=\"width: 369px; height: 376px;\" \/> <\/a> <div class=\"tiled-gallery-caption\" itemprop=\"caption description\"> aus: Klaus Kock. Das Watt. 1988. <\/div> <\/div> <\/div> <!-- close group --> <div class=\"gallery-group images-1\" style=\"width: 567px; height: 380px;\" data-original-width=\"567\" data-original-height=\"380\" > <div class=\"tiled-gallery-item tiled-gallery-item-large\" itemprop=\"associatedMedia\" itemscope itemtype=\"http:\/\/schema.org\/ImageObject\"> <a href=\"https:\/\/blogs.nabu.de\/trischen\/erstsichtung-in-dieser-saison-einsiedlerkrebs\/kulleraugen\/\" border=\"0\" itemprop=\"url\"> <meta itemprop=\"width\" content=\"563\"> <meta itemprop=\"height\" content=\"376\"> <img data-attachment-id=\"5378\" data-orig-file=\"https:\/\/blogs.nabu.de\/trischen\/wp-content\/uploads\/sites\/7\/2019\/09\/Kulleraugen.jpg\" data-orig-size=\"800,534\" data-comments-opened=\"\" data-image-meta=\"{&quot;aperture&quot;:&quot;0&quot;,&quot;credit&quot;:&quot;&quot;,&quot;camera&quot;:&quot;&quot;,&quot;caption&quot;:&quot;&quot;,&quot;created_timestamp&quot;:&quot;0&quot;,&quot;copyright&quot;:&quot;&quot;,&quot;focal_length&quot;:&quot;0&quot;,&quot;iso&quot;:&quot;0&quot;,&quot;shutter_speed&quot;:&quot;0&quot;,&quot;title&quot;:&quot;&quot;,&quot;orientation&quot;:&quot;0&quot;}\" data-image-title=\"Kulleraugen\" data-image-description=\"\" data-medium-file=\"https:\/\/blogs.nabu.de\/trischen\/wp-content\/uploads\/sites\/7\/2019\/09\/Kulleraugen-300x200.jpg\" data-large-file=\"https:\/\/blogs.nabu.de\/trischen\/wp-content\/uploads\/sites\/7\/2019\/09\/Kulleraugen.jpg\" src=\"https:\/\/i0.wp.com\/blogs.nabu.de\/trischen\/wp-content\/uploads\/sites\/7\/2019\/09\/Kulleraugen.jpg?w=563&#038;h=376&#038;ssl=1\" width=\"563\" height=\"376\" data-original-width=\"563\" data-original-height=\"376\" itemprop=\"http:\/\/schema.org\/image\" title=\"Kulleraugen\" alt=\"Vergraben im Sand (Foto: A. de Walmont)\" style=\"width: 563px; height: 376px;\" \/> <\/a> <div class=\"tiled-gallery-caption\" itemprop=\"caption description\"> Vergraben im Sand (Foto: A. de Walmont) <\/div> <\/div> <\/div> <!-- close group --> <\/div> <!-- close row --> <\/div>\n<!-- Begin Yuzo --><div class='yuzo_related_post style-1'  data-version='5.12.74'><!-- without result --><div class='yuzo_clearfixed yuzo__title yuzo__title'><h3>Related Post<\/h3><\/div>\n\t\t\t\t\t\t  <div class=\"relatedthumb \" style=\"width:145px;float:left;overflow:hidden;\">  \n\t\t\t\t\t\t\t  \n\t\t\t\t\t\t\t  <a  href=\"https:\/\/blogs.nabu.de\/trischen\/zwangspause\/\"  >\n\t\t\t\t\t\t\t\t\t  <div class=\"yuzo-img-wrap \" style=\"width: 145px;height:145px;\">\n\t\t\t\t\t\t\t\t\t\t\n\t\t\t\t\t\t\t\t\t\t<div class=\"yuzo-img\" style=\"background:url('https:\/\/blogs.nabu.de\/trischen\/wp-content\/uploads\/sites\/7\/2021\/04\/IMG_5162-150x150.jpg') 50% 50% no-repeat;width: 145px;height:145px;margin-bottom: 5px;background-size: cover; \"><\/div>\n\t\t\t\t\t\t\t\t\t  <\/div>\n\t\t\t\t\t\t\t\t\t  \n\t\t\t\t\t\t\t\t   <span class=\"yuzo__text--title\" style=\"font-size:14px;\">Zwangspause<\/span>\n\t\t\t\t\t\t\t  \n\t\t\t\t\t\t\t  \n\t\t\t\t\t\t\t  <\/a>\n\n\t\t\t\t\t\t  <\/div>\n\t\t\t\t\t\t  <div class=\"relatedthumb \" style=\"width:145px;float:left;overflow:hidden;\">  \n\t\t\t\t\t\t\t  \n\t\t\t\t\t\t\t  <a  href=\"https:\/\/blogs.nabu.de\/trischen\/neue-hafenkraene-fuer-hamburg\/\"  >\n\t\t\t\t\t\t\t\t\t  <div class=\"yuzo-img-wrap \" style=\"width: 145px;height:145px;\">\n\t\t\t\t\t\t\t\t\t\t\n\t\t\t\t\t\t\t\t\t\t<div class=\"yuzo-img\" style=\"background:url('https:\/\/blogs.nabu.de\/trischen\/wp-content\/uploads\/sites\/7\/2016\/08\/Craneship-1-Kopie-150x150.jpg') 50% 50% no-repeat;width: 145px;height:145px;margin-bottom: 5px;background-size: cover; \"><\/div>\n\t\t\t\t\t\t\t\t\t  <\/div>\n\t\t\t\t\t\t\t\t\t  \n\t\t\t\t\t\t\t\t   <span class=\"yuzo__text--title\" style=\"font-size:14px;\">Hafenkr\u00e4ne in der Nordsee?<\/span>\n\t\t\t\t\t\t\t  \n\t\t\t\t\t\t\t  \n\t\t\t\t\t\t\t  <\/a>\n\n\t\t\t\t\t\t  <\/div>\n\t\t\t\t\t\t  <div class=\"relatedthumb \" style=\"width:145px;float:left;overflow:hidden;\">  \n\t\t\t\t\t\t\t  \n\t\t\t\t\t\t\t  <a  href=\"https:\/\/blogs.nabu.de\/trischen\/sonne-strand-und-wattenmeer\/\"  >\n\t\t\t\t\t\t\t\t\t  <div class=\"yuzo-img-wrap \" style=\"width: 145px;height:145px;\">\n\t\t\t\t\t\t\t\t\t\t\n\t\t\t\t\t\t\t\t\t\t<div class=\"yuzo-img\" style=\"background:url('https:\/\/blogs.nabu.de\/trischen\/wp-content\/uploads\/sites\/7\/2016\/07\/DSC01218-150x150.jpg') 50% 50% no-repeat;width: 145px;height:145px;margin-bottom: 5px;background-size: cover; \"><\/div>\n\t\t\t\t\t\t\t\t\t  <\/div>\n\t\t\t\t\t\t\t\t\t  \n\t\t\t\t\t\t\t\t   <span class=\"yuzo__text--title\" style=\"font-size:14px;\">Sonne, Strand und Wattenmeer<\/span>\n\t\t\t\t\t\t\t  \n\t\t\t\t\t\t\t  \n\t\t\t\t\t\t\t  <\/a>\n\n\t\t\t\t\t\t  <\/div>\n\t\t\t\t\t\t  <div class=\"relatedthumb \" style=\"width:145px;float:left;overflow:hidden;\">  \n\t\t\t\t\t\t\t  \n\t\t\t\t\t\t\t  <a  href=\"https:\/\/blogs.nabu.de\/trischen\/bald-gehts-los\/\"  >\n\t\t\t\t\t\t\t\t\t  <div class=\"yuzo-img-wrap \" style=\"width: 145px;height:145px;\">\n\t\t\t\t\t\t\t\t\t\t\n\t\t\t\t\t\t\t\t\t\t<div class=\"yuzo-img\" style=\"background:url('https:\/\/blogs.nabu.de\/trischen\/wp-content\/uploads\/sites\/7\/2018\/03\/Westerhever-150x150.jpg') 50% 50% no-repeat;width: 145px;height:145px;margin-bottom: 5px;background-size: cover; \"><\/div>\n\t\t\t\t\t\t\t\t\t  <\/div>\n\t\t\t\t\t\t\t\t\t  \n\t\t\t\t\t\t\t\t   <span class=\"yuzo__text--title\" style=\"font-size:14px;\">Bald geht\u00b4s los<\/span>\n\t\t\t\t\t\t\t  \n\t\t\t\t\t\t\t  \n\t\t\t\t\t\t\t  <\/a>\n\n\t\t\t\t\t\t  <\/div>\n<\/div> <style>\n\t\t\t\t\t\t\t\t.yuzo_related_post img{width:155px !important; height:145px !important;}\n\t\t\t\t\t\t\t\t.yuzo_related_post .relatedthumb{line-height:16px;background: !important;color:!important;}\n\t\t\t\t\t\t\t\t.yuzo_related_post .relatedthumb:hover{background:#fcfcf4 !important; -webkit-transition: background 0.2s linear; -moz-transition: background 0.2s linear; -o-transition: background 0.2s linear; transition: background 0.2s linear;;color:!important;}\n\t\t\t\t\t\t\t\t.yuzo_related_post .relatedthumb a{color:!important;}\n\t\t\t\t\t\t\t\t.yuzo_related_post .relatedthumb a:hover{ color:}!important;}\n\t\t\t\t\t\t\t\t.yuzo_related_post .relatedthumb:hover a{ color:!important;}\n\t\t\t\t\t\t\t\t.yuzo_related_post .yuzo_text {color:!important;}\n\t\t\t\t\t\t\t\t.yuzo_related_post .relatedthumb:hover .yuzo_text {color:!important;}\n\t\t\t\t\t\t\t\t.yuzo_related_post .relatedthumb{  margin: 0px  0px  0px  0px;   padding: 5px  5px  5px  5px;  }\n\t\t\t\t\t\t\t\t\n\t\t\t\t\t\t\t\t<\/style> <script>\n\t\t\t\t\t\t  jQuery(document).ready(function( $ ){\n\t\t\t\t\t\t\t\/\/jQuery('.yuzo_related_post').equalizer({ overflow : 'relatedthumb' });\n\t\t\t\t\t\t\tjQuery('.yuzo_related_post .yuzo_wraps').equalizer({ columns : '> div' });\n\t\t\t\t\t\t   })\n\t\t\t\t\t\t  <\/script> <!-- End Yuzo :) -->","protected":false},"excerpt":{"rendered":"<p>Gerne wird so von V\u00f6geln auf Trischen berichtet, die das erste Mal in der jeweiligen Saison, oder vielleicht sogar das erste mal seit Beginn der Datenerhebung auf Trischen, [&hellip;]<\/p>\n","protected":false},"author":96,"featured_media":5376,"comment_status":"closed","ping_status":"closed","sticky":false,"template":"","format":"standard","meta":{"jetpack_post_was_ever_published":false},"categories":[10],"tags":[117],"jetpack_featured_media_url":"https:\/\/blogs.nabu.de\/trischen\/wp-content\/uploads\/sites\/7\/2019\/09\/Einsiedlerkrebs.jpg","jetpack_shortlink":"https:\/\/wp.me\/p7gGqE-1oH","jetpack-related-posts":[{"id":6959,"url":"https:\/\/blogs.nabu.de\/trischen\/trifft-ein-einsiedler-einen-anderen\/","url_meta":{"origin":5375,"position":0},"title":"Trifft ein Einsiedler einen anderen&#8230;","date":"5. September 2022","format":false,"excerpt":"Eigentlich ist sie ja ziemlich sch\u00f6n. Ich mag ihren Olivton, der an Jade erinnert und von schwarzen und beigen Sprenkeln durchsetzt ist. Die Oberfl\u00e4chenstruktur der Schale sieht aus wie die Strahlen einer kleinen Sonne. Trotzdem kann ich mich nicht so recht an dem freuen, was ich da gerade aus dem\u2026","rel":"","context":"In &quot;Allgemein&quot;","img":{"alt_text":"","src":"https:\/\/i0.wp.com\/blogs.nabu.de\/trischen\/wp-content\/uploads\/sites\/7\/2022\/09\/20220901_112906-blogklein-1000x750.jpg?resize=350%2C200&ssl=1","width":350,"height":200},"classes":[]},{"id":2020,"url":"https:\/\/blogs.nabu.de\/trischen\/fruehling-im-wattenmeer\/","url_meta":{"origin":5375,"position":1},"title":"Fr\u00fchling im Wattenmeer","date":"2. April 2017","format":false,"excerpt":"An Land k\u00fcnden schon die zwitschernden V\u00f6gel vom Fr\u00fchling. Auch im Meer beginnt ein neues Jahr und dies zeigen uns ganz andere Tiere an.","rel":"","context":"In &quot;Schaufenster&quot;","img":{"alt_text":"","src":"https:\/\/i0.wp.com\/blogs.nabu.de\/trischen\/wp-content\/uploads\/sites\/7\/2017\/03\/eipakete_web.jpg?resize=350%2C200&ssl=1","width":350,"height":200},"classes":[]},{"id":7748,"url":"https:\/\/blogs.nabu.de\/trischen\/trischen-und-der-klimawandel\/","url_meta":{"origin":5375,"position":2},"title":"Trischen und der Klimawandel","date":"15. Mai 2024","format":false,"excerpt":"Liebe Blogleser:innen, eines der gr\u00f6\u00dften Probleme in unserer Zeit ist der menschengemachte Klimwandel. Er bedroht und vernichtet nat\u00fcrliche \u00d6kosysteme und f\u00fchrt zu Bestandsr\u00fcckg\u00e4ngen wildlebender Arten bis zu ihrem vollst\u00e4ndigen Aussterben. Hier bildet Trischen keine Ausnahme. Der Anstieg des Meeresspiegels bedroht die Insel, das liegt auf der Hand. Trischen ist keine\u2026","rel":"","context":"In &quot;Schaufenster&quot;","img":{"alt_text":"","src":"https:\/\/i0.wp.com\/blogs.nabu.de\/trischen\/wp-content\/uploads\/sites\/7\/2024\/05\/photo_2024-05-15_13-33-40.jpg?resize=350%2C200&ssl=1","width":350,"height":200},"classes":[]},{"id":8387,"url":"https:\/\/blogs.nabu.de\/trischen\/insekten-im-wattenmeer\/","url_meta":{"origin":5375,"position":3},"title":"Insekten im Wattenmeer","date":"13. April 2026","format":false,"excerpt":"Moin! Den heutigen Blogeintrag muss ich mit einer Korrektur starten: Im letzten Eintrag habe ich behauptet, ich sei das einzige \"S\u00e4ugetier\" auf Trischen. Dabei habe ich v\u00f6llig die Seehunde unterschlagen, die sich gerade vor allem an der Nordspitze der Insel die Sonne auf den Bauch scheinen lassen. Nicht alles, was\u2026","rel":"","context":"In &quot;Allgemein&quot;","img":{"alt_text":"","src":"https:\/\/i0.wp.com\/blogs.nabu.de\/trischen\/wp-content\/uploads\/sites\/7\/2026\/04\/Screenshot-2026-04-13-121556-e1776075504773.png?resize=350%2C200","width":350,"height":200},"classes":[]},{"id":8127,"url":"https:\/\/blogs.nabu.de\/trischen\/nichts-neues-von-familie-sandregenpfeifer-eine-schwierige-brutsaison-geht-zu-ende\/","url_meta":{"origin":5375,"position":4},"title":"(Nichts) neues von Familie Sandregenpfeifer: Eine schwierige Brutsaison geht zu Ende","date":"27. Juli 2025","format":"image","excerpt":"Die letzten Wochen auf Trischen waren einerseits von vielen sch\u00f6nen Beobachtungen gepr\u00e4gt: Immer wieder konnte ich junge Rotschenkel mit ihren blassorangenen Beinen bei der Nahrungssuche im Watt beobachten. Die Wei\u00dfwangeng\u00e4nse watschelten mit ihren frisch geschl\u00fcpften K\u00fcken im G\u00e4nsemarsch durch die Salzwiesen. Jetzt ein paar Wochen sp\u00e4ter sind die kleinen schon\u2026","rel":"","context":"In &quot;Beobachtungen&quot;","img":{"alt_text":"","src":"https:\/\/i0.wp.com\/blogs.nabu.de\/trischen\/wp-content\/uploads\/sites\/7\/2025\/07\/photo_2025-07-25_15-54-30.jpg?resize=350%2C200&ssl=1","width":350,"height":200},"classes":[]},{"id":3765,"url":"https:\/\/blogs.nabu.de\/trischen\/welpen-am-strand-von-trischen\/","url_meta":{"origin":5375,"position":5},"title":"Welpen am Strand von Trischen","date":"16. Juni 2018","format":false,"excerpt":"Die Wurfsaison der Seehunde (Phoca vitulina) ist im vollen Gange. Auf den Sandb\u00e4nken rundherum und auf der Insel Trischen selbst sind derzeit \u00fcber 400 der pelzigen Wattenmeer-Bewohner zu beobachten. Bei Ebbe bringen sie dort ihre Jungen zur Welt. Wenn ich sie so gem\u00fctlich in der Sonne am Strand liegen sehe,\u2026","rel":"","context":"In &quot;Schaufenster&quot;","img":{"alt_text":"","src":"https:\/\/i0.wp.com\/blogs.nabu.de\/trischen\/wp-content\/uploads\/sites\/7\/2018\/06\/20180601_Trischen_Seehund.jpg?resize=350%2C200&ssl=1","width":350,"height":200},"classes":[]}],"jetpack_sharing_enabled":true,"_links":{"self":[{"href":"https:\/\/blogs.nabu.de\/trischen\/wp-json\/wp\/v2\/posts\/5375"}],"collection":[{"href":"https:\/\/blogs.nabu.de\/trischen\/wp-json\/wp\/v2\/posts"}],"about":[{"href":"https:\/\/blogs.nabu.de\/trischen\/wp-json\/wp\/v2\/types\/post"}],"author":[{"embeddable":true,"href":"https:\/\/blogs.nabu.de\/trischen\/wp-json\/wp\/v2\/users\/96"}],"replies":[{"embeddable":true,"href":"https:\/\/blogs.nabu.de\/trischen\/wp-json\/wp\/v2\/comments?post=5375"}],"version-history":[{"count":7,"href":"https:\/\/blogs.nabu.de\/trischen\/wp-json\/wp\/v2\/posts\/5375\/revisions"}],"predecessor-version":[{"id":5386,"href":"https:\/\/blogs.nabu.de\/trischen\/wp-json\/wp\/v2\/posts\/5375\/revisions\/5386"}],"wp:featuredmedia":[{"embeddable":true,"href":"https:\/\/blogs.nabu.de\/trischen\/wp-json\/wp\/v2\/media\/5376"}],"wp:attachment":[{"href":"https:\/\/blogs.nabu.de\/trischen\/wp-json\/wp\/v2\/media?parent=5375"}],"wp:term":[{"taxonomy":"category","embeddable":true,"href":"https:\/\/blogs.nabu.de\/trischen\/wp-json\/wp\/v2\/categories?post=5375"},{"taxonomy":"post_tag","embeddable":true,"href":"https:\/\/blogs.nabu.de\/trischen\/wp-json\/wp\/v2\/tags?post=5375"}],"curies":[{"name":"wp","href":"https:\/\/api.w.org\/{rel}","templated":true}]}}