{"id":1000,"date":"2016-07-11T16:06:02","date_gmt":"2016-07-11T14:06:02","guid":{"rendered":"http:\/\/blogs.nabu.de\/trischen\/?p=1000"},"modified":"2016-10-09T11:46:43","modified_gmt":"2016-10-09T09:46:43","slug":"die-brandgansmauser-beginnt","status":"publish","type":"post","link":"https:\/\/blogs.nabu.de\/trischen\/die-brandgansmauser-beginnt\/","title":{"rendered":"Die Brandgansmauser beginnt"},"content":{"rendered":"<p>Auf Trischen bahnt sich ein besonderes Naturschauspiel an: Die Massenmauser der Brandgans (<em>Tadorna tadorna<\/em>) beginnt. J\u00e4hrlich versammeln sich zwischen Juni bis September zigtausend Brandg\u00e4nse aus ganz Europa im Wattenmeer um Trischen herum. Wie alle Entenv\u00f6gel erneuern sie ihre Flugfedern nicht nach und nach, sondern\u00a0 in einem Zug. Sie sind dann f\u00fcr zwei bis vier Wochen flugunf\u00e4hig und in der Zeit besonders st\u00f6rungsanf\u00e4llig.<\/p>\n<p>Schon seit einigen Tagen steigt die Zahl der Brandg\u00e4nse merklich an. W\u00e4hrend es letzte Woche noch nur 3.500 Halbg\u00e4nse waren, sind es jetzt schon \u00fcber 6.000 Tiere! Bis zum H\u00f6hepunkt Ende Juli \/ Anfang August k\u00f6nnen es noch bis zu 20.000 Tiere und mehr werden.<\/p>\n<p>Schon jetzt ist die Mauser jedoch nicht zu \u00fcbersehen: Am Strand t\u00fcrmen sich die abgelegten Federn im Sp\u00fclsaum und bilden zum Teil sehr h\u00fcbsch anzusehende Formationen.<\/p>\n\n\t\t<style type=\"text\/css\">\n\t\t\t#gallery-1 {\n\t\t\t\tmargin: auto;\n\t\t\t}\n\t\t\t#gallery-1 .gallery-item {\n\t\t\t\tfloat: left;\n\t\t\t\tmargin-top: 10px;\n\t\t\t\ttext-align: center;\n\t\t\t\twidth: 50%;\n\t\t\t}\n\t\t\t#gallery-1 img {\n\t\t\t\tborder: 2px solid #cfcfcf;\n\t\t\t}\n\t\t\t#gallery-1 .gallery-caption {\n\t\t\t\tmargin-left: 0;\n\t\t\t}\n\t\t\t\/* see gallery_shortcode() in wp-includes\/media.php *\/\n\t\t<\/style>\n\t\t<div data-carousel-extra='{\"blog_id\":7,\"permalink\":\"https:\\\/\\\/blogs.nabu.de\\\/trischen\\\/die-brandgansmauser-beginnt\\\/\"}' id='gallery-1' class='gallery galleryid-1000 gallery-columns-2 gallery-size-medium'><dl class='gallery-item'>\n\t\t\t<dt class='gallery-icon landscape'>\n\t\t\t\t<a href='https:\/\/blogs.nabu.de\/trischen\/die-brandgansmauser-beginnt\/mauser-4\/'><img width=\"300\" height=\"225\" src=\"https:\/\/blogs.nabu.de\/trischen\/wp-content\/uploads\/sites\/7\/2016\/07\/Mauser-4-300x225.jpg\" class=\"attachment-medium size-medium\" alt=\"\" decoding=\"async\" loading=\"lazy\" aria-describedby=\"gallery-1-1004\" data-attachment-id=\"1004\" data-permalink=\"https:\/\/blogs.nabu.de\/trischen\/die-brandgansmauser-beginnt\/mauser-4\/\" data-orig-file=\"https:\/\/blogs.nabu.de\/trischen\/wp-content\/uploads\/sites\/7\/2016\/07\/Mauser-4.jpg\" data-orig-size=\"1000,750\" data-comments-opened=\"0\" data-image-meta=\"{&quot;aperture&quot;:&quot;4&quot;,&quot;credit&quot;:&quot;&quot;,&quot;camera&quot;:&quot;DSC-HX60&quot;,&quot;caption&quot;:&quot;&quot;,&quot;created_timestamp&quot;:&quot;1468150574&quot;,&quot;copyright&quot;:&quot;&quot;,&quot;focal_length&quot;:&quot;4.3&quot;,&quot;iso&quot;:&quot;80&quot;,&quot;shutter_speed&quot;:&quot;0.002&quot;,&quot;title&quot;:&quot;&quot;,&quot;orientation&quot;:&quot;1&quot;}\" data-image-title=\"Federn am Strand &#8211; die Brandgansmauser beginnt (Foto: M. Maier)\" data-image-description=\"\" data-image-caption=\"&lt;p&gt;Federn am Strand &#8211; die Brandgansmauser beginnt&lt;\/p&gt;\n\" data-medium-file=\"https:\/\/blogs.nabu.de\/trischen\/wp-content\/uploads\/sites\/7\/2016\/07\/Mauser-4-300x225.jpg\" data-large-file=\"https:\/\/blogs.nabu.de\/trischen\/wp-content\/uploads\/sites\/7\/2016\/07\/Mauser-4-1000x750.jpg\" \/><\/a>\n\t\t\t<\/dt>\n\t\t\t\t<dd class='wp-caption-text gallery-caption' id='gallery-1-1004'>\n\t\t\t\tFedern am Strand &#8211; die Brandgansmauser beginnt\n\t\t\t\t<\/dd><\/dl><dl class='gallery-item'>\n\t\t\t<dt class='gallery-icon landscape'>\n\t\t\t\t<a href='https:\/\/blogs.nabu.de\/trischen\/die-brandgansmauser-beginnt\/mauser-3\/'><img width=\"300\" height=\"225\" src=\"https:\/\/blogs.nabu.de\/trischen\/wp-content\/uploads\/sites\/7\/2016\/07\/Mauser-3-300x225.jpg\" class=\"attachment-medium size-medium\" alt=\"\" decoding=\"async\" loading=\"lazy\" aria-describedby=\"gallery-1-1003\" data-attachment-id=\"1003\" data-permalink=\"https:\/\/blogs.nabu.de\/trischen\/die-brandgansmauser-beginnt\/mauser-3\/\" data-orig-file=\"https:\/\/blogs.nabu.de\/trischen\/wp-content\/uploads\/sites\/7\/2016\/07\/Mauser-3.jpg\" data-orig-size=\"1000,750\" data-comments-opened=\"0\" data-image-meta=\"{&quot;aperture&quot;:&quot;4&quot;,&quot;credit&quot;:&quot;&quot;,&quot;camera&quot;:&quot;DSC-HX60&quot;,&quot;caption&quot;:&quot;&quot;,&quot;created_timestamp&quot;:&quot;1468149990&quot;,&quot;copyright&quot;:&quot;&quot;,&quot;focal_length&quot;:&quot;6.07&quot;,&quot;iso&quot;:&quot;80&quot;,&quot;shutter_speed&quot;:&quot;0.00125&quot;,&quot;title&quot;:&quot;&quot;,&quot;orientation&quot;:&quot;1&quot;}\" data-image-title=\"Federn am Strand &#8211; die Brandgansmauser beginnt (Foto: M. Maier)\" data-image-description=\"\" data-image-caption=\"&lt;p&gt;Federn am Strand &#8211; die Brandgansmauser beginnt&lt;\/p&gt;\n\" data-medium-file=\"https:\/\/blogs.nabu.de\/trischen\/wp-content\/uploads\/sites\/7\/2016\/07\/Mauser-3-300x225.jpg\" data-large-file=\"https:\/\/blogs.nabu.de\/trischen\/wp-content\/uploads\/sites\/7\/2016\/07\/Mauser-3-1000x750.jpg\" \/><\/a>\n\t\t\t<\/dt>\n\t\t\t\t<dd class='wp-caption-text gallery-caption' id='gallery-1-1003'>\n\t\t\t\tFedern am Strand &#8211; die Brandgansmauser beginnt\n\t\t\t\t<\/dd><\/dl><br style=\"clear: both\" \/><dl class='gallery-item'>\n\t\t\t<dt class='gallery-icon landscape'>\n\t\t\t\t<a href='https:\/\/blogs.nabu.de\/trischen\/die-brandgansmauser-beginnt\/mauser-1\/'><img width=\"300\" height=\"225\" src=\"https:\/\/blogs.nabu.de\/trischen\/wp-content\/uploads\/sites\/7\/2016\/07\/Mauser-1-300x225.jpg\" class=\"attachment-medium size-medium\" alt=\"\" decoding=\"async\" loading=\"lazy\" aria-describedby=\"gallery-1-1001\" data-attachment-id=\"1001\" data-permalink=\"https:\/\/blogs.nabu.de\/trischen\/die-brandgansmauser-beginnt\/mauser-1\/\" data-orig-file=\"https:\/\/blogs.nabu.de\/trischen\/wp-content\/uploads\/sites\/7\/2016\/07\/Mauser-1.jpg\" data-orig-size=\"1000,750\" data-comments-opened=\"0\" data-image-meta=\"{&quot;aperture&quot;:&quot;8&quot;,&quot;credit&quot;:&quot;&quot;,&quot;camera&quot;:&quot;DSC-HX60&quot;,&quot;caption&quot;:&quot;&quot;,&quot;created_timestamp&quot;:&quot;1468148800&quot;,&quot;copyright&quot;:&quot;&quot;,&quot;focal_length&quot;:&quot;10.05&quot;,&quot;iso&quot;:&quot;80&quot;,&quot;shutter_speed&quot;:&quot;0.004&quot;,&quot;title&quot;:&quot;&quot;,&quot;orientation&quot;:&quot;1&quot;}\" data-image-title=\"Federn am Strand &#8211; die Brandgansmauser beginnt (Foto: M. Maier)\" data-image-description=\"\" data-image-caption=\"&lt;p&gt;Federn am Strand &#8211; die Brandgansmauser beginnt&lt;\/p&gt;\n\" data-medium-file=\"https:\/\/blogs.nabu.de\/trischen\/wp-content\/uploads\/sites\/7\/2016\/07\/Mauser-1-300x225.jpg\" data-large-file=\"https:\/\/blogs.nabu.de\/trischen\/wp-content\/uploads\/sites\/7\/2016\/07\/Mauser-1-1000x750.jpg\" \/><\/a>\n\t\t\t<\/dt>\n\t\t\t\t<dd class='wp-caption-text gallery-caption' id='gallery-1-1001'>\n\t\t\t\tFedern am Strand &#8211; die Brandgansmauser beginnt\n\t\t\t\t<\/dd><\/dl><dl class='gallery-item'>\n\t\t\t<dt class='gallery-icon portrait'>\n\t\t\t\t<a href='https:\/\/blogs.nabu.de\/trischen\/die-brandgansmauser-beginnt\/mauser-2\/'><img width=\"225\" height=\"300\" src=\"https:\/\/blogs.nabu.de\/trischen\/wp-content\/uploads\/sites\/7\/2016\/07\/Mauser-2-225x300.jpg\" class=\"attachment-medium size-medium\" alt=\"\" decoding=\"async\" loading=\"lazy\" aria-describedby=\"gallery-1-1002\" data-attachment-id=\"1002\" data-permalink=\"https:\/\/blogs.nabu.de\/trischen\/die-brandgansmauser-beginnt\/mauser-2\/\" data-orig-file=\"https:\/\/blogs.nabu.de\/trischen\/wp-content\/uploads\/sites\/7\/2016\/07\/Mauser-2.jpg\" data-orig-size=\"750,1000\" data-comments-opened=\"0\" data-image-meta=\"{&quot;aperture&quot;:&quot;8&quot;,&quot;credit&quot;:&quot;&quot;,&quot;camera&quot;:&quot;DSC-HX60&quot;,&quot;caption&quot;:&quot;&quot;,&quot;created_timestamp&quot;:&quot;1468149731&quot;,&quot;copyright&quot;:&quot;&quot;,&quot;focal_length&quot;:&quot;10.67&quot;,&quot;iso&quot;:&quot;80&quot;,&quot;shutter_speed&quot;:&quot;0.004&quot;,&quot;title&quot;:&quot;&quot;,&quot;orientation&quot;:&quot;1&quot;}\" data-image-title=\"Federn am Strand &#8211; die Brandgansmauser beginnt (Foto: M. Maier)\" data-image-description=\"\" data-image-caption=\"&lt;p&gt;Federn am Strand &#8211; die Brandgansmauser beginnt&lt;\/p&gt;\n\" data-medium-file=\"https:\/\/blogs.nabu.de\/trischen\/wp-content\/uploads\/sites\/7\/2016\/07\/Mauser-2-225x300.jpg\" data-large-file=\"https:\/\/blogs.nabu.de\/trischen\/wp-content\/uploads\/sites\/7\/2016\/07\/Mauser-2-750x1000.jpg\" \/><\/a>\n\t\t\t<\/dt>\n\t\t\t\t<dd class='wp-caption-text gallery-caption' id='gallery-1-1002'>\n\t\t\t\tFedern am Strand &#8211; die Brandgansmauser beginnt\n\t\t\t\t<\/dd><\/dl><br style=\"clear: both\" \/>\n\t\t<\/div>\n\n<!-- Begin Yuzo --><div class='yuzo_related_post style-1'  data-version='5.12.74'><!-- without result --><div class='yuzo_clearfixed yuzo__title yuzo__title'><h3>Related Post<\/h3><\/div>\n\t\t\t\t\t\t  <div class=\"relatedthumb \" style=\"width:145px;float:left;overflow:hidden;\">  \n\t\t\t\t\t\t\t  \n\t\t\t\t\t\t\t  <a  href=\"https:\/\/blogs.nabu.de\/trischen\/vom-ankommen\/\"  >\n\t\t\t\t\t\t\t\t\t  <div class=\"yuzo-img-wrap \" style=\"width: 145px;height:145px;\">\n\t\t\t\t\t\t\t\t\t\t\n\t\t\t\t\t\t\t\t\t\t<div class=\"yuzo-img\" style=\"background:url('https:\/\/blogs.nabu.de\/trischen\/wp-content\/uploads\/sites\/7\/2024\/03\/photo_2024-03-29_20-08-19-150x150.jpg') 50% 50% no-repeat;width: 145px;height:145px;margin-bottom: 5px;background-size: cover; \"><\/div>\n\t\t\t\t\t\t\t\t\t  <\/div>\n\t\t\t\t\t\t\t\t\t  \n\t\t\t\t\t\t\t\t   <span class=\"yuzo__text--title\" style=\"font-size:14px;\">Vom Ankommen<\/span>\n\t\t\t\t\t\t\t  \n\t\t\t\t\t\t\t  \n\t\t\t\t\t\t\t  <\/a>\n\n\t\t\t\t\t\t  <\/div>\n\t\t\t\t\t\t  <div class=\"relatedthumb \" style=\"width:145px;float:left;overflow:hidden;\">  \n\t\t\t\t\t\t\t  \n\t\t\t\t\t\t\t  <a  href=\"https:\/\/blogs.nabu.de\/trischen\/rosen-am-strand\/\"  >\n\t\t\t\t\t\t\t\t\t  <div class=\"yuzo-img-wrap \" style=\"width: 145px;height:145px;\">\n\t\t\t\t\t\t\t\t\t\t\n\t\t\t\t\t\t\t\t\t\t<div class=\"yuzo-img\" style=\"background:url('https:\/\/blogs.nabu.de\/trischen\/wp-content\/uploads\/sites\/7\/2018\/09\/IMG_1688-150x150.jpg') 50% 50% no-repeat;width: 145px;height:145px;margin-bottom: 5px;background-size: cover; \"><\/div>\n\t\t\t\t\t\t\t\t\t  <\/div>\n\t\t\t\t\t\t\t\t\t  \n\t\t\t\t\t\t\t\t   <span class=\"yuzo__text--title\" style=\"font-size:14px;\">Rosen am Strand<\/span>\n\t\t\t\t\t\t\t  \n\t\t\t\t\t\t\t  \n\t\t\t\t\t\t\t  <\/a>\n\n\t\t\t\t\t\t  <\/div>\n\t\t\t\t\t\t  <div class=\"relatedthumb \" style=\"width:145px;float:left;overflow:hidden;\">  \n\t\t\t\t\t\t\t  \n\t\t\t\t\t\t\t  <a  href=\"https:\/\/blogs.nabu.de\/trischen\/heftiges-gewitter-in-dithmarschen\/\"  >\n\t\t\t\t\t\t\t\t\t  <div class=\"yuzo-img-wrap \" style=\"width: 145px;height:145px;\">\n\t\t\t\t\t\t\t\t\t\t\n\t\t\t\t\t\t\t\t\t\t<div class=\"yuzo-img\" style=\"background:url('https:\/\/blogs.nabu.de\/trischen\/wp-content\/uploads\/sites\/7\/2016\/06\/Blitz-I-150x150.jpg') 50% 50% no-repeat;width: 145px;height:145px;margin-bottom: 5px;background-size: cover; \"><\/div>\n\t\t\t\t\t\t\t\t\t  <\/div>\n\t\t\t\t\t\t\t\t\t  \n\t\t\t\t\t\t\t\t   <span class=\"yuzo__text--title\" style=\"font-size:14px;\">Heftiges Gewitter in Dithmarschen und Cuxhaven<\/span>\n\t\t\t\t\t\t\t  \n\t\t\t\t\t\t\t  \n\t\t\t\t\t\t\t  <\/a>\n\n\t\t\t\t\t\t  <\/div>\n\t\t\t\t\t\t  <div class=\"relatedthumb \" style=\"width:145px;float:left;overflow:hidden;\">  \n\t\t\t\t\t\t\t  \n\t\t\t\t\t\t\t  <a  href=\"https:\/\/blogs.nabu.de\/trischen\/strandputz\/\"  >\n\t\t\t\t\t\t\t\t\t  <div class=\"yuzo-img-wrap \" style=\"width: 145px;height:145px;\">\n\t\t\t\t\t\t\t\t\t\t\n\t\t\t\t\t\t\t\t\t\t<div class=\"yuzo-img\" style=\"background:url('https:\/\/blogs.nabu.de\/trischen\/wp-content\/uploads\/sites\/7\/2017\/07\/spuelbuerste_web-150x150.jpg') 50% 50% no-repeat;width: 145px;height:145px;margin-bottom: 5px;background-size: cover; \"><\/div>\n\t\t\t\t\t\t\t\t\t  <\/div>\n\t\t\t\t\t\t\t\t\t  \n\t\t\t\t\t\t\t\t   <span class=\"yuzo__text--title\" style=\"font-size:14px;\">Strandputz?<\/span>\n\t\t\t\t\t\t\t  \n\t\t\t\t\t\t\t  \n\t\t\t\t\t\t\t  <\/a>\n\n\t\t\t\t\t\t  <\/div>\n<\/div> <style>\n\t\t\t\t\t\t\t\t.yuzo_related_post img{width:155px !important; height:145px !important;}\n\t\t\t\t\t\t\t\t.yuzo_related_post .relatedthumb{line-height:16px;background: !important;color:!important;}\n\t\t\t\t\t\t\t\t.yuzo_related_post .relatedthumb:hover{background:#fcfcf4 !important; -webkit-transition: background 0.2s linear; -moz-transition: background 0.2s linear; -o-transition: background 0.2s linear; transition: background 0.2s linear;;color:!important;}\n\t\t\t\t\t\t\t\t.yuzo_related_post .relatedthumb a{color:!important;}\n\t\t\t\t\t\t\t\t.yuzo_related_post .relatedthumb a:hover{ color:}!important;}\n\t\t\t\t\t\t\t\t.yuzo_related_post .relatedthumb:hover a{ color:!important;}\n\t\t\t\t\t\t\t\t.yuzo_related_post .yuzo_text {color:!important;}\n\t\t\t\t\t\t\t\t.yuzo_related_post .relatedthumb:hover .yuzo_text {color:!important;}\n\t\t\t\t\t\t\t\t.yuzo_related_post .relatedthumb{  margin: 0px  0px  0px  0px;   padding: 5px  5px  5px  5px;  }\n\t\t\t\t\t\t\t\t\n\t\t\t\t\t\t\t\t<\/style> <script>\n\t\t\t\t\t\t  jQuery(document).ready(function( $ ){\n\t\t\t\t\t\t\t\/\/jQuery('.yuzo_related_post').equalizer({ overflow : 'relatedthumb' });\n\t\t\t\t\t\t\tjQuery('.yuzo_related_post .yuzo_wraps').equalizer({ columns : '> div' });\n\t\t\t\t\t\t   })\n\t\t\t\t\t\t  <\/script> <!-- End Yuzo :) -->","protected":false},"excerpt":{"rendered":"<p>Auf Trischen bahnt sich ein besonderes Naturschauspiel an: Die Massenmauser der Brandgans beginnt. J\u00e4hrlich versammeln sich Tausende Brandg\u00e4nse, um ihre Mauser zu vollziehen. <\/p>\n","protected":false},"author":50,"featured_media":1003,"comment_status":"closed","ping_status":"closed","sticky":false,"template":"","format":"standard","meta":{"jetpack_post_was_ever_published":false},"categories":[10],"tags":[],"jetpack_featured_media_url":"https:\/\/blogs.nabu.de\/trischen\/wp-content\/uploads\/sites\/7\/2016\/07\/Mauser-3.jpg","jetpack_shortlink":"https:\/\/wp.me\/p7gGqE-g8","jetpack-related-posts":[{"id":2539,"url":"https:\/\/blogs.nabu.de\/trischen\/bunte-hoehlenbrueter\/","url_meta":{"origin":1000,"position":0},"title":"Bunte H\u00f6hlenbr\u00fcter","date":"16. Juli 2017","format":false,"excerpt":"Auch wenn die Brutzeit schon fast vorbei ist, soll es noch einmal um eine Brutvogelart gehen, die erst jetzt ihre Jungen f\u00fchrt: die Brandgans.","rel":"","context":"In &quot;Schaufenster&quot;","img":{"alt_text":"","src":"https:\/\/i0.wp.com\/blogs.nabu.de\/trischen\/wp-content\/uploads\/sites\/7\/2017\/07\/brandgans-paar_web.jpg?resize=350%2C200&ssl=1","width":350,"height":200},"classes":[]},{"id":4766,"url":"https:\/\/blogs.nabu.de\/trischen\/nistplatzsuche-wohnungsbesichtigung\/","url_meta":{"origin":1000,"position":1},"title":"Nistplatzsuche &#8211; \u201eWohnungsbesichtigung\u201c","date":"12. Mai 2019","format":false,"excerpt":"Es sind zwei potentielle Wohnungen frei! Eine steht nun schon eine Weile leer, w\u00e4hrend die andere meines Wissens zuvor noch nie bewohnt war. Zwei Bewerberparteien haben sich je eine Wohnung angeschaut. Die eine unterm Dach die andere, na sagen wir....Souterrain. Und so lief das Ganze ab: Eines morgens beobachtete ich\u2026","rel":"","context":"In &quot;Schaufenster&quot;","img":{"alt_text":"","src":"https:\/\/i0.wp.com\/blogs.nabu.de\/trischen\/wp-content\/uploads\/sites\/7\/2019\/05\/Wohnungsbesichtigung.jpg?resize=350%2C200&ssl=1","width":350,"height":200},"classes":[]},{"id":5160,"url":"https:\/\/blogs.nabu.de\/trischen\/na-die-haben-sich-aber-gemausert\/","url_meta":{"origin":1000,"position":2},"title":"Na, die haben sich aber gemausert!","date":"23. Juli 2019","format":false,"excerpt":"Lange habe ich dar\u00fcber nachgedacht, wie ich \u00fcber die Mauser berichte, denn schlie\u00dflich habe ich versprochen, den Federwechsel, zumindest den der Brandg\u00e4nse, zu gegebener Zeit genauer vorzustellen. In den Vorjahren haben die Vogelwarte bereits sehr sch\u00f6n und ausf\u00fchrlich \u00fcber den Vorgang der Mauser in diesem blog geschrieben. (Klick hier: Infos\u2026","rel":"","context":"In &quot;Beobachtungen&quot;","img":{"alt_text":"","src":"https:\/\/i0.wp.com\/blogs.nabu.de\/trischen\/wp-content\/uploads\/sites\/7\/2019\/07\/Eiderente.jpg?resize=350%2C200&ssl=1","width":350,"height":200},"classes":[]},{"id":464,"url":"https:\/\/blogs.nabu.de\/trischen\/duenenuebergang-durch-duene-versperrt\/","url_meta":{"origin":1000,"position":3},"title":"Anhaltenden West &#8211; Nordwestwind l\u00e4sst D\u00fcne wachsen","date":"22. April 2016","format":false,"excerpt":"Der andauernde Westwind hat in den letzten Tage einigen Sand vom Strand in die D\u00fcnen geweht.","rel":"","context":"In &quot;Schaufenster&quot;","img":{"alt_text":"","src":"https:\/\/i0.wp.com\/blogs.nabu.de\/trischen\/wp-content\/uploads\/sites\/7\/2016\/04\/DSC07027.jpg?resize=350%2C200&ssl=1","width":350,"height":200},"classes":[]},{"id":5781,"url":"https:\/\/blogs.nabu.de\/trischen\/neue-federkleider\/","url_meta":{"origin":1000,"position":4},"title":"Neue Federkleider","date":"3. September 2020","format":false,"excerpt":"Das Vogeljahr ist gepr\u00e4gt von verschiedenen Abl\u00e4ufen. Es gibt eine Brutzeit, eine Zugzeit, eine Zeit in der die V\u00f6gel \u00fcberwintern und eine Zeit der Mauser. W\u00e4hrend der Mauser erneuern V\u00f6gel ihre Federn. Die alten und abgenutzten Federn werden abgeworfen und neue Federn wachsen nach. Je nach Vogelart passiert dies zu\u2026","rel":"","context":"In &quot;Schaufenster&quot;","img":{"alt_text":"","src":"https:\/\/i0.wp.com\/blogs.nabu.de\/trischen\/wp-content\/uploads\/sites\/7\/2020\/09\/IMG_2234-1.jpg?resize=350%2C200&ssl=1","width":350,"height":200},"classes":[]},{"id":2582,"url":"https:\/\/blogs.nabu.de\/trischen\/mauserzeit\/","url_meta":{"origin":1000,"position":5},"title":"Mauserzeit","date":"31. Juli 2017","format":false,"excerpt":"Auf dem Wasser rund um Trischen wird es gerade eng. \u00dcberall sieht man wei\u00dfe und dunkle Punkte. Tausende Brandg\u00e4nse und Eiderenten versammeln sich im Wattenmeer, um zu mausern.","rel":"","context":"In &quot;Schaufenster&quot;","img":{"alt_text":"","src":"https:\/\/i0.wp.com\/blogs.nabu.de\/trischen\/wp-content\/uploads\/sites\/7\/2017\/07\/brandgans-armschwinge_web.jpg?resize=350%2C200&ssl=1","width":350,"height":200},"classes":[]}],"jetpack_sharing_enabled":true,"_links":{"self":[{"href":"https:\/\/blogs.nabu.de\/trischen\/wp-json\/wp\/v2\/posts\/1000"}],"collection":[{"href":"https:\/\/blogs.nabu.de\/trischen\/wp-json\/wp\/v2\/posts"}],"about":[{"href":"https:\/\/blogs.nabu.de\/trischen\/wp-json\/wp\/v2\/types\/post"}],"author":[{"embeddable":true,"href":"https:\/\/blogs.nabu.de\/trischen\/wp-json\/wp\/v2\/users\/50"}],"replies":[{"embeddable":true,"href":"https:\/\/blogs.nabu.de\/trischen\/wp-json\/wp\/v2\/comments?post=1000"}],"version-history":[{"count":6,"href":"https:\/\/blogs.nabu.de\/trischen\/wp-json\/wp\/v2\/posts\/1000\/revisions"}],"predecessor-version":[{"id":1684,"href":"https:\/\/blogs.nabu.de\/trischen\/wp-json\/wp\/v2\/posts\/1000\/revisions\/1684"}],"wp:featuredmedia":[{"embeddable":true,"href":"https:\/\/blogs.nabu.de\/trischen\/wp-json\/wp\/v2\/media\/1003"}],"wp:attachment":[{"href":"https:\/\/blogs.nabu.de\/trischen\/wp-json\/wp\/v2\/media?parent=1000"}],"wp:term":[{"taxonomy":"category","embeddable":true,"href":"https:\/\/blogs.nabu.de\/trischen\/wp-json\/wp\/v2\/categories?post=1000"},{"taxonomy":"post_tag","embeddable":true,"href":"https:\/\/blogs.nabu.de\/trischen\/wp-json\/wp\/v2\/tags?post=1000"}],"curies":[{"name":"wp","href":"https:\/\/api.w.org\/{rel}","templated":true}]}}