{"id":3737,"date":"2024-10-10T11:16:07","date_gmt":"2024-10-10T09:16:07","guid":{"rendered":"https:\/\/blogs.nabu.de\/stoerche-auf-reisen\/?p=3737"},"modified":"2024-10-10T11:16:07","modified_gmt":"2024-10-10T09:16:07","slug":"pauli-ist-wieder-in-marokko","status":"publish","type":"post","link":"https:\/\/blogs.nabu.de\/stoerche-auf-reisen\/pauli-ist-wieder-in-marokko\/","title":{"rendered":"Pauli ist wieder in Marokko"},"content":{"rendered":"<p><a href=\"https:\/\/blogs.nabu.de\/stoerche-auf-reisen\/wp-content\/uploads\/sites\/4\/2022\/08\/Pauli_icon.jpg\"><img decoding=\"async\" loading=\"lazy\" class=\"alignleft size-full wp-image-3053\" src=\"https:\/\/blogs.nabu.de\/stoerche-auf-reisen\/wp-content\/uploads\/sites\/4\/2022\/08\/Pauli_icon.jpg\" alt=\"\" width=\"38\" height=\"38\" \/><\/a>nicht lange Pauli hat es bei Madrid gehalten. Schon nach neun Tagen machte sie sich am 20. Sept. wieder auf den weiteren Weg nach S\u00fcden. Einen Tag lang rastete sie wenige Kilometer westlich von Toledo. Ihr Futter fand sie auf einer M\u00fclldeponie und die Nacht verbrachte sie im seichen Wasser des Stausees &#8222;Embalse de Castrej\u00f3n&#8220;. Am 23. Sept. erreichte sie Cordoba, wo sie drei Tage blieb. Auch hier rastete sie an der nahen M\u00fclldeponie. Am 27. Sept. landete sie nahe der Stra\u00dfe von Gibraltar, die sie am n\u00e4chsten Tag \u00fcberquerte. Am Abend erreichte sie ihr endg\u00fcltiges Ziel in T\u00e9touan. Hier wird sie wahrscheinlich den ganzen Winter verbringen.<\/p>\n","protected":false},"excerpt":{"rendered":"<p>nicht lange Pauli hat es bei Madrid gehalten. Schon nach neun Tagen machte sie sich am 20. Sept. wieder auf den weiteren Weg nach S\u00fcden. Einen Tag lang [&hellip;]<\/p>\n","protected":false},"author":35,"featured_media":0,"comment_status":"open","ping_status":"closed","sticky":false,"template":"","format":"standard","meta":{"jetpack_post_was_ever_published":false},"categories":[1,25],"tags":[],"jetpack_featured_media_url":"","jetpack_sharing_enabled":true,"jetpack_shortlink":"https:\/\/wp.me\/p6wIP2-Yh","_links":{"self":[{"href":"https:\/\/blogs.nabu.de\/stoerche-auf-reisen\/wp-json\/wp\/v2\/posts\/3737"}],"collection":[{"href":"https:\/\/blogs.nabu.de\/stoerche-auf-reisen\/wp-json\/wp\/v2\/posts"}],"about":[{"href":"https:\/\/blogs.nabu.de\/stoerche-auf-reisen\/wp-json\/wp\/v2\/types\/post"}],"author":[{"embeddable":true,"href":"https:\/\/blogs.nabu.de\/stoerche-auf-reisen\/wp-json\/wp\/v2\/users\/35"}],"replies":[{"embeddable":true,"href":"https:\/\/blogs.nabu.de\/stoerche-auf-reisen\/wp-json\/wp\/v2\/comments?post=3737"}],"version-history":[{"count":1,"href":"https:\/\/blogs.nabu.de\/stoerche-auf-reisen\/wp-json\/wp\/v2\/posts\/3737\/revisions"}],"predecessor-version":[{"id":3738,"href":"https:\/\/blogs.nabu.de\/stoerche-auf-reisen\/wp-json\/wp\/v2\/posts\/3737\/revisions\/3738"}],"wp:attachment":[{"href":"https:\/\/blogs.nabu.de\/stoerche-auf-reisen\/wp-json\/wp\/v2\/media?parent=3737"}],"wp:term":[{"taxonomy":"category","embeddable":true,"href":"https:\/\/blogs.nabu.de\/stoerche-auf-reisen\/wp-json\/wp\/v2\/categories?post=3737"},{"taxonomy":"post_tag","embeddable":true,"href":"https:\/\/blogs.nabu.de\/stoerche-auf-reisen\/wp-json\/wp\/v2\/tags?post=3737"}],"curies":[{"name":"wp","href":"https:\/\/api.w.org\/{rel}","templated":true}]}}