{"id":7795,"date":"2024-02-22T17:16:49","date_gmt":"2024-02-22T16:16:49","guid":{"rendered":"https:\/\/blogs.nabu.de\/naturschaetze-retten\/?p=7795"},"modified":"2024-03-01T12:08:55","modified_gmt":"2024-03-01T11:08:55","slug":"water-resilience-initiative","status":"publish","type":"post","link":"https:\/\/blogs.nabu.de\/naturschaetze-retten\/water-resilience-initiative\/","title":{"rendered":"Wasserkonflikte nehmen zu &#8211; EU weiterhin ohne Strategie"},"content":{"rendered":"<h3>Europ\u00e4ische Kommission nimmt Ver\u00f6ffentlichung der Wasser-Resilienz-Initiative von der Agenda<\/h3>\n<p><b><span data-contrast=\"auto\">Inoffiziellen Angaben nach verschiebt die Europ\u00e4ische Kommission die f\u00fcr M\u00e4rz geplante Ver\u00f6ffentlichung der Wasser-Resilienz-Initiative auf einen unbestimmten Zeitpunkt und ignoriert dabei eines der dringendsten Zukunftsthemen Europas.<\/span><\/b><span data-ccp-props=\"{&quot;201341983&quot;:0,&quot;335551550&quot;:6,&quot;335551620&quot;:6,&quot;335559739&quot;:160,&quot;335559740&quot;:259}\">\u00a0<\/span><!--more--><\/p>\n<p><span data-contrast=\"auto\">In ihrer <a href=\"https:\/\/www.europarl.europa.eu\/legislative-train\/theme-a-european-green-deal\/file-water-resilience\">Rede zur Lage der Union<\/a> k\u00fcndigte EU-Kommissionspr\u00e4sidentin von der Leyen im September 2023 die Wasser-Resilienz-Initiative (Water Resilience Initiative) an und ging damit einen ersten Schritt, die sich zuspitzenden Probleme rund um das Thema Wasser als l\u00e4nder\u00fcbergreifenden Schwerpunkt zu behandeln. Die Einzelheiten sollten am 12. M\u00e4rz 2024 vorgestellt werden. Nun wurde die Initiative von der Agenda gestrichen.\u00a0<\/span><\/p>\n<p><span data-contrast=\"auto\">Die voranschreitende Klimakrise wird weiterhin zu einer Zunahme von Extremwetterereignissen f\u00fchren.\u00a0Die Folgen dessen wurden uns in den vergangenen Jahren mit einer Eskalation von Wasserknappheit, Br\u00e4nden, D\u00fcrreperioden, \u00dcberflutungen und verst\u00e4rkten Nutzungskonflikten um Wasser als Ressource in ganz Europa vor Augen gef\u00fchrt. Angesichts dieser Herausforderungen ist eine umfassende EU-weite Strategie f\u00fcr einen dringend notwendigen Paradigmenwechsel im Wassermanagement unerl\u00e4sslich. Themen wie die Verschmutzung von Wasser durch Industrie- und landwirtschaftliche Eintr\u00e4ge, die Wiederherstellung intakter Wasserkreisl\u00e4ufe und die zunehmende Versiegelung von Fl\u00e4chen m\u00fcssen dringend angegangen werden. Ein widerstandsf\u00e4higer Wasserhaushalt und die Reduzierung von wasserbedingten Katastrophen sind wesentliche Bestandteile unser Daseinsvorsorge. Dar\u00fcber hinaus ist der Zugang zu Wasser ein grundlegender Produktionsfaktor f\u00fcr die Industrie (einschlie\u00dflich ihrer gr\u00fcnen Transformation), den Lebensmittel- und Landwirtschaftssektor sowie den Energiesektor.<\/span><span data-ccp-props=\"{&quot;201341983&quot;:0,&quot;335551550&quot;:6,&quot;335551620&quot;:6,&quot;335559739&quot;:160,&quot;335559740&quot;:259}\">\u00a0<\/span><\/p>\n<p><span data-contrast=\"auto\">Indem die EU-Kommission ihre Wasser-Resilienz-Initiative auf unbestimmte Zeit verschiebt, vers\u00e4umt sie es, wichtige Leitlinien f\u00fcr den europ\u00e4ischen Umgang mit Wasser zu setzen. Offensichtlich scheut sie die Auseinandersetzung mit dem Agrarsektor, wie die Reaktionen auf die j\u00fcngsten Proteste von Landwirt*innen zeigen. Paradoxerweise h\u00e4ngt die Zukunftsf\u00e4higkeit der Landwirtschaft jedoch genau von diesem Wandel in der Wasserbewirtschaftung ab. Die St\u00e4rkung naturbasierter L\u00f6sungen ist entscheidend f\u00fcr die Wasserresilienz und sollte daher eine politische Priorit\u00e4t f\u00fcr die n\u00e4chste Europ\u00e4ische Kommission sein. Wir fordern die Kommission daher auf, dieses Thema wieder auf die Agenda zu setzen und sofort anzugehen.<\/span><span data-ccp-props=\"{&quot;201341983&quot;:0,&quot;335551550&quot;:6,&quot;335551620&quot;:6,&quot;335559739&quot;:160,&quot;335559740&quot;:259}\">\u00a0<\/span><\/p>\n<p><em>Ein Blogbeitrag Carlotta Pehlke und Helen Meusel<\/em><\/p>\n<!-- Begin Yuzo --><div class='yuzo_related_post style-1'  data-version='5.12.74'><!-- without result --><div class='yuzo_clearfixed yuzo__title yuzo__title'><h3>Das k\u00f6nnte Sie auch interessieren<\/h3><\/div>\n\t\t\t\t\t\t  <div class=\"relatedthumb \" style=\"width:125px;float:left;overflow:hidden;\">  \n\t\t\t\t\t\t\t  \n\t\t\t\t\t\t\t  <a  href=\"https:\/\/blogs.nabu.de\/naturschaetze-retten\/utps\/\"  >\n\t\t\t\t\t\t\t\t\t  <div class=\"yuzo-img-wrap \" style=\"width: 125px;height:90px;\">\n\t\t\t\t\t\t\t\t\t\t\n\t\t\t\t\t\t\t\t\t\t<div class=\"yuzo-img\" style=\"background:url('https:\/\/blogs.nabu.de\/naturschaetze-retten\/wp-content\/uploads\/sites\/3\/2018\/10\/Twitter-Agrar-340x226.png') 50% 50% no-repeat;width: 125px;height:90px;margin-bottom: 5px;background-size: cover; \"><\/div>\n\t\t\t\t\t\t\t\t\t  <\/div>\n\t\t\t\t\t\t\t\t\t  \n\t\t\t\t\t\t\t\t   <span class=\"yuzo__text--title\" style=\"font-size:13px;\">Geht\u2019s noch: Umweltstandards als unfair verb...<\/span>\n\t\t\t\t\t\t\t  \n\t\t\t\t\t\t\t  \n\t\t\t\t\t\t\t  <\/a>\n\n\t\t\t\t\t\t  <\/div>\n\t\t\t\t\t\t  <div class=\"relatedthumb \" style=\"width:125px;float:left;overflow:hidden;\">  \n\t\t\t\t\t\t\t  \n\t\t\t\t\t\t\t  <a  href=\"https:\/\/blogs.nabu.de\/naturschaetze-retten\/nabu-gap-ticker-2018-12-21\/\"  >\n\t\t\t\t\t\t\t\t\t  <div class=\"yuzo-img-wrap \" style=\"width: 125px;height:90px;\">\n\t\t\t\t\t\t\t\t\t\t\n\t\t\t\t\t\t\t\t\t\t<div class=\"yuzo-img\" style=\"background:url('https:\/\/blogs.nabu.de\/naturschaetze-retten\/wp-content\/uploads\/sites\/3\/2018\/06\/nabu-agrar-ticker-340x226.jpg') 50% 50% no-repeat;width: 125px;height:90px;margin-bottom: 5px;background-size: cover; \"><\/div>\n\t\t\t\t\t\t\t\t\t  <\/div>\n\t\t\t\t\t\t\t\t\t  \n\t\t\t\t\t\t\t\t   <span class=\"yuzo__text--title\" style=\"font-size:13px;\">NABU-GAP-Ticker: Bilanz 2018<\/span>\n\t\t\t\t\t\t\t  \n\t\t\t\t\t\t\t  \n\t\t\t\t\t\t\t  <\/a>\n\n\t\t\t\t\t\t  <\/div>\n\t\t\t\t\t\t  <div class=\"relatedthumb \" style=\"width:125px;float:left;overflow:hidden;\">  \n\t\t\t\t\t\t\t  \n\t\t\t\t\t\t\t  <a  href=\"https:\/\/blogs.nabu.de\/naturschaetze-retten\/was-die-voegel-uns-zu-sagen-haben\/\"  >\n\t\t\t\t\t\t\t\t\t  <div class=\"yuzo-img-wrap \" style=\"width: 125px;height:90px;\">\n\t\t\t\t\t\t\t\t\t\t\n\t\t\t\t\t\t\t\t\t\t<div class=\"yuzo-img\" style=\"background:url('https:\/\/blogs.nabu.de\/naturschaetze-retten\/wp-content\/uploads\/sites\/3\/2015\/12\/Messengers-cover-340x226.jpg') 50% 50% no-repeat;width: 125px;height:90px;margin-bottom: 5px;background-size: cover; \"><\/div>\n\t\t\t\t\t\t\t\t\t  <\/div>\n\t\t\t\t\t\t\t\t\t  \n\t\t\t\t\t\t\t\t   <span class=\"yuzo__text--title\" style=\"font-size:13px;\">Was die V\u00f6gel uns zu sagen haben<\/span>\n\t\t\t\t\t\t\t  \n\t\t\t\t\t\t\t  \n\t\t\t\t\t\t\t  <\/a>\n\n\t\t\t\t\t\t  <\/div>\n\t\t\t\t\t\t  <div class=\"relatedthumb \" style=\"width:125px;float:left;overflow:hidden;\">  \n\t\t\t\t\t\t\t  \n\t\t\t\t\t\t\t  <a  href=\"https:\/\/blogs.nabu.de\/naturschaetze-retten\/eu-renaturierung-verschoben\/\"  >\n\t\t\t\t\t\t\t\t\t  <div class=\"yuzo-img-wrap \" style=\"width: 125px;height:90px;\">\n\t\t\t\t\t\t\t\t\t\t\n\t\t\t\t\t\t\t\t\t\t<div class=\"yuzo-img\" style=\"background:url('https:\/\/blogs.nabu.de\/naturschaetze-retten\/wp-content\/uploads\/sites\/3\/2020\/04\/Berlaymont_Foto_Europ\u00e4ische-Union_2016-340x226.jpg') 50% 50% no-repeat;width: 125px;height:90px;margin-bottom: 5px;background-size: cover; \"><\/div>\n\t\t\t\t\t\t\t\t\t  <\/div>\n\t\t\t\t\t\t\t\t\t  \n\t\t\t\t\t\t\t\t   <span class=\"yuzo__text--title\" style=\"font-size:13px;\">EU-Renaturierungsgesetz: Ursula von der Leyen knic...<\/span>\n\t\t\t\t\t\t\t  \n\t\t\t\t\t\t\t  \n\t\t\t\t\t\t\t  <\/a>\n\n\t\t\t\t\t\t  <\/div>\n<\/div> <style>\n\t\t\t\t\t\t\t\t.yuzo_related_post img{width:120px !important; height:110px !important;}\n\t\t\t\t\t\t\t\t.yuzo_related_post .relatedthumb{line-height:15px;background: !important;color:!important;}\n\t\t\t\t\t\t\t\t.yuzo_related_post .relatedthumb:hover{background:#fcfcf4 !important; -webkit-transition: background 0.2s linear; -moz-transition: background 0.2s linear; -o-transition: background 0.2s linear; transition: background 0.2s linear;;color:!important;}\n\t\t\t\t\t\t\t\t.yuzo_related_post .relatedthumb a{color:!important;}\n\t\t\t\t\t\t\t\t.yuzo_related_post .relatedthumb a:hover{ color:}!important;}\n\t\t\t\t\t\t\t\t.yuzo_related_post .relatedthumb:hover a{ color:!important;}\n\t\t\t\t\t\t\t\t.yuzo_related_post .yuzo_text {color:!important;}\n\t\t\t\t\t\t\t\t.yuzo_related_post .relatedthumb:hover .yuzo_text {color:!important;}\n\t\t\t\t\t\t\t\t.yuzo_related_post .relatedthumb{  margin: 0px  0px  0px  0px;   padding: 5px  5px  5px  5px;  }\n\t\t\t\t\t\t\t\t\n\t\t\t\t\t\t\t\t<\/style> <script>\n\t\t\t\t\t\t  jQuery(document).ready(function( $ ){\n\t\t\t\t\t\t\t\/\/jQuery('.yuzo_related_post').equalizer({ overflow : 'relatedthumb' });\n\t\t\t\t\t\t\tjQuery('.yuzo_related_post .yuzo_wraps').equalizer({ columns : '> div' });\n\t\t\t\t\t\t   })\n\t\t\t\t\t\t  <\/script> <!-- End Yuzo :) -->","protected":false},"excerpt":{"rendered":"<p>Die Europ\u00e4ische Kommission verschiebt die f\u00fcr M\u00e4rz geplante Ver\u00f6ffentlichung der Wasser-Resilienz-Initiative. Dabei ignoriert sie eines der dringendsten Zukunftsthemen Europas.<\/p>\n","protected":false},"author":48,"featured_media":7796,"comment_status":"open","ping_status":"closed","sticky":false,"template":"","format":"image","meta":{"jetpack_post_was_ever_published":false},"categories":[64],"tags":[90,133,19,29,361],"jetpack_featured_media_url":"https:\/\/blogs.nabu.de\/naturschaetze-retten\/wp-content\/uploads\/sites\/3\/2024\/02\/JDP_1698.jpg","jetpack-related-posts":[{"id":6507,"url":"https:\/\/blogs.nabu.de\/naturschaetze-retten\/eu-naturschutz-ausblick-2022\/","url_meta":{"origin":7795,"position":0},"title":"Was macht die EU 2022 f\u00fcr die Natur?","date":"7. Januar 2022","format":false,"excerpt":"Dieser Beitrag zeigt auf, welche gr\u00f6\u00dferen Linien und ausgew\u00e4hlten Initiativen im Jahr 2022 auf EU-Ebene besonders wichtig werden f\u00fcr den Naturschutz. Ein gutes neues Jahr!","rel":"","context":"In &quot;Lekt\u00fcre&quot;","img":{"alt_text":"","src":"https:\/\/i0.wp.com\/blogs.nabu.de\/naturschaetze-retten\/wp-content\/uploads\/sites\/3\/2020\/04\/Berlaymont_Foto_Europ\u00e4ische-Union_2016.jpg?resize=350%2C200&ssl=1","width":350,"height":200},"classes":[]},{"id":7613,"url":"https:\/\/blogs.nabu.de\/naturschaetze-retten\/gewaesserschutz-oder\/","url_meta":{"origin":7795,"position":1},"title":"Gew\u00e4sserschutz: Warum Kooperation auf allen Ebenen gefragt ist","date":"21. Dezember 2023","format":"image","excerpt":"Deutschland h\u00e4ngt bei der Umsetzung der Ziele der EU-Wasserrahmenrichtlinie (WRRL) stark hinterher. Beim Blick auf den Zustand unserer Flie\u00dfgew\u00e4sser wird das besonders deutlich. Jahrhunderte lang sind unsere Fl\u00fcsse reguliert, also begradigt, befestigt und gestaut worden. Hinzu kommen immer wieder Schadstoffeintr\u00e4ge aus Industrie, Landwirtschaft, Bergbau und kommunalen Abw\u00e4ssern. Viele Fl\u00fcsse haben\u2026","rel":"","context":"In &quot;Natursch\u00e4tze.Retten&quot;","img":{"alt_text":"Br\u00fccke \u00fcber den Fluss Oder, von Frankfurt(Oder) aus Richtung Slubice","src":"https:\/\/i0.wp.com\/blogs.nabu.de\/naturschaetze-retten\/wp-content\/uploads\/sites\/3\/2023\/12\/Foto-Blogartikel-Oder_Stadtbruecke-Frankfurt-Oder-Slubice_Norman-Ebert.jpg?resize=350%2C200&ssl=1","width":350,"height":200},"classes":[]},{"id":8446,"url":"https:\/\/blogs.nabu.de\/naturschaetze-retten\/naechster-eu-haushalt-endlich-in-resiliente-oekosysteme-investieren\/","url_meta":{"origin":7795,"position":2},"title":"N\u00e4chster EU-Haushalt: Endlich in resiliente \u00d6kosysteme investieren!","date":"4. Juli 2025","format":"image","excerpt":"W\u00e4hrend Europa unter Hitzewellen, Fluten und Ernteausf\u00e4llen leidet, bleibt die Politik still \u2013 ausgerechnet jetzt, wo der neue EU-Haushalt verhandelt wird.","rel":"","context":"In &quot;Landwirtschaft &amp; Ern\u00e4hrung&quot;","img":{"alt_text":"","src":"https:\/\/i0.wp.com\/blogs.nabu.de\/naturschaetze-retten\/wp-content\/uploads\/sites\/3\/2025\/07\/AdobeStock_1605044613-scaled.jpg?resize=350%2C200&ssl=1","width":350,"height":200},"classes":[]},{"id":5127,"url":"https:\/\/blogs.nabu.de\/naturschaetze-retten\/start-vdl-kommission\/","url_meta":{"origin":7795,"position":3},"title":"Neue EU-Kommission gew\u00e4hlt: los geht&#8217;s!","date":"27. November 2019","format":false,"excerpt":"Das Europ\u00e4ische Parlament hat das Team von Kommissionspr\u00e4sidentin von der Leyen best\u00e4tigt. Jetzt kann die Arbeit am \"European Green Deal\" losgehen. Artenkollaps und Klimakrise warten nicht.","rel":"","context":"In &quot;Natursch\u00e4tze.Retten&quot;","img":{"alt_text":"","src":"https:\/\/i0.wp.com\/blogs.nabu.de\/naturschaetze-retten\/wp-content\/uploads\/sites\/3\/2019\/11\/2019-11-27_Rede-VDL_P041755-38427_Copyright-EU2019_Source-EC-Audiovisual-Service_Photographer-Denis-Lovrovic.jpg?resize=350%2C200&ssl=1","width":350,"height":200},"classes":[]},{"id":7303,"url":"https:\/\/blogs.nabu.de\/naturschaetze-retten\/das-eu-bodengesetz-entwicklungen-am-knotenpunkt-von-umwelt-klima-agrar-und-ernaehrungspolitik\/","url_meta":{"origin":7795,"position":4},"title":"Das EU-Bodengesetz: Entwicklungen am Knotenpunkt von Umwelt-, Klima-, Agrar- und Ern\u00e4hrungspolitik","date":"3. August 2023","format":false,"excerpt":"03.08.2023: Der EU-Green Deal und die EU-Bodenstrategie f\u00fcr 2030 bilden den politischen Rahmen der EU f\u00fcr den Schutz und die Wiederherstellung der Gesundheit lebendiger Boden\u00f6kosysteme sowie die Gew\u00e4hrleistung ihrer nachhaltigen Nutzung. In der Strategie hat sich die EU verpflichtet, ein neues Bodengesetz zu verabschieden, um die Gesundheit der B\u00f6den zu\u2026","rel":"","context":"In &quot;Natursch\u00e4tze.Retten&quot;","img":{"alt_text":"","src":"https:\/\/i0.wp.com\/blogs.nabu.de\/naturschaetze-retten\/wp-content\/uploads\/sites\/3\/2023\/08\/Screenshot-2023-08-03-at-12.07.09-300x228.png?resize=350%2C200&ssl=1","width":350,"height":200},"classes":[]},{"id":6406,"url":"https:\/\/blogs.nabu.de\/naturschaetze-retten\/nabu-agrar-blog-boden-aukm\/","url_meta":{"origin":7795,"position":5},"title":"NABU-Agrar-Blog: Aktive Regeneration unserer B\u00f6den &#8211; ein AUKM-Vorschlag des NABU","date":"18. November 2021","format":false,"excerpt":"Die EU-Bodenstrategie r\u00fcckt Schutz und Regeneration landwirtschaftlicher B\u00f6den weiter in den Fokus. Schon jetzt k\u00f6nnte die Verbesserung der Bodenqualit\u00e4t gef\u00f6rdert werden - z.B. mittels AUKM","rel":"","context":"In &quot;Landwirtschaft &amp; Ern\u00e4hrung&quot;","img":{"alt_text":"","src":"https:\/\/i0.wp.com\/blogs.nabu.de\/naturschaetze-retten\/wp-content\/uploads\/sites\/3\/2021\/10\/NABU-Agrar-Blog-200-x-200.jpg?resize=350%2C200&ssl=1","width":350,"height":200},"classes":[]}],"jetpack_shortlink":"https:\/\/wp.me\/p67kDA-21J","_links":{"self":[{"href":"https:\/\/blogs.nabu.de\/naturschaetze-retten\/wp-json\/wp\/v2\/posts\/7795"}],"collection":[{"href":"https:\/\/blogs.nabu.de\/naturschaetze-retten\/wp-json\/wp\/v2\/posts"}],"about":[{"href":"https:\/\/blogs.nabu.de\/naturschaetze-retten\/wp-json\/wp\/v2\/types\/post"}],"author":[{"embeddable":true,"href":"https:\/\/blogs.nabu.de\/naturschaetze-retten\/wp-json\/wp\/v2\/users\/48"}],"replies":[{"embeddable":true,"href":"https:\/\/blogs.nabu.de\/naturschaetze-retten\/wp-json\/wp\/v2\/comments?post=7795"}],"version-history":[{"count":6,"href":"https:\/\/blogs.nabu.de\/naturschaetze-retten\/wp-json\/wp\/v2\/posts\/7795\/revisions"}],"predecessor-version":[{"id":7813,"href":"https:\/\/blogs.nabu.de\/naturschaetze-retten\/wp-json\/wp\/v2\/posts\/7795\/revisions\/7813"}],"wp:featuredmedia":[{"embeddable":true,"href":"https:\/\/blogs.nabu.de\/naturschaetze-retten\/wp-json\/wp\/v2\/media\/7796"}],"wp:attachment":[{"href":"https:\/\/blogs.nabu.de\/naturschaetze-retten\/wp-json\/wp\/v2\/media?parent=7795"}],"wp:term":[{"taxonomy":"category","embeddable":true,"href":"https:\/\/blogs.nabu.de\/naturschaetze-retten\/wp-json\/wp\/v2\/categories?post=7795"},{"taxonomy":"post_tag","embeddable":true,"href":"https:\/\/blogs.nabu.de\/naturschaetze-retten\/wp-json\/wp\/v2\/tags?post=7795"}],"curies":[{"name":"wp","href":"https:\/\/api.w.org\/{rel}","templated":true}]}}