{"id":7303,"date":"2023-08-03T14:39:50","date_gmt":"2023-08-03T12:39:50","guid":{"rendered":"https:\/\/blogs.nabu.de\/naturschaetze-retten\/?p=7303"},"modified":"2023-08-03T14:39:50","modified_gmt":"2023-08-03T12:39:50","slug":"das-eu-bodengesetz-entwicklungen-am-knotenpunkt-von-umwelt-klima-agrar-und-ernaehrungspolitik","status":"publish","type":"post","link":"https:\/\/blogs.nabu.de\/naturschaetze-retten\/das-eu-bodengesetz-entwicklungen-am-knotenpunkt-von-umwelt-klima-agrar-und-ernaehrungspolitik\/","title":{"rendered":"Das EU-Bodengesetz: Entwicklungen am Knotenpunkt von Umwelt-, Klima-, Agrar- und Ern\u00e4hrungspolitik"},"content":{"rendered":"<p><img data-attachment-id=\"7028\" data-permalink=\"https:\/\/blogs.nabu.de\/naturschaetze-retten\/ist-oeko-wirklich-besser\/nabu_agrar_blog_titel-e1633602782456-2\/\" data-orig-file=\"https:\/\/blogs.nabu.de\/naturschaetze-retten\/wp-content\/uploads\/sites\/3\/2023\/02\/NABU_Agrar_Blog_Titel-e1633602782456-1-e1682346078496.jpg\" data-orig-size=\"750,150\" data-comments-opened=\"1\" data-image-meta=\"{&quot;aperture&quot;:&quot;0&quot;,&quot;credit&quot;:&quot;&quot;,&quot;camera&quot;:&quot;&quot;,&quot;caption&quot;:&quot;&quot;,&quot;created_timestamp&quot;:&quot;0&quot;,&quot;copyright&quot;:&quot;&quot;,&quot;focal_length&quot;:&quot;0&quot;,&quot;iso&quot;:&quot;0&quot;,&quot;shutter_speed&quot;:&quot;0&quot;,&quot;title&quot;:&quot;&quot;,&quot;orientation&quot;:&quot;0&quot;}\" data-image-title=\"NABU_Agrar_Blog_Titel-e1633602782456\" data-image-description=\"\" data-image-caption=\"\" data-medium-file=\"https:\/\/blogs.nabu.de\/naturschaetze-retten\/wp-content\/uploads\/sites\/3\/2023\/02\/NABU_Agrar_Blog_Titel-e1633602782456-1-300x60.jpg\" data-large-file=\"https:\/\/blogs.nabu.de\/naturschaetze-retten\/wp-content\/uploads\/sites\/3\/2023\/02\/NABU_Agrar_Blog_Titel-e1633602782456-1-e1682346078496.jpg\" decoding=\"async\" loading=\"lazy\" class=\"alignnone size-full wp-image-7028\" src=\"https:\/\/blogs.nabu.de\/naturschaetze-retten\/wp-content\/uploads\/sites\/3\/2023\/02\/NABU_Agrar_Blog_Titel-e1633602782456-1-e1682346078496.jpg\" alt=\"\" width=\"750\" height=\"150\" \/><\/p>\n<p><strong>03.08.2023: <\/strong><strong>Der EU-Green Deal und die EU-Bodenstrategie f\u00fcr 2030 bilden den politischen Rahmen der EU f\u00fcr den Schutz und die Wiederherstellung der Gesundheit lebendiger Boden\u00f6kosysteme sowie die Gew\u00e4hrleistung ihrer nachhaltigen Nutzung. In der Strategie hat sich die EU verpflichtet, ein neues Bodengesetz zu verabschieden, um die Gesundheit der B\u00f6den zu sch\u00fctzen und wiederherzustellen, ihre nachhaltige Nutzung zu gew\u00e4hrleisten sowie das integrierende \u00d6kosystem des EU Green Deals, das Boden\u00f6kosystem, auch als politisch verkn\u00fcpfendes Vehikel zu nutzen.<\/strong><\/p>\n<p><!--more--><\/p>\n<h3>Vorschlag f\u00fcr EU-Bodengesetz bleibt weit hinter den Erwartungen zur\u00fcck<\/h3>\n<p>Am 5. Juli 2023 hat die EU-Kommission im Rahmen ihres <a href=\"https:\/\/ec.europa.eu\/commission\/presscorner\/detail\/de\/IP_23_3565\">Ma\u00dfnahmenpakets<\/a> f\u00fcr die nachhaltige Nutzung der zentralen nat\u00fcrlichen Ressourcen, mit dem auch die Resilienz der Lebensmittelsysteme und der Landwirtschaft in der EU gest\u00e4rkt werden soll, ein lang erwartetes EU-Bodengesetz vorgestellt.<\/p>\n<p>Der nun erschiene Gesetzesvorschlag muss, um ma\u00dfgeblich zu der Gesundung der europ\u00e4ischen B\u00f6den beitragen zu k\u00f6nnen, deutlich verbessert werden. Mit dem derzeitigen Mangel an Ehrgeiz, dem Fehlen rechtsverbindlicher Ziele und dem fehlenden Schwerpunkt auf der Biodiversit\u00e4t der B\u00f6den bleibt er weit hinter den Erwartungen zur\u00fcck.<\/p>\n<div id=\"attachment_7304\" style=\"width: 443px\" class=\"wp-caption aligncenter\"><img aria-describedby=\"caption-attachment-7304\" data-attachment-id=\"7304\" data-permalink=\"https:\/\/blogs.nabu.de\/naturschaetze-retten\/das-eu-bodengesetz-entwicklungen-am-knotenpunkt-von-umwelt-klima-agrar-und-ernaehrungspolitik\/screenshot-2023-08-03-at-12-07-09\/\" data-orig-file=\"https:\/\/blogs.nabu.de\/naturschaetze-retten\/wp-content\/uploads\/sites\/3\/2023\/08\/Screenshot-2023-08-03-at-12.07.09.png\" data-orig-size=\"800,609\" data-comments-opened=\"1\" data-image-meta=\"{&quot;aperture&quot;:&quot;0&quot;,&quot;credit&quot;:&quot;&quot;,&quot;camera&quot;:&quot;&quot;,&quot;caption&quot;:&quot;&quot;,&quot;created_timestamp&quot;:&quot;0&quot;,&quot;copyright&quot;:&quot;&quot;,&quot;focal_length&quot;:&quot;0&quot;,&quot;iso&quot;:&quot;0&quot;,&quot;shutter_speed&quot;:&quot;0&quot;,&quot;title&quot;:&quot;&quot;,&quot;orientation&quot;:&quot;0&quot;}\" data-image-title=\"Screenshot 2023-08-03 at 12.07.09\" data-image-description=\"\" data-image-caption=\"\" data-medium-file=\"https:\/\/blogs.nabu.de\/naturschaetze-retten\/wp-content\/uploads\/sites\/3\/2023\/08\/Screenshot-2023-08-03-at-12.07.09-300x228.png\" data-large-file=\"https:\/\/blogs.nabu.de\/naturschaetze-retten\/wp-content\/uploads\/sites\/3\/2023\/08\/Screenshot-2023-08-03-at-12.07.09.png\" decoding=\"async\" loading=\"lazy\" class=\"wp-image-7304\" src=\"https:\/\/blogs.nabu.de\/naturschaetze-retten\/wp-content\/uploads\/sites\/3\/2023\/08\/Screenshot-2023-08-03-at-12.07.09-300x228.png\" alt=\"\" width=\"433\" height=\"329\" \/><p id=\"caption-attachment-7304\" class=\"wp-caption-text\">Eine Darstellung der EU-Kommission wie die <a href=\"https:\/\/eur-lex.europa.eu\/legal-content\/EN\/TXT\/?uri=CELEX%3A52021DC0699\">Bodenpolitik<\/a> die verschiedensten Politikfelder des EU Green Deals verkn\u00fcpfen soll.<\/p><\/div>\n<h3>Bewertung des Gesetzesvorschlags<\/h3>\n<p>Die last-minute \u00c4nderung des Namens der Richtlinie, die urspr\u00fcnglich \u201eBodengesundheitsgesetz&#8220; hei\u00dfen sollte, nun jedoch \u201eBoden\u00fcberwachungsgesetz\u201c hei\u00dft, bezeugt eindr\u00fccklich die verminderte Ambition der EU-Kommission. Das Hauptziel der Richtlinie wird, stand jetzt, die \u00dcberwachung des Zustands der B\u00f6den sein und davon absehen die Mitgliedsstaaten zur Wiederherstellung der gesunden Zust\u00e4nde der europ\u00e4ischen B\u00f6den zu verpflichten.<\/p>\n<p>Der jetzige Gesetzesvorschlag enth\u00e4lt eine Definition und Kriterien f\u00fcr die Bodengesundheit, einen \u00dcberwachungsrahmen, Ma\u00dfnahmenvorschl\u00e4ge f\u00fcr eine nachhaltige Bodenbewirtschaftung und die Sanierung kontaminierter Standorte in den Mitgliedsl\u00e4ndern.<\/p>\n<p>Folgende Aspekte in der Gesetzesvorlage sind kritisch zu betrachten und sollten nachgebessert werden:<\/p>\n<ul>\n<li><strong>Es fehlen rechtsverbindliche Ziele f\u00fcr die Wiederherstellung und Erhaltung der Bodengesundheit in den Mitgliedsl\u00e4ndern.<\/strong><\/li>\n<\/ul>\n<ul>\n<li><strong>Es fehlen Ziele f\u00fcr die Fl\u00e4chenversiegelung.<\/strong><\/li>\n<\/ul>\n<ul>\n<li><strong>Die zentrale Rolle der Bodenbiodiversit\u00e4t in den Funktionen von Boden\u00f6kosystemen wird unterschlagen. <\/strong><\/li>\n<\/ul>\n<p style=\"padding-left: 40px\">Der Bodenbiodiversit\u00e4t keine entscheidende funktionelle Rolle zuzuschreiben, w\u00e4hrend Boden- und Agrarwissenschaften diese Rolle betonen, hat eine Reihe schwerwiegender negativer Folgen. Erstens wird die Rolle des Landnutzungsmanagements bei der Entwicklung der Bodengesundheit stark untersch\u00e4tzt. Zum anderen werden bei der Berechnung von Folgenabsch\u00e4tzungen der Degradation von Bodengesundheit die Kosten falsch eingesch\u00e4tzt oder nicht ber\u00fccksichtigt und dadurch der politische Wille zur Regeneration gemindert. Zum Beispiel k\u00f6nnen so die Folgen der St\u00f6rung des Mikrobioms des Bodens durch mechanische Bearbeitung und\/oder Pestizide f\u00fcr das Mikrobiom und die Gesundheit von uns Menschen, nicht mit einbezogen werden. In den Kriterien, die die Gesundheit der B\u00f6den bewerten sollen, fehlt die Bewertung der Bodenbiodiversit\u00e4t dar\u00fcber hinaus als verpflichtendes Kriterium.<\/p>\n<p>&nbsp;<\/p>\n<div id=\"attachment_7300\" style=\"width: 569px\" class=\"wp-caption aligncenter\"><img aria-describedby=\"caption-attachment-7300\" data-attachment-id=\"7300\" data-permalink=\"https:\/\/blogs.nabu.de\/naturschaetze-retten\/soil-health\/\" data-orig-file=\"https:\/\/blogs.nabu.de\/naturschaetze-retten\/wp-content\/uploads\/sites\/3\/2023\/08\/Soil-health.png\" data-orig-size=\"888,568\" data-comments-opened=\"1\" data-image-meta=\"{&quot;aperture&quot;:&quot;0&quot;,&quot;credit&quot;:&quot;&quot;,&quot;camera&quot;:&quot;&quot;,&quot;caption&quot;:&quot;&quot;,&quot;created_timestamp&quot;:&quot;0&quot;,&quot;copyright&quot;:&quot;&quot;,&quot;focal_length&quot;:&quot;0&quot;,&quot;iso&quot;:&quot;0&quot;,&quot;shutter_speed&quot;:&quot;0&quot;,&quot;title&quot;:&quot;&quot;,&quot;orientation&quot;:&quot;0&quot;}\" data-image-title=\"Soil health\" data-image-description=\"\" data-image-caption=\"\" data-medium-file=\"https:\/\/blogs.nabu.de\/naturschaetze-retten\/wp-content\/uploads\/sites\/3\/2023\/08\/Soil-health-300x192.png\" data-large-file=\"https:\/\/blogs.nabu.de\/naturschaetze-retten\/wp-content\/uploads\/sites\/3\/2023\/08\/Soil-health.png\" decoding=\"async\" loading=\"lazy\" class=\"wp-image-7300 \" src=\"https:\/\/blogs.nabu.de\/naturschaetze-retten\/wp-content\/uploads\/sites\/3\/2023\/08\/Soil-health-300x192.png\" alt=\"\" width=\"559\" height=\"357\" \/><p id=\"caption-attachment-7300\" class=\"wp-caption-text\">Ein aktuelles und Bodenbiodiversit\u00e4ts-zentriertes <a href=\"https:\/\/www.mdpi.com\/2571-8789\/6\/1\/22\">wissenschaftliches Verst\u00e4ndnis<\/a> der Entwicklung der Bodengesundheit<\/p><\/div>\n<ul>\n<li><strong>Der <\/strong><strong>vorgesehene <\/strong><strong>\u00dcberwachungsrahmen<\/strong><strong> unterscheidet ausschlie\u00dflich zwischen \u2018gesunden\u2019 oder \u2018nicht gesunden\u2019 B\u00f6den<\/strong><strong>, zeigt aber keine Ver\u00e4nderung des Zustands der B\u00f6den auf, wenn die Schwellenwerte nicht \u00fcberschritten werden.<\/strong><\/li>\n<\/ul>\n<p style=\"padding-left: 40px\">Dieser Ansatz ist unzureichend, um zu pr\u00fcfen, ob sich der Zustand der Gesundheit von Boden\u00f6kosystemen auf dem Weg der Besserung befindet oder sogar noch schlechter wird. Denn es wird nicht die Entwicklung der Bodengesundheit in einer zeitlichen und r\u00e4umlichen Detailsch\u00e4rfe erhoben, die das Delta der Ver\u00e4nderung des Zustands aufzeigt, um damit einen signifikanten Informationsgewinn f\u00fcr das Bodenmanagement zu erm\u00f6glichen. Monitoring und Reporting m\u00fcssen aber Landwirtinnen und Landwirte standortspezifisch mit Informationen dazu bef\u00e4higen, die von Ihnen bewirtschafteten B\u00f6den zu regenerieren, um u.a. Ertr\u00e4ge auch in Zukunft zu sichern.<\/p>\n<ul>\n<li><strong>Den Ma\u00dfnahmenvorschl\u00e4gen f\u00fcr eine nachhaltige Bodenbewirtschaftung fehlt ein Verst\u00e4ndnis der agronomischen Praxis, die die Gesundheit von B\u00f6den produktionsintegriert regeneriert, sowie ein ausgearbeiteter Finanzierungs- und Umsetzungsplan.<\/strong><\/li>\n<\/ul>\n<p style=\"padding-left: 40px\">Den vorgeschlagenen Ma\u00dfnahmen zur produktionsintegrierten Wiederherstellung der Gesundheit der B\u00f6den in der Landwirtschaft lassen kein systematisches Verst\u00e4ndnis davon erkennen, wie landwirtschaftliche und wissenschaftliche Pionier*innen die Gesundheit von B\u00f6den durch eine <a href=\"https:\/\/www.sciencedirect.com\/science\/article\/pii\/S2211912420300584\">agronomische Praxis<\/a>, die sich auf die Bodenbiodiversit\u00e4t fokussiert, wiederherstellen. Die vorgeschlagenen Ma\u00dfnahmen gehen von einer &#8222;Do no harm&#8220;-Perspektive aus. Das ist \u00e4u\u00dferst kurzsichtig, da die Boden\u00f6kosysteme in der gesamten EU, wie es in dem Vorschlag selbst hei\u00dft, dringend der Wiederherstellung und Regeneration bed\u00fcrfen &#8211; und nicht nur einer Abmilderung der Verschlechterung. Doch nicht nur am Wie hapert es im Gesetzesaufschlag, auch das Womit erscheint unzureichend. Es fehlt an klaren Finanzierungs- und Umsetzungspl\u00e4nen. Es wird keine tragf\u00e4hige Br\u00fccke zur notwendigen Reform der Gemeinsamen Agrarpolitik geschlagen, um die finanziellen Mittel der GAP langfristig in die Regeneration der grundlegenden Agrar\u00f6kosysteme und die grundlegenden landwirtschaftlichen Produktionsmittel, unsere lebendigen Boden\u00f6kosysteme, zu investieren.<\/p>\n<p>&nbsp;<\/p>\n<h3><strong>Wie geht es weiter mit dem Soil Monitoring Law?<\/strong><\/h3>\n<p>Der Gesetzesvorschlag wird in den folgenden Monaten den Trilog durchlaufen und kann hier vom Rat und vom Parlament nachgebessert werden, um das Gesetz noch effektiv f\u00fcr den Schutz und die Regeneration unserer lebendigen Boden\u00f6kosysteme zu machen.<\/p>\n<p>Mit einer transdisziplin\u00e4ren Gruppe an Wissenschaftler*innen, NGOs und einigen mehr, hatte der NABU bereits vor der Ver\u00f6ffentlichung des Vorschlags in einem <a href=\"https:\/\/www.nabu.de\/imperia\/md\/content\/nabude\/landwirtschaft\/230508-joint_position_paper_eu_soil_health_law.pdf\">gemeinsamen Positionspapier<\/a> auf das Problem des fehlenden Verst\u00e4ndnisses der Bedeutung der Bodenbiodiversit\u00e4t hingewiesen.<\/p>\n<p>Mit den oben genannten Problemen im Vorschlag wurde bisher eine Chance verpasst, die europ\u00e4ische Landwirtschaft entlang einer Bodenbiodiversit\u00e4ts-zentrierten agronomischen Praxis zukunftsf\u00e4hig und transformationsf\u00f6rdernd neu auszurichten.<\/p>\n<p>Eine solche Neuausrichtung entlang der agronomischen Praxis der lebendigen Boden- und Agrarwissenschaften sowie Pionier*innen der Landwirtschaft ist dringendst notwendig, um in der Breite der landwirtschaftlichen Praxis den Krisen der gegenw\u00e4rtigen Umwelt-, Klima-, Agrar- und Ern\u00e4hrungspolitik synergetisch zu begegnen:<\/p>\n<ul>\n<li>Die \u00fcbersehene Bedeutung der Bodenbiodiversit\u00e4t f\u00fcr die \u00fcberirdische Biodiversit\u00e4t, die Naturkreisl\u00e4ufe sowie f\u00fcr die noch weitgehend unerkannte, aber sehr kostspielige und schmerzhafte Epidemie der nicht \u00fcbertragbaren Krankheiten;<\/li>\n<li>das Management der <a href=\"https:\/\/www.nabu.de\/imperia\/md\/content\/220905-nabu-standpunkt_carbon_farming.pdf\">Treibhausgasfl\u00fcsse in der Landwirtschaft<\/a>;<\/li>\n<li>das Management des vergessenen aber \u00e4u\u00dferst wichtigen <a href=\"https:\/\/sdgs.un.org\/partnerships\/white-paper-water-climate-healing-new-water-paradigm\">Treibhausgases Wasserdampf<\/a> zur Erdoberfl\u00e4chenk\u00fchlung und Abfederung von D\u00fcrren und Starkregen;<\/li>\n<li>die vernachl\u00e4ssigte Frage der Wiederauff\u00fcllung der <a href=\"https:\/\/www.swr.de\/swr1\/rp\/programm\/grundwasser-atlas-wasserversorgung-correctiv-100.html\">sinkenden Grundwasserspiegel<\/a>;<\/li>\n<li>die Widerstandsf\u00e4higkeit unserer Ertr\u00e4ge unter immer fragileren Umweltbedingungen.<\/li>\n<\/ul>\n<p>&nbsp;<\/p>\n<p>F\u00fcr eine genauere Darlegung, warum der Schutz und die Regeneration der Gesundheit unserer lebendigen Boden\u00f6kosysteme von gr\u00f6\u00dfter gesellschaftlicher Bedeutung ist, bitte sehen sie unsere Blog-Reihe:<\/p>\n<ul>\n<li><a href=\"https:\/\/blogs.nabu.de\/naturschaetze-retten\/nabu-agrar-blog-unterirdische-biodiversitaet-1\/\">NABU-Agrar-Blog: Unterirdische Biodiversit\u00e4t \u2013 fataler \u201aBlind Spot\u2018 der europ\u00e4ischen Agrarpolitik!? (Teil 1)<\/a> &#8211; 5. August 2022<\/li>\n<li><a href=\"https:\/\/blogs.nabu.de\/naturschaetze-retten\/nabu-agrar-blog-unterirdische-biodiversitaet-2\/\">NABU-Agrar-Blog: Unterirdische Biodiversit\u00e4t \u2013 fataler \u201aBlind Spot\u2018 der europ\u00e4ischen Agrarpolitik!? (Teil 2)<\/a> &#8211; 17. August 2022<\/li>\n<li><a href=\"https:\/\/blogs.nabu.de\/naturschaetze-retten\/nabu-agrar-blog-unterirdische-biodiversitaet-3\/\">NABU-Agrar-Blog: Unterirdische Biodiversit\u00e4t \u2013 fataler \u201aBlind Spot\u2018 der europ\u00e4ischen Agrarpolitik!? (Teil 3)<\/a> &#8211; 5. September 2022<\/li>\n<\/ul>\n<p>&nbsp;<\/p>\n<p>&nbsp;<\/p>\n<p>&nbsp;<\/p>\n<p>&nbsp;<\/p>\n<!-- Begin Yuzo --><div class='yuzo_related_post style-1'  data-version='5.12.74'><!-- without result --><div class='yuzo_clearfixed yuzo__title yuzo__title'><h3>Das k\u00f6nnte Sie auch interessieren<\/h3><\/div>\n\t\t\t\t\t\t  <div class=\"relatedthumb \" style=\"width:125px;float:left;overflow:hidden;\">  \n\t\t\t\t\t\t\t  \n\t\t\t\t\t\t\t  <a  href=\"https:\/\/blogs.nabu.de\/naturschaetze-retten\/100-000-stimmen\/\"  >\n\t\t\t\t\t\t\t\t\t  <div class=\"yuzo-img-wrap \" style=\"width: 125px;height:90px;\">\n\t\t\t\t\t\t\t\t\t\t\n\t\t\t\t\t\t\t\t\t\t<div class=\"yuzo-img\" style=\"background:url('https:\/\/blogs.nabu.de\/naturschaetze-retten\/wp-content\/uploads\/sites\/3\/2015\/04\/Natura-2000-site-Untere-Havel-Klemens-Karkow-e1581934655153-340x226.jpg') 50% 50% no-repeat;width: 125px;height:90px;margin-bottom: 5px;background-size: cover; \"><\/div>\n\t\t\t\t\t\t\t\t\t  <\/div>\n\t\t\t\t\t\t\t\t\t  \n\t\t\t\t\t\t\t\t   <span class=\"yuzo__text--title\" style=\"font-size:13px;\">100.000 Stimmen f\u00fcr die Natur<\/span>\n\t\t\t\t\t\t\t  \n\t\t\t\t\t\t\t  \n\t\t\t\t\t\t\t  <\/a>\n\n\t\t\t\t\t\t  <\/div>\n\t\t\t\t\t\t  <div class=\"relatedthumb \" style=\"width:125px;float:left;overflow:hidden;\">  \n\t\t\t\t\t\t\t  \n\t\t\t\t\t\t\t  <a  href=\"https:\/\/blogs.nabu.de\/naturschaetze-retten\/bratislava\/\"  >\n\t\t\t\t\t\t\t\t\t  <div class=\"yuzo-img-wrap \" style=\"width: 125px;height:90px;\">\n\t\t\t\t\t\t\t\t\t\t\n\t\t\t\t\t\t\t\t\t\t<div class=\"yuzo-img\" style=\"background:url('https:\/\/blogs.nabu.de\/naturschaetze-retten\/wp-content\/uploads\/sites\/3\/2016\/10\/Bratislava3-340x226.jpg') 50% 50% no-repeat;width: 125px;height:90px;margin-bottom: 5px;background-size: cover; \"><\/div>\n\t\t\t\t\t\t\t\t\t  <\/div>\n\t\t\t\t\t\t\t\t\t  \n\t\t\t\t\t\t\t\t   <span class=\"yuzo__text--title\" style=\"font-size:13px;\">Neustart f\u00fcr die EU-Naturschutzfinanzierung?<\/span>\n\t\t\t\t\t\t\t  \n\t\t\t\t\t\t\t  \n\t\t\t\t\t\t\t  <\/a>\n\n\t\t\t\t\t\t  <\/div>\n\t\t\t\t\t\t  <div class=\"relatedthumb \" style=\"width:125px;float:left;overflow:hidden;\">  \n\t\t\t\t\t\t\t  \n\t\t\t\t\t\t\t  <a  href=\"https:\/\/blogs.nabu.de\/naturschaetze-retten\/a20-eine-unendliche-geschichte\/\"  >\n\t\t\t\t\t\t\t\t\t  <div class=\"yuzo-img-wrap \" style=\"width: 125px;height:90px;\">\n\t\t\t\t\t\t\t\t\t\t\n\t\t\t\t\t\t\t\t\t\t<div class=\"yuzo-img\" style=\"background:url('https:\/\/blogs.nabu.de\/naturschaetze-retten\/wp-content\/uploads\/sites\/3\/2023\/11\/Blogs-1200x8001-1-340x226.png') 50% 50% no-repeat;width: 125px;height:90px;margin-bottom: 5px;background-size: cover; \"><\/div>\n\t\t\t\t\t\t\t\t\t  <\/div>\n\t\t\t\t\t\t\t\t\t  \n\t\t\t\t\t\t\t\t   <span class=\"yuzo__text--title\" style=\"font-size:13px;\">A20: Eine unendliche Geschichte<\/span>\n\t\t\t\t\t\t\t  \n\t\t\t\t\t\t\t  \n\t\t\t\t\t\t\t  <\/a>\n\n\t\t\t\t\t\t  <\/div>\n\t\t\t\t\t\t  <div class=\"relatedthumb \" style=\"width:125px;float:left;overflow:hidden;\">  \n\t\t\t\t\t\t\t  \n\t\t\t\t\t\t\t  <a  href=\"https:\/\/blogs.nabu.de\/naturschaetze-retten\/naturschaetze-lektuere-zum-wochenende-10\/\"  >\n\t\t\t\t\t\t\t\t\t  <div class=\"yuzo-img-wrap \" style=\"width: 125px;height:90px;\">\n\t\t\t\t\t\t\t\t\t\t\n\t\t\t\t\t\t\t\t\t\t<div class=\"yuzo-img\" style=\"background:url('https:\/\/blogs.nabu.de\/naturschaetze-retten\/wp-content\/uploads\/sites\/3\/2016\/10\/Birdseye-340x226.jpg') 50% 50% no-repeat;width: 125px;height:90px;margin-bottom: 5px;background-size: cover; \"><\/div>\n\t\t\t\t\t\t\t\t\t  <\/div>\n\t\t\t\t\t\t\t\t\t  \n\t\t\t\t\t\t\t\t   <span class=\"yuzo__text--title\" style=\"font-size:13px;\">Natursch\u00e4tze-Lekt\u00fcre zum Wochenende #10<\/span>\n\t\t\t\t\t\t\t  \n\t\t\t\t\t\t\t  \n\t\t\t\t\t\t\t  <\/a>\n\n\t\t\t\t\t\t  <\/div>\n<\/div> <style>\n\t\t\t\t\t\t\t\t.yuzo_related_post img{width:120px !important; height:110px !important;}\n\t\t\t\t\t\t\t\t.yuzo_related_post .relatedthumb{line-height:15px;background: !important;color:!important;}\n\t\t\t\t\t\t\t\t.yuzo_related_post .relatedthumb:hover{background:#fcfcf4 !important; -webkit-transition: background 0.2s linear; -moz-transition: background 0.2s linear; -o-transition: background 0.2s linear; transition: background 0.2s linear;;color:!important;}\n\t\t\t\t\t\t\t\t.yuzo_related_post .relatedthumb a{color:!important;}\n\t\t\t\t\t\t\t\t.yuzo_related_post .relatedthumb a:hover{ color:}!important;}\n\t\t\t\t\t\t\t\t.yuzo_related_post .relatedthumb:hover a{ color:!important;}\n\t\t\t\t\t\t\t\t.yuzo_related_post .yuzo_text {color:!important;}\n\t\t\t\t\t\t\t\t.yuzo_related_post .relatedthumb:hover .yuzo_text {color:!important;}\n\t\t\t\t\t\t\t\t.yuzo_related_post .relatedthumb{  margin: 0px  0px  0px  0px;   padding: 5px  5px  5px  5px;  }\n\t\t\t\t\t\t\t\t\n\t\t\t\t\t\t\t\t<\/style> <script>\n\t\t\t\t\t\t  jQuery(document).ready(function( $ ){\n\t\t\t\t\t\t\t\/\/jQuery('.yuzo_related_post').equalizer({ overflow : 'relatedthumb' });\n\t\t\t\t\t\t\tjQuery('.yuzo_related_post .yuzo_wraps').equalizer({ columns : '> div' });\n\t\t\t\t\t\t   })\n\t\t\t\t\t\t  <\/script> <!-- End Yuzo :) -->","protected":false},"excerpt":{"rendered":"<p>03.08.2023: Der EU-Green Deal und die EU-Bodenstrategie f\u00fcr 2030 bilden den politischen Rahmen der EU f\u00fcr den Schutz und die Wiederherstellung der Gesundheit lebendiger Boden\u00f6kosysteme sowie die Gew\u00e4hrleistung [&hellip;]<\/p>\n","protected":false},"author":140,"featured_media":0,"comment_status":"open","ping_status":"closed","sticky":false,"template":"","format":"standard","meta":{"jetpack_post_was_ever_published":false},"categories":[1],"tags":[],"jetpack_featured_media_url":"","jetpack-related-posts":[{"id":8591,"url":"https:\/\/blogs.nabu.de\/naturschaetze-retten\/soer2025\/","url_meta":{"origin":7303,"position":0},"title":"Alarmierend: Der Zustand der europ\u00e4ischen Umwelt","date":"3. Oktober 2025","format":"image","excerpt":"Diese Woche hat die Europ\u00e4ische Umweltagentur ihren neuen Bericht \u00fcber den Zustand der Umwelt vorgestellt. Ich fasse diesen hier im Blog zusammen und zeige, warum der Bericht wichtig ist.","rel":"","context":"In &quot;Lekt\u00fcre&quot;","img":{"alt_text":"","src":"https:\/\/i0.wp.com\/blogs.nabu.de\/naturschaetze-retten\/wp-content\/uploads\/sites\/3\/2025\/10\/2024_Council_By-European-Union.jpg?resize=350%2C200&ssl=1","width":350,"height":200},"classes":[]},{"id":6174,"url":"https:\/\/blogs.nabu.de\/naturschaetze-retten\/nabu-unterstuetzt-ebi\/","url_meta":{"origin":7303,"position":1},"title":"NABU unterst\u00fctzt Europ\u00e4ische B\u00fcrgerinitiative zur Pestizidreduktion in der Landwirtschaft","date":"28. Juli 2021","format":false,"excerpt":"\u00a0 \u00a0 \u00a0 \u00a0 \u00a0 \u00a0 \u00a0 \u00a0 \u00a0 \u00a0 Logo:\u00a0www.savebeesandfarmers.eu \u00a0 Unsere biologische Vielfalt ist in Gefahr wie nie zuvor. Um dem drohenden Kollaps der Artenvielfalt entgegenzusteuern, setzte die Europ\u00e4ische Kommission im sogenannten \"Green Deal\" die Ziele, das Ern\u00e4hrungs- und Landnutzungssystem zu mehr Nachhaltigkeit umzubauen und insbesondere den Pestizideinsatz\u2026","rel":"","context":"In &quot;Landwirtschaft &amp; Ern\u00e4hrung&quot;","img":{"alt_text":"","src":"https:\/\/i0.wp.com\/blogs.nabu.de\/naturschaetze-retten\/wp-content\/uploads\/sites\/3\/2021\/07\/DE_RGB-300x300.jpg?resize=350%2C200&ssl=1","width":350,"height":200},"classes":[]},{"id":5416,"url":"https:\/\/blogs.nabu.de\/naturschaetze-retten\/greendeal-corona-iii\/","url_meta":{"origin":7303,"position":2},"title":"European Green Deal in Zeiten von Corona (III)","date":"14. April 2020","format":false,"excerpt":"In diesem Beitrag begr\u00fcndet der Autor, warum wir in der Corona-Krise beim European Green Deal Kurs halten m\u00fcssen und jetzt erst recht ambitionierte Umweltpolitik brauchen.","rel":"","context":"In &quot;Lekt\u00fcre&quot;","img":{"alt_text":"","src":"https:\/\/i0.wp.com\/blogs.nabu.de\/naturschaetze-retten\/wp-content\/uploads\/sites\/3\/2020\/04\/Berlaymont_Foto_Europ\u00e4ische-Union_2016.jpg?resize=350%2C200&ssl=1","width":350,"height":200},"classes":[]},{"id":6716,"url":"https:\/\/blogs.nabu.de\/naturschaetze-retten\/ist-ein-ende-der-systembedingten-abhaengigkeit-von-pestiziden-in-sicht-zum-kommissionsvorschlag-einer-eu-verordnung-fuer-eine-nachhaltige-anwendung-von-pflanzenschutzmitteln\/","url_meta":{"origin":7303,"position":3},"title":"Ist ein Ende der systembedingten Abh\u00e4ngigkeit von Pestiziden in Sicht?","date":"28. Juni 2022","format":false,"excerpt":"Zum Kommissionsvorschlag einer EU-Verordnung f\u00fcr eine nachhaltige Anwendung von Pflanzenschutzmitteln Fast die H\u00e4lfte der Fl\u00e4che Europas wird landwirtschaftlich genutzt. In Deutschland sind es mit 16,6 Mio Hektar sogar knapp \u00fcber die H\u00e4lfte der Landesfl\u00e4che. Wie wir diese Fl\u00e4chen gestalten und bewirtschaften (z.B. mit Hecken, Teichen und Brachen vs. intensiv genutzte\u2026","rel":"","context":"In &quot;Natursch\u00e4tze.Retten&quot;","img":{"alt_text":"","src":"https:\/\/i0.wp.com\/blogs.nabu.de\/naturschaetze-retten\/wp-content\/uploads\/sites\/3\/2022\/06\/IMG_8726.jpg?resize=350%2C200&ssl=1","width":350,"height":200},"classes":[]},{"id":6467,"url":"https:\/\/blogs.nabu.de\/naturschaetze-retten\/waldpolitik-im-ampel-koalitionsvertrag-wertholz-oder-furnierimitat-im-politischen-schaufenster\/","url_meta":{"origin":7303,"position":4},"title":"Waldpolitik im Ampel-Koalitionsvertrag: Wertholz oder Furnierimitat im politischen Schaufenster?","date":"1. Dezember 2021","format":false,"excerpt":"1.12. 2021. Gesunde W\u00e4lder sind sch\u00f6n und unsere nat\u00fcrlichen Verb\u00fcndeten gegen die fortschreitende Klima- und Biodiversit\u00e4tskrise.\u00a0So unterschiedlich traditionelle Blickwinkel und Prim\u00e4rinteressen hiesiger Akteure zu Waldfragen sein m\u00f6gen: Die Anerkennung des prek\u00e4ren Zustandes des Waldes zwischen \u00f6kologischen Krisen und hohem Nutzungsdruck ist mittlerweile unumstritten. Entsprechend wenig \u00fcberraschend und trotzdem positiv ist\u2026","rel":"","context":"In &quot;Bundestagswahl 2021&quot;","img":{"alt_text":"","src":"https:\/\/i0.wp.com\/blogs.nabu.de\/naturschaetze-retten\/wp-content\/uploads\/sites\/3\/2015\/05\/Natura-2000-site-Grumsiner-Forst_Klemens-Karkow.jpg?resize=350%2C200&ssl=1","width":350,"height":200},"classes":[]},{"id":5882,"url":"https:\/\/blogs.nabu.de\/naturschaetze-retten\/studie-im-auftrag-des-agrarausschusses\/","url_meta":{"origin":7303,"position":5},"title":"NABU-GAP-Ticker: Studie im Auftrag des Agrarausschusses best\u00e4tigt: Die neue GAP widerspricht dem Green Deal","date":"4. Dezember 2020","format":false,"excerpt":"04.12.2020: Eine vom Agrarausschuss des Europ\u00e4ischen Parlaments in Auftrag gegebene Studie zeigt gro\u00dfe Konfliktfelder zwischen den Vorhaben des Green Deals der EU Kommission und dem im Europaparlament entschiedenen Kompromiss zur neuen GAP. Zur Erinnerung: Der Agrarausschuss sorgte mit seiner Unnachgiebigkeit f\u00fcr einen demonstrativen R\u00fcckzug des Umweltausschusses aus den Verhandlungen zur\u2026","rel":"","context":"In &quot;NABU-Agrar-Blog&quot;","img":{"alt_text":"","src":"https:\/\/i0.wp.com\/blogs.nabu.de\/naturschaetze-retten\/wp-content\/uploads\/sites\/3\/2018\/05\/gap_ticker.jpg?resize=350%2C200&ssl=1","width":350,"height":200},"classes":[]}],"jetpack_shortlink":"https:\/\/wp.me\/p67kDA-1TN","_links":{"self":[{"href":"https:\/\/blogs.nabu.de\/naturschaetze-retten\/wp-json\/wp\/v2\/posts\/7303"}],"collection":[{"href":"https:\/\/blogs.nabu.de\/naturschaetze-retten\/wp-json\/wp\/v2\/posts"}],"about":[{"href":"https:\/\/blogs.nabu.de\/naturschaetze-retten\/wp-json\/wp\/v2\/types\/post"}],"author":[{"embeddable":true,"href":"https:\/\/blogs.nabu.de\/naturschaetze-retten\/wp-json\/wp\/v2\/users\/140"}],"replies":[{"embeddable":true,"href":"https:\/\/blogs.nabu.de\/naturschaetze-retten\/wp-json\/wp\/v2\/comments?post=7303"}],"version-history":[{"count":5,"href":"https:\/\/blogs.nabu.de\/naturschaetze-retten\/wp-json\/wp\/v2\/posts\/7303\/revisions"}],"predecessor-version":[{"id":7310,"href":"https:\/\/blogs.nabu.de\/naturschaetze-retten\/wp-json\/wp\/v2\/posts\/7303\/revisions\/7310"}],"wp:attachment":[{"href":"https:\/\/blogs.nabu.de\/naturschaetze-retten\/wp-json\/wp\/v2\/media?parent=7303"}],"wp:term":[{"taxonomy":"category","embeddable":true,"href":"https:\/\/blogs.nabu.de\/naturschaetze-retten\/wp-json\/wp\/v2\/categories?post=7303"},{"taxonomy":"post_tag","embeddable":true,"href":"https:\/\/blogs.nabu.de\/naturschaetze-retten\/wp-json\/wp\/v2\/tags?post=7303"}],"curies":[{"name":"wp","href":"https:\/\/api.w.org\/{rel}","templated":true}]}}