{"id":6406,"date":"2021-11-18T15:31:03","date_gmt":"2021-11-18T14:31:03","guid":{"rendered":"http:\/\/blogs.nabu.de\/naturschaetze-retten\/?p=6406"},"modified":"2021-11-26T16:09:38","modified_gmt":"2021-11-26T15:09:38","slug":"nabu-agrar-blog-boden-aukm","status":"publish","type":"post","link":"https:\/\/blogs.nabu.de\/naturschaetze-retten\/nabu-agrar-blog-boden-aukm\/","title":{"rendered":"NABU-Agrar-Blog: Aktive Regeneration unserer B\u00f6den &#8211; ein AUKM-Vorschlag des NABU"},"content":{"rendered":"<p><img data-attachment-id=\"6282\" data-permalink=\"https:\/\/blogs.nabu.de\/naturschaetze-retten\/nabu-agrar-blog-2021-10-06\/nabu_agrar_blog_titel\/\" data-orig-file=\"https:\/\/blogs.nabu.de\/naturschaetze-retten\/wp-content\/uploads\/sites\/3\/2021\/10\/NABU_Agrar_Blog_Titel-e1633602782456.jpg\" data-orig-size=\"750,150\" data-comments-opened=\"1\" data-image-meta=\"{&quot;aperture&quot;:&quot;0&quot;,&quot;credit&quot;:&quot;&quot;,&quot;camera&quot;:&quot;&quot;,&quot;caption&quot;:&quot;&quot;,&quot;created_timestamp&quot;:&quot;0&quot;,&quot;copyright&quot;:&quot;&quot;,&quot;focal_length&quot;:&quot;0&quot;,&quot;iso&quot;:&quot;0&quot;,&quot;shutter_speed&quot;:&quot;0&quot;,&quot;title&quot;:&quot;&quot;,&quot;orientation&quot;:&quot;0&quot;}\" data-image-title=\"NABU_Agrar_Blog_Titel\" data-image-description=\"\" data-image-caption=\"\" data-medium-file=\"https:\/\/blogs.nabu.de\/naturschaetze-retten\/wp-content\/uploads\/sites\/3\/2021\/10\/NABU_Agrar_Blog_Titel-300x60.jpg\" data-large-file=\"https:\/\/blogs.nabu.de\/naturschaetze-retten\/wp-content\/uploads\/sites\/3\/2021\/10\/NABU_Agrar_Blog_Titel-e1633602782456.jpg\" decoding=\"async\" loading=\"lazy\" class=\"alignnone wp-image-6282 size-full\" src=\"https:\/\/blogs.nabu.de\/naturschaetze-retten\/wp-content\/uploads\/sites\/3\/2021\/10\/NABU_Agrar_Blog_Titel-e1633602782456.jpg\" alt=\"\" width=\"750\" height=\"150\" \/><\/p>\n<p><strong>18.11.2021. Die am 17.11.2021 von der Europ\u00e4ischen Kommission ver\u00f6ffentlichte <a href=\"https:\/\/ec.europa.eu\/environment\/publications\/eu-soil-strategy-2030_de\" target=\"_blank\" rel=\"noopener\">EU-Bodenstrategie<\/a> r\u00fcckt den Schutz und die Regeneration unserer landwirtschaftlich genutzten B\u00f6den weiter in den Fokus. Denn um diese steht es schlecht: Nach Sch\u00e4tzung der EU-Kommission befinden sich 60-70 Prozent in einem ungesunden Zustand.\u00a0 Unter anderem durch das\u00a0 \u201aSoil Health Law\u2018 soll es hier nun endlich zu Verbesserungen kommen. F\u00fcr landwirtschaftlich genutzte B\u00f6den k\u00f6nnte das zu neuen Regelungen im Bereich der D\u00fcngung, der Entw\u00e4sserung und des Erosionsschutzes f\u00fchren &#8211; aus Sicht des NABU l\u00e4ngst \u00fcberf\u00e4llig. Doch auch <\/strong><strong>bevor die Bodenstrategie mit verbindlichen Regelungen umgesetzt werden kann, m\u00fcssen Landwirte schnellstm\u00f6glich zu einer nachhaltigen Bodennutzung bef\u00e4higt werden. Etwa \u00fcber Agrarumwelt- und Klimama\u00dfnahmen (AUKM), die aktuell von den Bundesl\u00e4ndern <\/strong><strong>im Rahmen der Gemeinsamen Agrarpolitik (GAP) konzipiert werden. Wir stellen hier einen AUKM-Vorschlag zur Verbesserung der Qualit\u00e4t unserer landwirtschaftlichen B\u00f6den vor.<\/strong><\/p>\n<p><!--more--><\/p>\n<p>Die Notwendigkeit f\u00fcr schnelles Handeln zeigt sich u.a. an den externen Kosten der zu intensiven Bodennutzung. So emittieren Deutschlands landwirtschaftlich genutzte Ackerb\u00f6den zurzeit im Schnitt 0,19 Tonnen Kohlenstoff pro Hektar und Jahr (Jacobs et al 2018).<\/p>\n<p>Ans\u00e4tze zur Verbesserung der Bodenqualit\u00e4t in der europ\u00e4ischen und deutschen Agrarpolitik beziehen sich bisher meist auf die Verringerung der synthetischen und mineralischen Stoffeintr\u00e4ge. Praktische Ans\u00e4tze zur aktiven Verbesserung der Qualit\u00e4t landwirtschaftlich genutzter B\u00f6den in Deutschland kommen vor allem aus Kreisen der Landwirt*innen, von gemeinn\u00fctzigen Organisationen und der Zivilgesellschaft. Diese beziehen sich meist auf ein aktives Bodenmanagement. Hierf\u00fcr m\u00fcssen landwirtschaftliche Betriebe ihren Maschinenpark anpassen bzw. umstrukturieren. Maschinen, die auf die Verbesserung der Qualit\u00e4t landwirtschaftlich genutzter B\u00f6den ausgerichtet sind, k\u00f6nnen Synergien zwischen Naturschutz und Landwirtschaft schaffen. Eine M\u00f6glichkeit, die Qualit\u00e4t der landwirtschaftlich genutzten B\u00f6den zu verbessern, ist die Anpassung der Landmaschinentechnik. Deshalb schl\u00e4gt der NABU die F\u00f6rderungen von Ger\u00e4ten der Bodenanalytik (z.B. Bodensonden), Mechanik (z.B. Geohobel) und Biologie (z.B. Ferment-Maschinen) vor.<\/p>\n<p>Zum Beispiel k\u00f6nnen Ger\u00e4te zur Bodenlockerung helfen, Verdichtungshorizonte aufzul\u00f6sen und positive Symbiosen f\u00fcr Bodenlebewesen und Wasserhalteverm\u00f6gen schaffen. Der oder die Landwirt*in schafft damit Resilienz gegen\u00fcber D\u00fcrren und Starkregen, schw\u00e4cht die ertragsmindernden Effekte und wirkt dem Lebensraumschwund der Bodenlebewesen entgegen.<\/p>\n<p>Generell ist die verbesserte Bodengesundheit f\u00f6rderlich f\u00fcr das Wachstum von Pflanzen und die Bodenbiodiversit\u00e4t. Sie mindert zudem die Erosionsgefahr durch h\u00f6here Bodenaggregatfestigkeit und geringeren \u00dcberlandabfluss. Au\u00dferdem verbessert sie die Durchwurzelung und den Zugang zu Bodenfeuchtigkeit sowie N\u00e4hrstoffen. Der Erhalt der Bodenfeuchtigkeit ist gleichsam essentiell f\u00fcr den Erhalt der Bodenbiodiversit\u00e4t, die regionale Hydrologie und eine damit verbundene funktionierende Oberfl\u00e4chenk\u00fchlung durch Evapotranspiration. Auch erm\u00f6glicht eine ausreichende Bodenfeuchte, landwirtschaftliche B\u00f6den langfristig als Kohlenstoffsenken zu nutzen.<\/p>\n<p>Mehr Information finden Sie unter diesem Link: <a href=\"https:\/\/blogs.nabu.de\/naturschaetze-retten\/wp-content\/uploads\/sites\/3\/2021\/11\/F\u00f6rderma\u00dfnahme-Boden_final.pdf\">F\u00f6rderma\u00dfnahme Boden_final<\/a><\/p>\n<p>Der NABU hat unter Einbeziehung verschiedener Expert*innen und Projekte eigene Vorschl\u00e4ge f\u00fcr effektive AUKM erarbeitet. In diesem Blog bereits erschienen: <a href=\"https:\/\/blogs.nabu.de\/naturschaetze-retten\/nabu-gap-ticker-2021-08-13\/\" target=\"_blank\" rel=\"noopener\">\u201eArtenvielfalt im Ackerbau\u201c<\/a>, <a href=\"https:\/\/blogs.nabu.de\/naturschaetze-retten\/nabu-agrar-blog-2021-10-13\/\" target=\"_blank\" rel=\"noopener\">\u201eSchutz von Kiebitz und Rebhuhn&#8220;<\/a> und <a href=\"https:\/\/blogs.nabu.de\/naturschaetze-retten\/nabu-agrar-blog_2021-11-02\/\" target=\"_blank\" rel=\"noopener\">&#8222;Effektiver Gr\u00fcnlandschutz&#8220;<\/a>.<\/p>\n<p><strong>Quellen:<\/strong><\/p>\n<p>Jacobs et al (2018): Landwirtschaftlich genutzte B\u00f6den in Deutschland &#8211; Ergebnisse der Bodenzustandserhebung. Braunschweig: Johann Heinrich von Th\u00fcnen-Institut, 316 p, Th\u00fcnen Rep 64, DOI:10.3220\/REP1542818391000.<\/p>\n<blockquote>\n<h3><strong><em>Der NABU-Agrar-Blog<\/em><\/strong><\/h3>\n<p>Im NABU-Agrar-Blog informieren wir \u00fcber die Themen zukunftsf\u00e4hige Landnutzung und Agrarpolitik in Deutschland und Europa. Abonnieren Sie unseren Blog, um \u00fcber diese auf dem Laufenden zu bleiben, stellen Sie Fragen oder diskutieren Sie mit uns \u00fcber die Kommentarfunktion. Weitere Hintergrundinformationen zu den Aktivit\u00e4ten des NABU f\u00fcr eine naturvertr\u00e4gliche Landwirtschaft finden Sie unter\u00a0 <a class=\"c-link\" href=\"https:\/\/www.nabu.de\/natur-und-landschaft\/landnutzung\/landwirtschaft\/\" target=\"_blank\" rel=\"noopener noreferrer\">https:\/\/www.nabu.de\/natur-und-landschaft\/landnutzung\/landwirtschaft\/<\/a>. Folgen Sie uns gerne auch auf Twitter: <em><a href=\"https:\/\/twitter.com\/NABU_Biodiv\" target=\"_blank\" rel=\"noopener\">@NABU_biodiv<\/a><\/em><\/p><\/blockquote>\n<p>&nbsp;<\/p>\n<!-- Begin Yuzo --><div class='yuzo_related_post style-1'  data-version='5.12.74'><!-- without result --><div class='yuzo_clearfixed yuzo__title yuzo__title'><h3>Das k\u00f6nnte Sie auch interessieren<\/h3><\/div>\n\t\t\t\t\t\t  <div class=\"relatedthumb \" style=\"width:125px;float:left;overflow:hidden;\">  \n\t\t\t\t\t\t\t  \n\t\t\t\t\t\t\t  <a  href=\"https:\/\/blogs.nabu.de\/naturschaetze-retten\/einladung-gapevent13-10\/\"  >\n\t\t\t\t\t\t\t\t\t  <div class=\"yuzo-img-wrap \" style=\"width: 125px;height:90px;\">\n\t\t\t\t\t\t\t\t\t\t\n\t\t\t\t\t\t\t\t\t\t<div class=\"yuzo-img\" style=\"background:url('https:\/\/blogs.nabu.de\/naturschaetze-retten\/wp-content\/uploads\/sites\/3\/2020\/10\/Eventbrite-Header-340x226.png') 50% 50% no-repeat;width: 125px;height:90px;margin-bottom: 5px;background-size: cover; \"><\/div>\n\t\t\t\t\t\t\t\t\t  <\/div>\n\t\t\t\t\t\t\t\t\t  \n\t\t\t\t\t\t\t\t   <span class=\"yuzo__text--title\" style=\"font-size:13px;\">Einladung GAP-Event am 13.10. \u2013 Sicherung de...<\/span>\n\t\t\t\t\t\t\t  \n\t\t\t\t\t\t\t  \n\t\t\t\t\t\t\t  <\/a>\n\n\t\t\t\t\t\t  <\/div>\n\t\t\t\t\t\t  <div class=\"relatedthumb \" style=\"width:125px;float:left;overflow:hidden;\">  \n\t\t\t\t\t\t\t  \n\t\t\t\t\t\t\t  <a  href=\"https:\/\/blogs.nabu.de\/naturschaetze-retten\/nabu-gap-ticker-weiteres-treffen-der-agrarministerinnen-ohne-umweltambitionen\/\"  >\n\t\t\t\t\t\t\t\t\t  <div class=\"yuzo-img-wrap \" style=\"width: 125px;height:90px;\">\n\t\t\t\t\t\t\t\t\t\t\n\t\t\t\t\t\t\t\t\t\t<div class=\"yuzo-img\" style=\"background:url('https:\/\/blogs.nabu.de\/naturschaetze-retten\/wp-content\/uploads\/sites\/3\/2020\/02\/Untere-Havel-Klemens-Karkow-750-340x226.jpg') 50% 50% no-repeat;width: 125px;height:90px;margin-bottom: 5px;background-size: cover; \"><\/div>\n\t\t\t\t\t\t\t\t\t  <\/div>\n\t\t\t\t\t\t\t\t\t  \n\t\t\t\t\t\t\t\t   <span class=\"yuzo__text--title\" style=\"font-size:13px;\">NABU-GAP-Ticker: Weiteres Treffen der Agrarministe...<\/span>\n\t\t\t\t\t\t\t  \n\t\t\t\t\t\t\t  \n\t\t\t\t\t\t\t  <\/a>\n\n\t\t\t\t\t\t  <\/div>\n\t\t\t\t\t\t  <div class=\"relatedthumb \" style=\"width:125px;float:left;overflow:hidden;\">  \n\t\t\t\t\t\t\t  \n\t\t\t\t\t\t\t  <a  href=\"https:\/\/blogs.nabu.de\/naturschaetze-retten\/novelle-umweltstrafrecht-kurz-vor-abschluss\/\"  >\n\t\t\t\t\t\t\t\t\t  <div class=\"yuzo-img-wrap \" style=\"width: 125px;height:90px;\">\n\t\t\t\t\t\t\t\t\t\t\n\t\t\t\t\t\t\t\t\t\t<div class=\"yuzo-img\" style=\"background:url('https:\/\/blogs.nabu.de\/naturschaetze-retten\/wp-content\/uploads\/sites\/3\/2023\/10\/owl-7379777_1280-340x226.jpg') 50% 50% no-repeat;width: 125px;height:90px;margin-bottom: 5px;background-size: cover; \"><\/div>\n\t\t\t\t\t\t\t\t\t  <\/div>\n\t\t\t\t\t\t\t\t\t  \n\t\t\t\t\t\t\t\t   <span class=\"yuzo__text--title\" style=\"font-size:13px;\">Novelle Umweltstrafrecht kurz vor Abschluss<\/span>\n\t\t\t\t\t\t\t  \n\t\t\t\t\t\t\t  \n\t\t\t\t\t\t\t  <\/a>\n\n\t\t\t\t\t\t  <\/div>\n\t\t\t\t\t\t  <div class=\"relatedthumb \" style=\"width:125px;float:left;overflow:hidden;\">  \n\t\t\t\t\t\t\t  \n\t\t\t\t\t\t\t  <a  href=\"https:\/\/blogs.nabu.de\/naturschaetze-retten\/insektenrueckgang-in-den-niederlanden\/\"  >\n\t\t\t\t\t\t\t\t\t  <div class=\"yuzo-img-wrap \" style=\"width: 125px;height:90px;\">\n\t\t\t\t\t\t\t\t\t\t\n\t\t\t\t\t\t\t\t\t\t<div class=\"yuzo-img\" style=\"background:url('https:\/\/blogs.nabu.de\/naturschaetze-retten\/wp-content\/uploads\/sites\/3\/2018\/08\/Amethysteule_Eucarta-amethystina_starkgef\u00e4hrdet_AndrejMakara.jpg') 50% 50% no-repeat;width: 125px;height:90px;margin-bottom: 5px;background-size: cover; \"><\/div>\n\t\t\t\t\t\t\t\t\t  <\/div>\n\t\t\t\t\t\t\t\t\t  \n\t\t\t\t\t\t\t\t   <span class=\"yuzo__text--title\" style=\"font-size:13px;\">Insektenr\u00fcckgang in den Niederlanden<\/span>\n\t\t\t\t\t\t\t  \n\t\t\t\t\t\t\t  \n\t\t\t\t\t\t\t  <\/a>\n\n\t\t\t\t\t\t  <\/div>\n<\/div> <style>\n\t\t\t\t\t\t\t\t.yuzo_related_post img{width:120px !important; height:110px !important;}\n\t\t\t\t\t\t\t\t.yuzo_related_post .relatedthumb{line-height:15px;background: !important;color:!important;}\n\t\t\t\t\t\t\t\t.yuzo_related_post .relatedthumb:hover{background:#fcfcf4 !important; -webkit-transition: background 0.2s linear; -moz-transition: background 0.2s linear; -o-transition: background 0.2s linear; transition: background 0.2s linear;;color:!important;}\n\t\t\t\t\t\t\t\t.yuzo_related_post .relatedthumb a{color:!important;}\n\t\t\t\t\t\t\t\t.yuzo_related_post .relatedthumb a:hover{ color:}!important;}\n\t\t\t\t\t\t\t\t.yuzo_related_post .relatedthumb:hover a{ color:!important;}\n\t\t\t\t\t\t\t\t.yuzo_related_post .yuzo_text {color:!important;}\n\t\t\t\t\t\t\t\t.yuzo_related_post .relatedthumb:hover .yuzo_text {color:!important;}\n\t\t\t\t\t\t\t\t.yuzo_related_post .relatedthumb{  margin: 0px  0px  0px  0px;   padding: 5px  5px  5px  5px;  }\n\t\t\t\t\t\t\t\t\n\t\t\t\t\t\t\t\t<\/style> <script>\n\t\t\t\t\t\t  jQuery(document).ready(function( $ ){\n\t\t\t\t\t\t\t\/\/jQuery('.yuzo_related_post').equalizer({ overflow : 'relatedthumb' });\n\t\t\t\t\t\t\tjQuery('.yuzo_related_post .yuzo_wraps').equalizer({ columns : '> div' });\n\t\t\t\t\t\t   })\n\t\t\t\t\t\t  <\/script> <!-- End Yuzo :) -->","protected":false},"excerpt":{"rendered":"<p>Die EU-Bodenstrategie r\u00fcckt Schutz und Regeneration landwirtschaftlicher B\u00f6den weiter in den Fokus. Schon jetzt k\u00f6nnte die Verbesserung der Bodenqualit\u00e4t gef\u00f6rdert werden &#8211; z.B. mittels AUKM<\/p>\n","protected":false},"author":140,"featured_media":6321,"comment_status":"open","ping_status":"closed","sticky":false,"template":"","format":"standard","meta":{"jetpack_post_was_ever_published":false},"categories":[66,107,1],"tags":[18,29,117,229],"jetpack_featured_media_url":"https:\/\/blogs.nabu.de\/naturschaetze-retten\/wp-content\/uploads\/sites\/3\/2021\/10\/NABU-Agrar-Blog-200-x-200.jpg","jetpack-related-posts":[{"id":6780,"url":"https:\/\/blogs.nabu.de\/naturschaetze-retten\/nabu-agrar-blog-unterirdische-biodiversitaet-2\/","url_meta":{"origin":6406,"position":0},"title":"NABU-Agrar-Blog: Unterirdische Biodiversit\u00e4t \u2013 fataler \u201aBlind Spot\u2018 der europ\u00e4ischen Agrarpolitik!? (Teil 2)","date":"17. August 2022","format":false,"excerpt":"17. August 2022. Die Gemeinsame Agrarpolitik\u00a0(GAP) der EU f\u00fcr den F\u00f6rderzeitraum 2023 bis 2027 ist, bis auf letzte Stellschrauben, beschlossene Sache. Gemeinsam mit der europ\u00e4ischen und nationalen Pestizidpolitik bildet die GAP, abgesehen von dem in der Landwirtschaft bisher wirkungslosen nationalen Bodenschutzrecht, die Haupteinflusschance der Politik f\u00fcr den Schutz und die\u2026","rel":"","context":"In &quot;Landwirtschaft &amp; Ern\u00e4hrung&quot;","img":{"alt_text":"","src":"https:\/\/i0.wp.com\/blogs.nabu.de\/naturschaetze-retten\/wp-content\/uploads\/sites\/3\/2022\/08\/mobsimon.png?resize=350%2C200&ssl=1","width":350,"height":200},"classes":[]},{"id":7303,"url":"https:\/\/blogs.nabu.de\/naturschaetze-retten\/das-eu-bodengesetz-entwicklungen-am-knotenpunkt-von-umwelt-klima-agrar-und-ernaehrungspolitik\/","url_meta":{"origin":6406,"position":1},"title":"Das EU-Bodengesetz: Entwicklungen am Knotenpunkt von Umwelt-, Klima-, Agrar- und Ern\u00e4hrungspolitik","date":"3. August 2023","format":false,"excerpt":"03.08.2023: Der EU-Green Deal und die EU-Bodenstrategie f\u00fcr 2030 bilden den politischen Rahmen der EU f\u00fcr den Schutz und die Wiederherstellung der Gesundheit lebendiger Boden\u00f6kosysteme sowie die Gew\u00e4hrleistung ihrer nachhaltigen Nutzung. In der Strategie hat sich die EU verpflichtet, ein neues Bodengesetz zu verabschieden, um die Gesundheit der B\u00f6den zu\u2026","rel":"","context":"In &quot;Natursch\u00e4tze.Retten&quot;","img":{"alt_text":"","src":"https:\/\/i0.wp.com\/blogs.nabu.de\/naturschaetze-retten\/wp-content\/uploads\/sites\/3\/2023\/08\/Screenshot-2023-08-03-at-12.07.09-300x228.png?resize=350%2C200&ssl=1","width":350,"height":200},"classes":[]},{"id":6569,"url":"https:\/\/blogs.nabu.de\/naturschaetze-retten\/nabu-agrar-blog-nationaler-gap-strategieplan-eingereicht-nachbesserungen-erforderlich\/","url_meta":{"origin":6406,"position":2},"title":"NABU-Agrar-Blog: Nationaler GAP-Strategieplan eingereicht &#8211; Nachbesserungen erforderlich!","date":"15. M\u00e4rz 2022","format":false,"excerpt":"15.3.2022. Nach jahrelangen Verhandlungen wurde der Nationale Strategieplan (NSP) zur Gemeinsamen Agrarpolitik (GAP) von Deutschland mit zwei Monaten Versp\u00e4tung am 21. Februar 2022 in Br\u00fcssel eingereicht. Die neue Bundesregierung stellte den von der Vorg\u00e4nger-Regierung vorbereiteten Plan ohne gro\u00dfe \u00c4nderungen fertig. Das 1799 Seiten lange Dokument beinhaltet u.a. die Dokumente zum\u2026","rel":"","context":"In &quot;Landwirtschaft &amp; Ern\u00e4hrung&quot;","img":{"alt_text":"","src":"https:\/\/i0.wp.com\/blogs.nabu.de\/naturschaetze-retten\/wp-content\/uploads\/sites\/3\/2021\/10\/NABU-Agrar-Blog-200-x-200.jpg?resize=350%2C200&ssl=1","width":350,"height":200},"classes":[]},{"id":6703,"url":"https:\/\/blogs.nabu.de\/naturschaetze-retten\/nabu-agrar-blog-teil-1-policy-briefing-moor-und-feuchtgebiete-in-der-gemeinsamen-agrarpolitik-gap\/","url_meta":{"origin":6406,"position":3},"title":"NABU-Agrar-Blog: Teil 1 Policy Briefing: Moor- und Feuchtgebiete in der Gemeinsamen Agrarpolitik (GAP)","date":"21. Juni 2022","format":false,"excerpt":"\u00a0 \u00a0 Der NABU-Dachverband Birdlife International (BL) hat zusammen mit dem European Environmental Bureau (EEB) eine Analyse einiger Nationaler Strategiepl\u00e4ne (NSP) der Gemeinsamen Agrarpolitik (GAP) ab 2023 zu ausgesuchten Themen erarbeitet. Wir wollen diese in unserem NABU-Agrar-Blog nach und nach vorstellen und in den politischen Kontext auf deutscher Ebene einordnen.\u2026","rel":"","context":"In &quot;Landwirtschaft &amp; Ern\u00e4hrung&quot;","img":{"alt_text":"","src":"https:\/\/i0.wp.com\/blogs.nabu.de\/naturschaetze-retten\/wp-content\/uploads\/sites\/3\/2022\/06\/V8A3274-300x200.jpg?resize=350%2C200&ssl=1","width":350,"height":200},"classes":[]},{"id":6766,"url":"https:\/\/blogs.nabu.de\/naturschaetze-retten\/nabu-agrar-blog-unterirdische-biodiversitaet-1\/","url_meta":{"origin":6406,"position":4},"title":"NABU-Agrar-Blog: Unterirdische Biodiversit\u00e4t &#8211; fataler \u201aBlind Spot\u2018 der europ\u00e4ischen Agrarpolitik!? (Teil 1)","date":"5. August 2022","format":false,"excerpt":"5. August 2022. Die Bedeutung der unterirdischen Biodiversit\u00e4t f\u00fcr eine n\u00e4hrstoffreiche Ern\u00e4hrungssicherung, eine an die Klimakatastrophe angepasste Landnutzung und eine Landwirtschaft, die ihrer Verantwortung in der Erderw\u00e4rmung gerecht werden kann, wird in der Politik und Wirtschaft bis heute zum gr\u00f6\u00dften Teil \u00fcbersehen. Und das, obwohl die Wissenschaft attestiert: Die Degradation\u2026","rel":"","context":"In &quot;Landwirtschaft &amp; Ern\u00e4hrung&quot;","img":{"alt_text":"","src":"https:\/\/i0.wp.com\/blogs.nabu.de\/naturschaetze-retten\/wp-content\/uploads\/sites\/3\/2021\/10\/NABU-Agrar-Blog-200-x-200.jpg?resize=350%2C200&ssl=1","width":350,"height":200},"classes":[]},{"id":6852,"url":"https:\/\/blogs.nabu.de\/naturschaetze-retten\/carbon-removal-certification-framework-eu-klimapolitik-auf-irrwegen\/","url_meta":{"origin":6406,"position":5},"title":"Carbon Removal Certification Framework \u2013 EU-Klimapolitik auf Irrwegen?!","date":"22. November 2022","format":false,"excerpt":"22. November 2022. Das Ziel der EU-Klimapolitik ist es, Netto-Null-Emissionen zu erreichen und bis 2030 55 % der Netto-Emissionen der Union zu reduzieren. Zu diesem Zweck erhebt und reguliert die EU-Kommission die Treibhausgasemissionen. Dar\u00fcber hinaus f\u00f6rdert sie die Entnahme von CO2 aus der Atmosph\u00e4re (carbon removal). Letzteres soll durch das\u2026","rel":"","context":"In &quot;Landwirtschaft &amp; Ern\u00e4hrung&quot;","img":{"alt_text":"","src":"https:\/\/i0.wp.com\/blogs.nabu.de\/naturschaetze-retten\/wp-content\/uploads\/sites\/3\/2022\/11\/MCP-300x255.jpg?resize=350%2C200&ssl=1","width":350,"height":200},"classes":[]}],"jetpack_shortlink":"https:\/\/wp.me\/p67kDA-1Fk","_links":{"self":[{"href":"https:\/\/blogs.nabu.de\/naturschaetze-retten\/wp-json\/wp\/v2\/posts\/6406"}],"collection":[{"href":"https:\/\/blogs.nabu.de\/naturschaetze-retten\/wp-json\/wp\/v2\/posts"}],"about":[{"href":"https:\/\/blogs.nabu.de\/naturschaetze-retten\/wp-json\/wp\/v2\/types\/post"}],"author":[{"embeddable":true,"href":"https:\/\/blogs.nabu.de\/naturschaetze-retten\/wp-json\/wp\/v2\/users\/140"}],"replies":[{"embeddable":true,"href":"https:\/\/blogs.nabu.de\/naturschaetze-retten\/wp-json\/wp\/v2\/comments?post=6406"}],"version-history":[{"count":13,"href":"https:\/\/blogs.nabu.de\/naturschaetze-retten\/wp-json\/wp\/v2\/posts\/6406\/revisions"}],"predecessor-version":[{"id":6459,"href":"https:\/\/blogs.nabu.de\/naturschaetze-retten\/wp-json\/wp\/v2\/posts\/6406\/revisions\/6459"}],"wp:featuredmedia":[{"embeddable":true,"href":"https:\/\/blogs.nabu.de\/naturschaetze-retten\/wp-json\/wp\/v2\/media\/6321"}],"wp:attachment":[{"href":"https:\/\/blogs.nabu.de\/naturschaetze-retten\/wp-json\/wp\/v2\/media?parent=6406"}],"wp:term":[{"taxonomy":"category","embeddable":true,"href":"https:\/\/blogs.nabu.de\/naturschaetze-retten\/wp-json\/wp\/v2\/categories?post=6406"},{"taxonomy":"post_tag","embeddable":true,"href":"https:\/\/blogs.nabu.de\/naturschaetze-retten\/wp-json\/wp\/v2\/tags?post=6406"}],"curies":[{"name":"wp","href":"https:\/\/api.w.org\/{rel}","templated":true}]}}