{"id":6344,"date":"2021-11-02T14:51:10","date_gmt":"2021-11-02T13:51:10","guid":{"rendered":"http:\/\/blogs.nabu.de\/naturschaetze-retten\/?p=6344"},"modified":"2021-11-02T15:06:22","modified_gmt":"2021-11-02T14:06:22","slug":"nabu-agrar-blog_2021-11-02","status":"publish","type":"post","link":"https:\/\/blogs.nabu.de\/naturschaetze-retten\/nabu-agrar-blog_2021-11-02\/","title":{"rendered":"NABU-Agrar-Blog: Effektiver Gr\u00fcnlandschutz &#8211; AUKM-Entw\u00fcrfe des NABU"},"content":{"rendered":"<p><img data-attachment-id=\"6282\" data-permalink=\"https:\/\/blogs.nabu.de\/naturschaetze-retten\/nabu-agrar-blog-2021-10-06\/nabu_agrar_blog_titel\/\" data-orig-file=\"https:\/\/blogs.nabu.de\/naturschaetze-retten\/wp-content\/uploads\/sites\/3\/2021\/10\/NABU_Agrar_Blog_Titel-e1633602782456.jpg\" data-orig-size=\"750,150\" data-comments-opened=\"1\" data-image-meta=\"{&quot;aperture&quot;:&quot;0&quot;,&quot;credit&quot;:&quot;&quot;,&quot;camera&quot;:&quot;&quot;,&quot;caption&quot;:&quot;&quot;,&quot;created_timestamp&quot;:&quot;0&quot;,&quot;copyright&quot;:&quot;&quot;,&quot;focal_length&quot;:&quot;0&quot;,&quot;iso&quot;:&quot;0&quot;,&quot;shutter_speed&quot;:&quot;0&quot;,&quot;title&quot;:&quot;&quot;,&quot;orientation&quot;:&quot;0&quot;}\" data-image-title=\"NABU_Agrar_Blog_Titel\" data-image-description=\"\" data-image-caption=\"\" data-medium-file=\"https:\/\/blogs.nabu.de\/naturschaetze-retten\/wp-content\/uploads\/sites\/3\/2021\/10\/NABU_Agrar_Blog_Titel-300x60.jpg\" data-large-file=\"https:\/\/blogs.nabu.de\/naturschaetze-retten\/wp-content\/uploads\/sites\/3\/2021\/10\/NABU_Agrar_Blog_Titel-e1633602782456.jpg\" decoding=\"async\" loading=\"lazy\" class=\"alignnone wp-image-6282 size-full\" src=\"https:\/\/blogs.nabu.de\/naturschaetze-retten\/wp-content\/uploads\/sites\/3\/2021\/10\/NABU_Agrar_Blog_Titel-e1633602782456.jpg\" alt=\"\" width=\"750\" height=\"150\" \/><\/p>\n<p><strong>Bei der Erarbeitung der Strategiepl\u00e4ne f\u00fcr die Umsetzung der Gemeinsamen Agrarpolitik (GAP) in Deutschland sind nun die L\u00e4nder dran: Sie konzipieren die Agrarumwelt- und Klimaschutzma\u00dfnahmen (AUKM) der zweiten S\u00e4ule. <\/strong><strong>Der NABU hat unter Einbeziehung verschiedener Expert*innen und Projekte eigene Vorschl\u00e4ge f\u00fcr effektive AUKM erarbeitet. Hier stellen wir drei F\u00f6rderma\u00dfnahmen zum Erhalt artenreichen Gr\u00fcnlands vor.<\/strong><\/p>\n<p><!--more--><\/p>\n<p>In diesem Blog bereits erschienen: <a href=\"https:\/\/blogs.nabu.de\/naturschaetze-retten\/nabu-gap-ticker-2021-08-13\/\" target=\"_blank\" rel=\"noopener\">\u201eArtenvielfalt im Ackerbau\u201c<\/a> und <a href=\"https:\/\/blogs.nabu.de\/naturschaetze-retten\/nabu-agrar-blog-2021-10-13\/\" target=\"_blank\" rel=\"noopener\">\u201eSchutz von Kiebitz und Rebhuhn\u201c.<\/a><\/p>\n<p><strong>\u201eOptimiertes Weidemanagement\u201c <\/strong><\/p>\n<p>Der Dauergr\u00fcnlandanteil hat bis 2013 in Deutschland stark abgenommen. Seit 2013 wird Gr\u00fcnland durch die GAP vor Umbruch gesch\u00fctzt, die Fl\u00e4che ist ann\u00e4hernd gleich geblieben. Nichtsdestotrotz ist eine zunehmende Verschlechterung qualitativer Aspekte erkennbar, z.B. die Artenverarmung.<\/p>\n<p>Dauergr\u00fcnland\u00f6kosysteme speichern weltweit mehr Kohlenstoff als Wald\u00f6kosysteme. Die feinwurzelnden Gr\u00e4ser haben im Vergleich zu B\u00e4umen das gr\u00f6\u00dfere Bodenbildungs- und somit auch Kohlenstoffbindungspotential.<\/p>\n<p>Es sollen der Erhalt bzw. die Regeneration pflanzengenetisch wertvoller Gr\u00fcnlandvegetation und deren Fauna gef\u00f6rdert werden. Dies wird in erster Linie \u00fcber ein regionalspezifisches floristisches Kennartensystem durchgef\u00fchrt. Eine wichtige einzuhaltende Bedingung zu dieser Ma\u00dfnahme ist der Verzicht auf prophylaktische Parasitenbehandlung, da die eingesetzten Mittel die Entwicklung der Dungfauna hemmen. Diese, vor allem Mistk\u00e4fer, ist jedoch die Nahrungsgrundlage f\u00fcr viele der typischen Wiesenv\u00f6gel. In Anlehnung an ein Projekt aus Irland zu ergebnisorientierter F\u00f6rderung von Agrarumwelt- und Klimama\u00dfnahmen k\u00f6nnte hier das Kennartensystem mit weiteren Arten oder Strukturparametern erg\u00e4nzt werden.<\/p>\n<p><a href=\"https:\/\/www.nabu.de\/downloads\/3-natur-und-landschaft\/landnutzung\/211101-Foerderma%c3%9fnahme%20Weidemanagement_final.pdf\" target=\"_blank\" rel=\"noopener\">Mehr dazu finden Sie unter diesem Link.<\/a><\/p>\n<div id=\"attachment_6345\" style=\"width: 310px\" class=\"wp-caption alignnone\"><img aria-describedby=\"caption-attachment-6345\" data-attachment-id=\"6345\" data-permalink=\"https:\/\/blogs.nabu.de\/naturschaetze-retten\/nabu-agrar-blog_2021-11-02\/_04a0289\/\" data-orig-file=\"https:\/\/blogs.nabu.de\/naturschaetze-retten\/wp-content\/uploads\/sites\/3\/2021\/11\/04A0289.jpg\" data-orig-size=\"800,533\" data-comments-opened=\"1\" data-image-meta=\"{&quot;aperture&quot;:&quot;0&quot;,&quot;credit&quot;:&quot;&quot;,&quot;camera&quot;:&quot;&quot;,&quot;caption&quot;:&quot;&quot;,&quot;created_timestamp&quot;:&quot;0&quot;,&quot;copyright&quot;:&quot;&quot;,&quot;focal_length&quot;:&quot;0&quot;,&quot;iso&quot;:&quot;0&quot;,&quot;shutter_speed&quot;:&quot;0&quot;,&quot;title&quot;:&quot;&quot;,&quot;orientation&quot;:&quot;0&quot;}\" data-image-title=\"_04A0289\" data-image-description=\"\" data-image-caption=\"&lt;p&gt;Foto: NABU\/Winfried Rusch&lt;\/p&gt;\n\" data-medium-file=\"https:\/\/blogs.nabu.de\/naturschaetze-retten\/wp-content\/uploads\/sites\/3\/2021\/11\/04A0289-300x200.jpg\" data-large-file=\"https:\/\/blogs.nabu.de\/naturschaetze-retten\/wp-content\/uploads\/sites\/3\/2021\/11\/04A0289.jpg\" decoding=\"async\" loading=\"lazy\" class=\"size-medium wp-image-6345\" src=\"https:\/\/blogs.nabu.de\/naturschaetze-retten\/wp-content\/uploads\/sites\/3\/2021\/11\/04A0289-300x200.jpg\" alt=\"\" width=\"300\" height=\"200\" \/><p id=\"caption-attachment-6345\" class=\"wp-caption-text\">Foto: NABU\/Winfried Rusch<\/p><\/div>\n<p><strong>\u201eGanzj\u00e4hrige, naturnahe Standweide\u201c<\/strong><\/p>\n<p>Ein weiterer NABU-Vorschlag f\u00fcr eine Agrarumwelt- und Klimama\u00dfnahme ist eine sehr extensive Beweidungsform. Extensive Weiden sind oft sehr strukturreiche Gebiete: Str\u00e4ucher und B\u00fcsche kommen zum Aufwuchs, es bilden sich Nass- oder Offenbodenstellen, der Dung der Tiere spielt eine wichtige Rolle im Nahrungsnetz. Es bildet sich ein komplexes \u00d6kosystem aus. Diese Weidesysteme sind in Deutschland fast nicht mehr vorhanden, da es nicht m\u00f6glich ist, auf diese Weise wirtschaftlich rentabel zu arbeiten. Zwar sind Weiden dieser Art heutzutage von F\u00f6rdergeldern abh\u00e4ngig, bilden jedoch nicht wegzudenkende Elemente zum Schutz der Artenvielfalt.<\/p>\n<p>Entsprechende Gebiete ab einer Gr\u00f6\u00dfe von mindestens 10ha sollten f\u00f6rderf\u00e4hig sein. Der Tierbesatz soll dem Fl\u00e4chenertrag (Tragekapazit\u00e4t) angepasst sein, d.h. die Fl\u00e4che soll die Tiere ern\u00e4hren k\u00f6nnen. Der Besatz soll aber nicht h\u00f6her sein als 0,8 GVE\/ha. Pflanzenschutz- und D\u00fcngemittel sollen nicht zur Anwendung kommen. Die Gesundheit der Tiere steht immer im Vordergrund und sollte t\u00e4glich kontrolliert werden.<\/p>\n<p><a href=\"https:\/\/www.nabu.de\/downloads\/3-natur-und-landschaft\/landnutzung\/211101-Foerderma%c3%9fnahme%20Naturnahe%20Standweide_final.pdf\" target=\"_blank\" rel=\"noopener\">Mehr dazu finden Sie unter diesem Link.<\/a><\/p>\n<p><strong>\u201eErhalt von speziellen Lebensraumtypen\u201c<\/strong><\/p>\n<p>Die FFH- Lebensraumtypen &#8222;magere Flachland- und Bergm\u00e4hwiesen&#8220; (6510 und 6520) sind laut FFH-Zustandsbericht allesamt in einem schlechten Zustand. Diese m\u00e4\u00dfig n\u00e4hrstoffarmen Gebiete waren fr\u00fcher weit verbreitet. Sie zeichnen sich durch eine besonders hohe Pflanzenartendiversit\u00e4t aus. Doch durch eine immer intensivere Nutzung, vor allem durch \u00dcberd\u00fcngung und eine erh\u00f6hte Mahdfrequenz, geht die Vielfalt immer mehr zur\u00fcck und schnellw\u00fcchsige, wenig artenreiche Grasbest\u00e4nde dominieren die Fl\u00e4chen.<\/p>\n<p>Zum Schutz dieser Wiesen eignet sich eine ergebnisorientierte Ma\u00dfnahme. Die landwirtschaftlichen Betriebe sind in der Art und Weise der Bewirtschaftung frei, solange sie jedes Jahr mindenstens sechs regionalspezifische Kennarten nachweisen k\u00f6nnen. Um den Effekt f\u00fcr die Biodiversit\u00e4t noch zu optimieren, sollten verschiedene Parameter zur Bewirtschaftung mit bedacht werden: Schnittzeitpunkt, Schnitth\u00f6he, Arbeitsger\u00e4t, Arbeitsbreite, Mahdfrequenz, Mahdrichtung, Mulchen.<\/p>\n<p><a href=\"https:\/\/www.nabu.de\/downloads\/3-natur-und-landschaft\/landnutzung\/211101-Foerderma%c3%9fnahme%20Erhalt%20von%20Flachland%20und%20Bergmaehwiesen_final.pdf\" target=\"_blank\" rel=\"noopener\">Mehr dazu finden Sie unter diesem Link.<\/a><\/p>\n<p>&nbsp;<\/p>\n<blockquote>\n<h3><strong><em>Der NABU-Agrar-Blog<\/em><\/strong><\/h3>\n<p>Im NABU-Agrar-Blog informieren wir \u00fcber die Themen zukunftsf\u00e4hige Landnutzung und Agrarpolitik in Deutschland und Europa. Abonnieren Sie unseren Blog, um \u00fcber diese auf dem Laufenden zu bleiben, stellen Sie Fragen oder diskutieren Sie mit uns \u00fcber die Kommentarfunktion. Weitere Hintergrundinformationen zu den Aktivit\u00e4ten des NABU f\u00fcr eine naturvertr\u00e4gliche Landwirtschaft finden Sie unter\u00a0 <a class=\"c-link\" href=\"https:\/\/www.nabu.de\/natur-und-landschaft\/landnutzung\/landwirtschaft\/\" target=\"_blank\" rel=\"noopener noreferrer\">https:\/\/www.nabu.de\/natur-und-landschaft\/landnutzung\/landwirtschaft\/<\/a>. Folgen Sie uns gerne auch auf Twitter: <em><a href=\"https:\/\/twitter.com\/NABU_Biodiv\" target=\"_blank\" rel=\"noopener\">@NABU_biodiv<\/a><\/em><\/p><\/blockquote>\n<!-- Begin Yuzo --><div class='yuzo_related_post style-1'  data-version='5.12.74'><!-- without result --><div class='yuzo_clearfixed yuzo__title yuzo__title'><h3>Das k\u00f6nnte Sie auch interessieren<\/h3><\/div>\n\t\t\t\t\t\t  <div class=\"relatedthumb \" style=\"width:125px;float:left;overflow:hidden;\">  \n\t\t\t\t\t\t\t  \n\t\t\t\t\t\t\t  <a  href=\"https:\/\/blogs.nabu.de\/naturschaetze-retten\/greendeal-corona-iii\/\"  >\n\t\t\t\t\t\t\t\t\t  <div class=\"yuzo-img-wrap \" style=\"width: 125px;height:90px;\">\n\t\t\t\t\t\t\t\t\t\t\n\t\t\t\t\t\t\t\t\t\t<div class=\"yuzo-img\" style=\"background:url('https:\/\/blogs.nabu.de\/naturschaetze-retten\/wp-content\/uploads\/sites\/3\/2020\/04\/Berlaymont_Foto_Europ\u00e4ische-Union_2016-340x226.jpg') 50% 50% no-repeat;width: 125px;height:90px;margin-bottom: 5px;background-size: cover; \"><\/div>\n\t\t\t\t\t\t\t\t\t  <\/div>\n\t\t\t\t\t\t\t\t\t  \n\t\t\t\t\t\t\t\t   <span class=\"yuzo__text--title\" style=\"font-size:13px;\">European Green Deal in Zeiten von Corona (III)<\/span>\n\t\t\t\t\t\t\t  \n\t\t\t\t\t\t\t  \n\t\t\t\t\t\t\t  <\/a>\n\n\t\t\t\t\t\t  <\/div>\n\t\t\t\t\t\t  <div class=\"relatedthumb \" style=\"width:125px;float:left;overflow:hidden;\">  \n\t\t\t\t\t\t\t  \n\t\t\t\t\t\t\t  <a  href=\"https:\/\/blogs.nabu.de\/naturschaetze-retten\/wie-viel-naturschutz-steckt-in-den-parteiprogrammen\/\"  >\n\t\t\t\t\t\t\t\t\t  <div class=\"yuzo-img-wrap \" style=\"width: 125px;height:90px;\">\n\t\t\t\t\t\t\t\t\t\t\n\t\t\t\t\t\t\t\t\t\t<div class=\"yuzo-img\" style=\"background:url('https:\/\/blogs.nabu.de\/naturschaetze-retten\/wp-content\/uploads\/sites\/3\/2019\/05\/19-05-10-Detaillierter-Wahlprogrammcheck-1-340x226.jpg') 50% 50% no-repeat;width: 125px;height:90px;margin-bottom: 5px;background-size: cover; \"><\/div>\n\t\t\t\t\t\t\t\t\t  <\/div>\n\t\t\t\t\t\t\t\t\t  \n\t\t\t\t\t\t\t\t   <span class=\"yuzo__text--title\" style=\"font-size:13px;\">Wie viel Naturschutz steckt in den Parteiprogramme...<\/span>\n\t\t\t\t\t\t\t  \n\t\t\t\t\t\t\t  \n\t\t\t\t\t\t\t  <\/a>\n\n\t\t\t\t\t\t  <\/div>\n\t\t\t\t\t\t  <div class=\"relatedthumb \" style=\"width:125px;float:left;overflow:hidden;\">  \n\t\t\t\t\t\t\t  \n\t\t\t\t\t\t\t  <a  href=\"https:\/\/blogs.nabu.de\/naturschaetze-retten\/naturschaetze-lektuere-zum-wochenende1\/\"  >\n\t\t\t\t\t\t\t\t\t  <div class=\"yuzo-img-wrap \" style=\"width: 125px;height:90px;\">\n\t\t\t\t\t\t\t\t\t\t\n\t\t\t\t\t\t\t\t\t\t<div class=\"yuzo-img\" style=\"background:url('https:\/\/blogs.nabu.de\/naturschaetze-retten\/wp-content\/uploads\/sites\/3\/2016\/04\/Beitrag-340x226.jpg') 50% 50% no-repeat;width: 125px;height:90px;margin-bottom: 5px;background-size: cover; \"><\/div>\n\t\t\t\t\t\t\t\t\t  <\/div>\n\t\t\t\t\t\t\t\t\t  \n\t\t\t\t\t\t\t\t   <span class=\"yuzo__text--title\" style=\"font-size:13px;\">Natursch\u00e4tze-Lekt\u00fcre zum Wochenende<\/span>\n\t\t\t\t\t\t\t  \n\t\t\t\t\t\t\t  \n\t\t\t\t\t\t\t  <\/a>\n\n\t\t\t\t\t\t  <\/div>\n\t\t\t\t\t\t  <div class=\"relatedthumb \" style=\"width:125px;float:left;overflow:hidden;\">  \n\t\t\t\t\t\t\t  \n\t\t\t\t\t\t\t  <a  href=\"https:\/\/blogs.nabu.de\/naturschaetze-retten\/eu-insektenschutz\/\"  >\n\t\t\t\t\t\t\t\t\t  <div class=\"yuzo-img-wrap \" style=\"width: 125px;height:90px;\">\n\t\t\t\t\t\t\t\t\t\t\n\t\t\t\t\t\t\t\t\t\t<div class=\"yuzo-img\" style=\"background:url('https:\/\/blogs.nabu.de\/naturschaetze-retten\/wp-content\/uploads\/sites\/3\/2025\/08\/blog_1200x667__Frank-Derer_-340x226.jpg') 50% 50% no-repeat;width: 125px;height:90px;margin-bottom: 5px;background-size: cover; \"><\/div>\n\t\t\t\t\t\t\t\t\t  <\/div>\n\t\t\t\t\t\t\t\t\t  \n\t\t\t\t\t\t\t\t   <span class=\"yuzo__text--title\" style=\"font-size:13px;\">Insektenschutz in der EU: Wo stehen wir?<\/span>\n\t\t\t\t\t\t\t  \n\t\t\t\t\t\t\t  \n\t\t\t\t\t\t\t  <\/a>\n\n\t\t\t\t\t\t  <\/div>\n<\/div> <style>\n\t\t\t\t\t\t\t\t.yuzo_related_post img{width:120px !important; height:110px !important;}\n\t\t\t\t\t\t\t\t.yuzo_related_post .relatedthumb{line-height:15px;background: !important;color:!important;}\n\t\t\t\t\t\t\t\t.yuzo_related_post .relatedthumb:hover{background:#fcfcf4 !important; -webkit-transition: background 0.2s linear; -moz-transition: background 0.2s linear; -o-transition: background 0.2s linear; transition: background 0.2s linear;;color:!important;}\n\t\t\t\t\t\t\t\t.yuzo_related_post .relatedthumb a{color:!important;}\n\t\t\t\t\t\t\t\t.yuzo_related_post .relatedthumb a:hover{ color:}!important;}\n\t\t\t\t\t\t\t\t.yuzo_related_post .relatedthumb:hover a{ color:!important;}\n\t\t\t\t\t\t\t\t.yuzo_related_post .yuzo_text {color:!important;}\n\t\t\t\t\t\t\t\t.yuzo_related_post .relatedthumb:hover .yuzo_text {color:!important;}\n\t\t\t\t\t\t\t\t.yuzo_related_post .relatedthumb{  margin: 0px  0px  0px  0px;   padding: 5px  5px  5px  5px;  }\n\t\t\t\t\t\t\t\t\n\t\t\t\t\t\t\t\t<\/style> <script>\n\t\t\t\t\t\t  jQuery(document).ready(function( $ ){\n\t\t\t\t\t\t\t\/\/jQuery('.yuzo_related_post').equalizer({ overflow : 'relatedthumb' });\n\t\t\t\t\t\t\tjQuery('.yuzo_related_post .yuzo_wraps').equalizer({ columns : '> div' });\n\t\t\t\t\t\t   })\n\t\t\t\t\t\t  <\/script> <!-- End Yuzo :) -->","protected":false},"excerpt":{"rendered":"<p>Jetzt sind die L\u00e4nder dran: Sie konzipieren die Agrarumwelt- und Klimaschutzma\u00dfnahmen im Rahmen der GAP-F\u00f6rdeperiode ab 2023. Der NABU hat Vorschl\u00e4ge f\u00fcr effektiven Gr\u00fcnlandschutz entwickelt.<\/p>\n","protected":false},"author":128,"featured_media":6346,"comment_status":"open","ping_status":"closed","sticky":false,"template":"","format":"standard","meta":{"jetpack_post_was_ever_published":false},"categories":[66,107,1],"tags":[133,18,253,29,117],"jetpack_featured_media_url":"https:\/\/blogs.nabu.de\/naturschaetze-retten\/wp-content\/uploads\/sites\/3\/2021\/11\/04A0289-1.jpg","jetpack-related-posts":[{"id":6304,"url":"https:\/\/blogs.nabu.de\/naturschaetze-retten\/nabu-agrar-blog-2021-10-13\/","url_meta":{"origin":6344,"position":0},"title":"NABU-Agrar-Blog: Mehr Kiebitze und Rebh\u00fchner in der Agrarlandschaft &#8211; AUKM-Entw\u00fcrfe des NABU","date":"13. Oktober 2021","format":false,"excerpt":"GAP-Umsetzung: Die L\u00e4nder konzipieren jetzt die AUKM der zweiten S\u00e4ule. Der NABU hat Vorschl\u00e4ge f\u00fcr effektive Ma\u00dfnahmen erarbeitet. Hier zwei Ma\u00dfnahmen zum Schutz von Kiebitzen und Rebh\u00fchnern.","rel":"","context":"In &quot;NABU-Agrar-Blog&quot;","img":{"alt_text":"","src":"https:\/\/i0.wp.com\/blogs.nabu.de\/naturschaetze-retten\/wp-content\/uploads\/sites\/3\/2021\/10\/Rebhuhn.png?resize=350%2C200&ssl=1","width":350,"height":200},"classes":[]},{"id":6381,"url":"https:\/\/blogs.nabu.de\/naturschaetze-retten\/nabu-agrar-blog-fachveranstaltung-zum-naturschutz-in-der-gap-ein-kurzbericht\/","url_meta":{"origin":6344,"position":1},"title":"NABU-Agrar-Blog: Fachveranstaltung zum Naturschutz in der GAP &#8211; Ein Kurzbericht","date":"10. November 2021","format":false,"excerpt":"AUKM, GAK, Gr\u00fcnlandschutz: der Naturschutz im Nationalen GAP-Strategieplan stand im Zentrum des vom NABU ausgerichteteten digitalen Fachgespr\u00e4chs. Unter den G\u00e4sten: die EU-Kommission, das BMEL","rel":"","context":"In &quot;Landwirtschaft &amp; Ern\u00e4hrung&quot;","img":{"alt_text":"","src":"https:\/\/i0.wp.com\/blogs.nabu.de\/naturschaetze-retten\/wp-content\/uploads\/sites\/3\/2021\/10\/NABU-Agrar-Blog-200-x-200.jpg?resize=350%2C200&ssl=1","width":350,"height":200},"classes":[]},{"id":6758,"url":"https:\/\/blogs.nabu.de\/naturschaetze-retten\/nabu-agar-blog-gruenlandschutz-in-der-neuen-gap-ist-europaweit-mangelhaft\/","url_meta":{"origin":6344,"position":2},"title":"NABU-Agar-Blog: Gr\u00fcnlandschutz in der neuen GAP ist europaweit mangelhaft","date":"14. Juli 2022","format":false,"excerpt":"14. Juli 2022. Gr\u00fcnland bedeckt 34 Prozent der landwirtschaftlichen Fl\u00e4che der EU und geh\u00f6rt zu den artenreichsten Lebensr\u00e4umen Europas. Der Erhalt des Gr\u00fcnlands ist einer der wesentlichen Schl\u00fcssel, um sowohl die Biodiversit\u00e4t zu erhalten als auch zum Klimaschutz beizutragen. Aber das Gr\u00fcnland ist in einem schlechten Zustand: Viele Wiesen und\u2026","rel":"","context":"In &quot;Landwirtschaft &amp; Ern\u00e4hrung&quot;","img":{"alt_text":"","src":"https:\/\/i0.wp.com\/blogs.nabu.de\/naturschaetze-retten\/wp-content\/uploads\/sites\/3\/2017\/02\/Wiesenmahd_Florian-Schoene.jpg?resize=350%2C200&ssl=1","width":350,"height":200},"classes":[]},{"id":6406,"url":"https:\/\/blogs.nabu.de\/naturschaetze-retten\/nabu-agrar-blog-boden-aukm\/","url_meta":{"origin":6344,"position":3},"title":"NABU-Agrar-Blog: Aktive Regeneration unserer B\u00f6den &#8211; ein AUKM-Vorschlag des NABU","date":"18. November 2021","format":false,"excerpt":"Die EU-Bodenstrategie r\u00fcckt Schutz und Regeneration landwirtschaftlicher B\u00f6den weiter in den Fokus. Schon jetzt k\u00f6nnte die Verbesserung der Bodenqualit\u00e4t gef\u00f6rdert werden - z.B. mittels AUKM","rel":"","context":"In &quot;Landwirtschaft &amp; Ern\u00e4hrung&quot;","img":{"alt_text":"","src":"https:\/\/i0.wp.com\/blogs.nabu.de\/naturschaetze-retten\/wp-content\/uploads\/sites\/3\/2021\/10\/NABU-Agrar-Blog-200-x-200.jpg?resize=350%2C200&ssl=1","width":350,"height":200},"classes":[]},{"id":6208,"url":"https:\/\/blogs.nabu.de\/naturschaetze-retten\/nabu-gap-ticker-2021-08-13\/","url_meta":{"origin":6344,"position":4},"title":"NABU-GAP-Ticker: Artenvielfalt im Ackerbau &#8211; ein AUKM-Entwurf des NABU","date":"17. August 2021","format":false,"excerpt":"17.08.2021 Nachdem die Bundesregierung die Gesetze zur Gemeinsamen Agrarpolitik (GAP) am 10.6.2021 verabschiedet hat, sind nun die Bundesl\u00e4nder an der Reihe, die Agrarumwelt- und Klimama\u00dfnahmen (AUKM) der zweiten S\u00e4ule zu programmieren. Der NABU hat unter Einbeziehung verschiedener Expert*innen und Projekte eigene Vorschl\u00e4ge f\u00fcr effektive AUKM erarbeitet. Im Folgenden wird die\u2026","rel":"","context":"In &quot;Landwirtschaft &amp; Ern\u00e4hrung&quot;","img":{"alt_text":"","src":"https:\/\/i0.wp.com\/blogs.nabu.de\/naturschaetze-retten\/wp-content\/uploads\/sites\/3\/2021\/08\/SG_20-06-25-I-Ausschnitt-1-300x236.jpg?resize=350%2C200&ssl=1","width":350,"height":200},"classes":[]},{"id":6569,"url":"https:\/\/blogs.nabu.de\/naturschaetze-retten\/nabu-agrar-blog-nationaler-gap-strategieplan-eingereicht-nachbesserungen-erforderlich\/","url_meta":{"origin":6344,"position":5},"title":"NABU-Agrar-Blog: Nationaler GAP-Strategieplan eingereicht &#8211; Nachbesserungen erforderlich!","date":"15. M\u00e4rz 2022","format":false,"excerpt":"15.3.2022. Nach jahrelangen Verhandlungen wurde der Nationale Strategieplan (NSP) zur Gemeinsamen Agrarpolitik (GAP) von Deutschland mit zwei Monaten Versp\u00e4tung am 21. Februar 2022 in Br\u00fcssel eingereicht. Die neue Bundesregierung stellte den von der Vorg\u00e4nger-Regierung vorbereiteten Plan ohne gro\u00dfe \u00c4nderungen fertig. Das 1799 Seiten lange Dokument beinhaltet u.a. die Dokumente zum\u2026","rel":"","context":"In &quot;Landwirtschaft &amp; Ern\u00e4hrung&quot;","img":{"alt_text":"","src":"https:\/\/i0.wp.com\/blogs.nabu.de\/naturschaetze-retten\/wp-content\/uploads\/sites\/3\/2021\/10\/NABU-Agrar-Blog-200-x-200.jpg?resize=350%2C200&ssl=1","width":350,"height":200},"classes":[]}],"jetpack_shortlink":"https:\/\/wp.me\/p67kDA-1Ek","_links":{"self":[{"href":"https:\/\/blogs.nabu.de\/naturschaetze-retten\/wp-json\/wp\/v2\/posts\/6344"}],"collection":[{"href":"https:\/\/blogs.nabu.de\/naturschaetze-retten\/wp-json\/wp\/v2\/posts"}],"about":[{"href":"https:\/\/blogs.nabu.de\/naturschaetze-retten\/wp-json\/wp\/v2\/types\/post"}],"author":[{"embeddable":true,"href":"https:\/\/blogs.nabu.de\/naturschaetze-retten\/wp-json\/wp\/v2\/users\/128"}],"replies":[{"embeddable":true,"href":"https:\/\/blogs.nabu.de\/naturschaetze-retten\/wp-json\/wp\/v2\/comments?post=6344"}],"version-history":[{"count":10,"href":"https:\/\/blogs.nabu.de\/naturschaetze-retten\/wp-json\/wp\/v2\/posts\/6344\/revisions"}],"predecessor-version":[{"id":6358,"href":"https:\/\/blogs.nabu.de\/naturschaetze-retten\/wp-json\/wp\/v2\/posts\/6344\/revisions\/6358"}],"wp:featuredmedia":[{"embeddable":true,"href":"https:\/\/blogs.nabu.de\/naturschaetze-retten\/wp-json\/wp\/v2\/media\/6346"}],"wp:attachment":[{"href":"https:\/\/blogs.nabu.de\/naturschaetze-retten\/wp-json\/wp\/v2\/media?parent=6344"}],"wp:term":[{"taxonomy":"category","embeddable":true,"href":"https:\/\/blogs.nabu.de\/naturschaetze-retten\/wp-json\/wp\/v2\/categories?post=6344"},{"taxonomy":"post_tag","embeddable":true,"href":"https:\/\/blogs.nabu.de\/naturschaetze-retten\/wp-json\/wp\/v2\/tags?post=6344"}],"curies":[{"name":"wp","href":"https:\/\/api.w.org\/{rel}","templated":true}]}}