{"id":6304,"date":"2021-10-13T11:15:38","date_gmt":"2021-10-13T09:15:38","guid":{"rendered":"http:\/\/blogs.nabu.de\/naturschaetze-retten\/?p=6304"},"modified":"2021-10-13T11:15:38","modified_gmt":"2021-10-13T09:15:38","slug":"nabu-agrar-blog-2021-10-13","status":"publish","type":"post","link":"https:\/\/blogs.nabu.de\/naturschaetze-retten\/nabu-agrar-blog-2021-10-13\/","title":{"rendered":"NABU-Agrar-Blog: Mehr Kiebitze und Rebh\u00fchner in der Agrarlandschaft &#8211; AUKM-Entw\u00fcrfe des NABU"},"content":{"rendered":"<p><img data-attachment-id=\"6282\" data-permalink=\"https:\/\/blogs.nabu.de\/naturschaetze-retten\/nabu-agrar-blog-2021-10-06\/nabu_agrar_blog_titel\/\" data-orig-file=\"https:\/\/blogs.nabu.de\/naturschaetze-retten\/wp-content\/uploads\/sites\/3\/2021\/10\/NABU_Agrar_Blog_Titel-e1633602782456.jpg\" data-orig-size=\"750,150\" data-comments-opened=\"1\" data-image-meta=\"{&quot;aperture&quot;:&quot;0&quot;,&quot;credit&quot;:&quot;&quot;,&quot;camera&quot;:&quot;&quot;,&quot;caption&quot;:&quot;&quot;,&quot;created_timestamp&quot;:&quot;0&quot;,&quot;copyright&quot;:&quot;&quot;,&quot;focal_length&quot;:&quot;0&quot;,&quot;iso&quot;:&quot;0&quot;,&quot;shutter_speed&quot;:&quot;0&quot;,&quot;title&quot;:&quot;&quot;,&quot;orientation&quot;:&quot;0&quot;}\" data-image-title=\"NABU_Agrar_Blog_Titel\" data-image-description=\"\" data-image-caption=\"\" data-medium-file=\"https:\/\/blogs.nabu.de\/naturschaetze-retten\/wp-content\/uploads\/sites\/3\/2021\/10\/NABU_Agrar_Blog_Titel-300x60.jpg\" data-large-file=\"https:\/\/blogs.nabu.de\/naturschaetze-retten\/wp-content\/uploads\/sites\/3\/2021\/10\/NABU_Agrar_Blog_Titel-e1633602782456.jpg\" decoding=\"async\" loading=\"lazy\" class=\"alignnone wp-image-6282 size-full\" src=\"https:\/\/blogs.nabu.de\/naturschaetze-retten\/wp-content\/uploads\/sites\/3\/2021\/10\/NABU_Agrar_Blog_Titel-e1633602782456.jpg\" alt=\"\" width=\"750\" height=\"150\" \/><\/p>\n<p><b>Berlin, 12. Oktober 2021. Die Vorbereitungen f\u00fcr die Umsetzung der Gemeinsamen Agrarpolitik (GAP) sind in vollem Gange. W\u00e4hrend der Bund an den Verordnungen der ersten S\u00e4ule arbeitet, konzipieren die L\u00e4nder die Agrarumwelt- und Klimaschutzma\u00dfnahmen (AUKM) der zweiten S\u00e4ule. Der NABU hat unter Einbeziehung verschiedener Expert*innen und Projekte eigene Vorschl\u00e4ge f\u00fcr effektive AUKM erarbeitet. Hier stellen wir zwei F\u00f6rderma\u00dfnahmen zum Arterhalt von Kiebitz und Rebhuhn vor. Denn wie auch andere Feldv\u00f6gel ist ihr Lebensraum massiv durch den landwirtschaftlichen Strukturwandel und die intensive Landnutzung bedroht.<\/b><\/p>\n<p><!--more--><\/p>\n<p>Nach unserem <a href=\"https:\/\/blogs.nabu.de\/naturschaetze-retten\/nabu-gap-ticker-2021-08-13\/\" target=\"_blank\" rel=\"noopener\">Beitrag zur AUKM &#8222;Artenvielfalt im Ackerbau<\/a>&#8220; widmen sich die folgenden beiden AUKM-Vorschl\u00e4ge speziell dem Kiebitz sowie dem Rebhuhn. Die positiven Effekte dieser Ma\u00dfnahmen beschr\u00e4nken sich jedoch bei Weitem nicht auf diese beiden Vogelarten<span class=\"TextRun SCXW123399620 BCX2\" lang=\"DE-DE\" xml:lang=\"DE-DE\"><span class=\"NormalTextRun SCXW123399620 BCX2\">, sondern f\u00f6rdern zudem viele Ackerwildkr\u00e4uter und Insekten.<\/span><\/span><\/p>\n<p><strong>Strukturreiche Bl\u00fchstreifen f\u00fcr Rebh\u00fchner<br \/>\n<\/strong><\/p>\n<p>Um das notwendige Bruterfolgsniveau der Rebh\u00fchner zu erreichen und die Best\u00e4nde wieder auf das Niveau einer \u00fcberlebensf\u00e4higen Population anzun\u00e4hern, sollten strukturreiche Bl\u00fchstreifen auf \u00c4ckern angelegt werden. Diese jeweils 20 bis 40 Meter breiten Bl\u00fchstreifen sollten mehrj\u00e4hrig angelegt werden und geteilt bewirtschaftet werden. Das hei\u00dft: Die Streifen werden jeweils j\u00e4hrlich nur zur H\u00e4lfte neu bestellt, auf dem unbearbeiteten Teil verbleibt die vorj\u00e4hrige Vegetation. Die zweigeteilte Bewirtschaftung bietet gleichzeitig Nisthabitat und Aufzuchthabitat f\u00fcr die K\u00fcken. Durch die Kombination des Teils mit vorj\u00e4hriger Vegetation (\u00dcberwinterungsm\u00f6glichkeiten) und des bl\u00fctenreicheren, neu bestellten Teils wird auch die Insektenvielfalt erh\u00f6ht.<\/p>\n<div id=\"attachment_6309\" style=\"width: 310px\" class=\"wp-caption alignnone\"><img aria-describedby=\"caption-attachment-6309\" data-attachment-id=\"6309\" data-permalink=\"https:\/\/blogs.nabu.de\/naturschaetze-retten\/nabu-agrar-blog-2021-10-13\/rebhuhn-2\/\" data-orig-file=\"https:\/\/blogs.nabu.de\/naturschaetze-retten\/wp-content\/uploads\/sites\/3\/2021\/10\/Rebhuhn.png\" data-orig-size=\"755,552\" data-comments-opened=\"1\" data-image-meta=\"{&quot;aperture&quot;:&quot;0&quot;,&quot;credit&quot;:&quot;&quot;,&quot;camera&quot;:&quot;&quot;,&quot;caption&quot;:&quot;&quot;,&quot;created_timestamp&quot;:&quot;0&quot;,&quot;copyright&quot;:&quot;&quot;,&quot;focal_length&quot;:&quot;0&quot;,&quot;iso&quot;:&quot;0&quot;,&quot;shutter_speed&quot;:&quot;0&quot;,&quot;title&quot;:&quot;&quot;,&quot;orientation&quot;:&quot;0&quot;}\" data-image-title=\"Rebhuhn\" data-image-description=\"\" data-image-caption=\"&lt;p&gt;Rebhuhn. Foto: NABU\/E. Nerger&lt;\/p&gt;\n\" data-medium-file=\"https:\/\/blogs.nabu.de\/naturschaetze-retten\/wp-content\/uploads\/sites\/3\/2021\/10\/Rebhuhn-300x219.png\" data-large-file=\"https:\/\/blogs.nabu.de\/naturschaetze-retten\/wp-content\/uploads\/sites\/3\/2021\/10\/Rebhuhn.png\" decoding=\"async\" loading=\"lazy\" class=\"size-medium wp-image-6309\" src=\"https:\/\/blogs.nabu.de\/naturschaetze-retten\/wp-content\/uploads\/sites\/3\/2021\/10\/Rebhuhn-300x219.png\" alt=\"\" width=\"300\" height=\"219\" \/><p id=\"caption-attachment-6309\" class=\"wp-caption-text\">Rebhuhn. Foto: NABU\/E. Nerger<\/p><\/div>\n<p>F\u00fcr st\u00e4rkere Rebhuhnbest\u00e4nde in Deutschland m\u00fcssten Fl\u00e4chenanteile in der Agrarlandschaft von 3 bis 7 % an zus\u00e4tzlichen Brut- und K\u00fckenaufzuchtshabitaten geschaffen werden. Strukturreiche Bl\u00fchstreifen kommen nicht nur den Rebh\u00fchnern zugute: Auch Feldlerche, Grauammer oder Goldammer profitieren.<\/p>\n<p>Zudem empfiehlt der NABU die Anlage von betreuten F\u00f6rderkulissen zum Rebhuhn-Schutz. Die Gebiete mit nachgewiesenem Rebhuhnbestand sollten mindestens 10 km2 gro\u00df sein. Die Gebietsbetreuung sollte von Naturschutzbeh\u00f6rden, Landwirtschaftskammern und \u00f6rtlichen Landwirtschaftsverb\u00e4nden gemeinsam organisiert werden.<\/p>\n<p><strong>Inseln und Hotspots f\u00fcr Kiebitze<\/strong><\/p>\n<p>Um das notwendige Bruterfolgsniveau zu erreichen und die Best\u00e4nde des Kiebitzes nicht<br \/>\nnur zu stabilisieren, sondern die Bestandszahlen zu erh\u00f6hen, bieten sich vor allen Kiebitz-Inseln und -Hotspots an.<\/p>\n<div id=\"attachment_6307\" style=\"width: 310px\" class=\"wp-caption alignnone\"><img aria-describedby=\"caption-attachment-6307\" data-attachment-id=\"6307\" data-permalink=\"https:\/\/blogs.nabu.de\/naturschaetze-retten\/nabu-agrar-blog-2021-10-13\/kiebitz-3-dominic-cimiotti1\/\" data-orig-file=\"https:\/\/blogs.nabu.de\/naturschaetze-retten\/wp-content\/uploads\/sites\/3\/2021\/10\/Kiebitz-3-Dominic-Cimiotti1.jpg\" data-orig-size=\"800,600\" data-comments-opened=\"1\" data-image-meta=\"{&quot;aperture&quot;:&quot;0&quot;,&quot;credit&quot;:&quot;&quot;,&quot;camera&quot;:&quot;&quot;,&quot;caption&quot;:&quot;&quot;,&quot;created_timestamp&quot;:&quot;0&quot;,&quot;copyright&quot;:&quot;&quot;,&quot;focal_length&quot;:&quot;0&quot;,&quot;iso&quot;:&quot;0&quot;,&quot;shutter_speed&quot;:&quot;0&quot;,&quot;title&quot;:&quot;&quot;,&quot;orientation&quot;:&quot;0&quot;}\" data-image-title=\"Kiebitz 3 Dominic Cimiotti(1)\" data-image-description=\"\" data-image-caption=\"\" data-medium-file=\"https:\/\/blogs.nabu.de\/naturschaetze-retten\/wp-content\/uploads\/sites\/3\/2021\/10\/Kiebitz-3-Dominic-Cimiotti1-300x225.jpg\" data-large-file=\"https:\/\/blogs.nabu.de\/naturschaetze-retten\/wp-content\/uploads\/sites\/3\/2021\/10\/Kiebitz-3-Dominic-Cimiotti1.jpg\" decoding=\"async\" loading=\"lazy\" class=\"wp-image-6307 size-medium\" src=\"https:\/\/blogs.nabu.de\/naturschaetze-retten\/wp-content\/uploads\/sites\/3\/2021\/10\/Kiebitz-3-Dominic-Cimiotti1-300x225.jpg\" alt=\"\" width=\"300\" height=\"225\" \/><p id=\"caption-attachment-6307\" class=\"wp-caption-text\">Kiebitz. Foto: NABU\/Dominic Cimiotti<\/p><\/div>\n<p>Bei den Kiebitz-Inseln handelt es sich um Kurzzeitbrachen auf \u00c4ckern in Sommerungen. Sie sind mindestens 50 mal 50 Meter gro\u00df, halten Abstand zu B\u00e4umen, Stra\u00dfen oder Geb\u00e4uden und befinden sicher idealerweise auf Fl\u00e4chen mit Vern\u00e4ssungsstellen.<\/p>\n<p>Die Hotspots sind kleinfl\u00e4chige Optimalhabitate auf \u00c4ckern und Gr\u00fcnland, die alle Erfordernisse f\u00fcr ein erfolgreiches Br\u00fcten von Kiebitzen, wie Ackerbrachen mit Nassstellen oder Feuchtbiotope mit Brutinseln sowie Pr\u00e4datorenschutzzaun, erf\u00fcllen. Die Hotspots sollten unbedingt mehrj\u00e4hrig angelegt werden.<\/p>\n<p>Wie auch beim Rebhuhn sollte eine Gebietsbetreuung, einschlie\u00dflich der Erfassung von Best\u00e4nden und geeigneter Bruthabitate f\u00fcr die Planung von Kiebitz-Inseln und -Hotspots, \u00fcber AUKM-Programme gef\u00f6rdert werden.<\/p>\n<p>&nbsp;<\/p>\n<p><strong>Weitere Informationen:<\/strong><\/p>\n<p><a href=\"https:\/\/www.nabu.de\/imperia\/md\/content\/nabude\/landwirtschaft\/naturschutz\/foerdermassnahme_rebhuhn.pdf\" target=\"_blank\" rel=\"noopener\">AUKM-Vorschlag zum Rebhuhn<\/a> (PDF-Download)<\/p>\n<p><a href=\"https:\/\/www.nabu.de\/imperia\/md\/content\/nabude\/landwirtschaft\/naturschutz\/foerdermassnahme_kiebitz.pdf\" target=\"_blank\" rel=\"noopener\">AUKM-Vorschlag zum Kiebitz<\/a> (PDF-Download)<\/p>\n<p>&nbsp;<\/p>\n<blockquote>\n<h3><strong><em>Der NABU-Agrar-Blog<\/em><\/strong><\/h3>\n<p>Im NABU-Agrar-Blog informieren wir \u00fcber die Themen zukunftsf\u00e4hige Landnutzung und Agrarpolitik in Deutschland und Europa. Abonnieren Sie unseren Blog, um \u00fcber diese auf dem Laufenden zu bleiben, stellen Sie Fragen oder diskutieren Sie mit uns \u00fcber die Kommentarfunktion. Weitere Hintergrundinformationen zu den Aktivit\u00e4ten des NABU f\u00fcr eine naturvertr\u00e4gliche Landwirtschaft finden Sie unter\u00a0 <a class=\"c-link\" href=\"https:\/\/www.nabu.de\/natur-und-landschaft\/landnutzung\/landwirtschaft\/\" target=\"_blank\" rel=\"noopener noreferrer\">https:\/\/www.nabu.de\/natur-und-landschaft\/landnutzung\/landwirtschaft\/<\/a>. Folgen Sie uns gerne auch auf Twitter: <em><a href=\"https:\/\/twitter.com\/NABU_Biodiv\" target=\"_blank\" rel=\"noopener\">@NABU_biodiv<\/a><\/em><\/p><\/blockquote>\n<p>&nbsp;<\/p>\n<!-- Begin Yuzo --><div class='yuzo_related_post style-1'  data-version='5.12.74'><!-- without result --><div class='yuzo_clearfixed yuzo__title yuzo__title'><h3>Das k\u00f6nnte Sie auch interessieren<\/h3><\/div>\n\t\t\t\t\t\t  <div class=\"relatedthumb \" style=\"width:125px;float:left;overflow:hidden;\">  \n\t\t\t\t\t\t\t  \n\t\t\t\t\t\t\t  <a  href=\"https:\/\/blogs.nabu.de\/naturschaetze-retten\/nabu-gap-ticker-2019-09-13\/\"  >\n\t\t\t\t\t\t\t\t\t  <div class=\"yuzo-img-wrap \" style=\"width: 125px;height:90px;\">\n\t\t\t\t\t\t\t\t\t\t\n\t\t\t\t\t\t\t\t\t\t<div class=\"yuzo-img\" style=\"background:url('https:\/\/blogs.nabu.de\/naturschaetze-retten\/wp-content\/uploads\/sites\/3\/2018\/06\/nabu-agrar-ticker-340x226.jpg') 50% 50% no-repeat;width: 125px;height:90px;margin-bottom: 5px;background-size: cover; \"><\/div>\n\t\t\t\t\t\t\t\t\t  <\/div>\n\t\t\t\t\t\t\t\t\t  \n\t\t\t\t\t\t\t\t   <span class=\"yuzo__text--title\" style=\"font-size:13px;\">NABU-GAP-Ticker: Polen stellt n\u00e4chsten EU-Agrarche...<\/span>\n\t\t\t\t\t\t\t  \n\t\t\t\t\t\t\t  \n\t\t\t\t\t\t\t  <\/a>\n\n\t\t\t\t\t\t  <\/div>\n\t\t\t\t\t\t  <div class=\"relatedthumb \" style=\"width:125px;float:left;overflow:hidden;\">  \n\t\t\t\t\t\t\t  \n\t\t\t\t\t\t\t  <a  href=\"https:\/\/blogs.nabu.de\/naturschaetze-retten\/ueber-eine-viertelmillionen-stimmen-fuer-eine-bessere-agrarpolitik\/\"  >\n\t\t\t\t\t\t\t\t\t  <div class=\"yuzo-img-wrap \" style=\"width: 125px;height:90px;\">\n\t\t\t\t\t\t\t\t\t\t\n\t\t\t\t\t\t\t\t\t\t<div class=\"yuzo-img\" style=\"background:url('https:\/\/blogs.nabu.de\/naturschaetze-retten\/wp-content\/uploads\/sites\/3\/2017\/05\/NABU_Standartformat_Danke_680X453_v01Zeichenflaeche-4_1-340x226.jpg') 50% 50% no-repeat;width: 125px;height:90px;margin-bottom: 5px;background-size: cover; \"><\/div>\n\t\t\t\t\t\t\t\t\t  <\/div>\n\t\t\t\t\t\t\t\t\t  \n\t\t\t\t\t\t\t\t   <span class=\"yuzo__text--title\" style=\"font-size:13px;\">F\u00fcr eine bessere Agrarpolitik<\/span>\n\t\t\t\t\t\t\t  \n\t\t\t\t\t\t\t  \n\t\t\t\t\t\t\t  <\/a>\n\n\t\t\t\t\t\t  <\/div>\n\t\t\t\t\t\t  <div class=\"relatedthumb \" style=\"width:125px;float:left;overflow:hidden;\">  \n\t\t\t\t\t\t\t  \n\t\t\t\t\t\t\t  <a  href=\"https:\/\/blogs.nabu.de\/naturschaetze-retten\/nabu-agrar-blog-teil-1-policy-briefing-moor-und-feuchtgebiete-in-der-gemeinsamen-agrarpolitik-gap\/\"  >\n\t\t\t\t\t\t\t\t\t  <div class=\"yuzo-img-wrap \" style=\"width: 125px;height:90px;\">\n\t\t\t\t\t\t\t\t\t\t\n\t\t\t\t\t\t\t\t\t\t<div class=\"yuzo-img\" style=\"background:url('https:\/\/blogs.nabu.de\/naturschaetze-retten\/wp-content\/uploads\/sites\/3\/2022\/06\/V8A3274-340x226.jpg') 50% 50% no-repeat;width: 125px;height:90px;margin-bottom: 5px;background-size: cover; \"><\/div>\n\t\t\t\t\t\t\t\t\t  <\/div>\n\t\t\t\t\t\t\t\t\t  \n\t\t\t\t\t\t\t\t   <span class=\"yuzo__text--title\" style=\"font-size:13px;\">NABU-Agrar-Blog: Teil 1 Policy Briefing: Moor- und...<\/span>\n\t\t\t\t\t\t\t  \n\t\t\t\t\t\t\t  \n\t\t\t\t\t\t\t  <\/a>\n\n\t\t\t\t\t\t  <\/div>\n\t\t\t\t\t\t  <div class=\"relatedthumb \" style=\"width:125px;float:left;overflow:hidden;\">  \n\t\t\t\t\t\t\t  \n\t\t\t\t\t\t\t  <a  href=\"https:\/\/blogs.nabu.de\/naturschaetze-retten\/eilmeldung\/\"  >\n\t\t\t\t\t\t\t\t\t  <div class=\"yuzo-img-wrap \" style=\"width: 125px;height:90px;\">\n\t\t\t\t\t\t\t\t\t\t\n\t\t\t\t\t\t\t\t\t\t<div class=\"yuzo-img\" style=\"background:url('https:\/\/blogs.nabu.de\/naturschaetze-retten\/wp-content\/uploads\/sites\/3\/2015\/07\/Nature-Alert-Vorschaubild-340x226.jpg') 50% 50% no-repeat;width: 125px;height:90px;margin-bottom: 5px;background-size: cover; \"><\/div>\n\t\t\t\t\t\t\t\t\t  <\/div>\n\t\t\t\t\t\t\t\t\t  \n\t\t\t\t\t\t\t\t   <span class=\"yuzo__text--title\" style=\"font-size:13px;\">EILMELDUNG: 9 EU-Staaten gegen \u00c4nderung der Naturs...<\/span>\n\t\t\t\t\t\t\t  \n\t\t\t\t\t\t\t  \n\t\t\t\t\t\t\t  <\/a>\n\n\t\t\t\t\t\t  <\/div>\n<\/div> <style>\n\t\t\t\t\t\t\t\t.yuzo_related_post img{width:120px !important; height:110px !important;}\n\t\t\t\t\t\t\t\t.yuzo_related_post .relatedthumb{line-height:15px;background: !important;color:!important;}\n\t\t\t\t\t\t\t\t.yuzo_related_post .relatedthumb:hover{background:#fcfcf4 !important; -webkit-transition: background 0.2s linear; -moz-transition: background 0.2s linear; -o-transition: background 0.2s linear; transition: background 0.2s linear;;color:!important;}\n\t\t\t\t\t\t\t\t.yuzo_related_post .relatedthumb a{color:!important;}\n\t\t\t\t\t\t\t\t.yuzo_related_post .relatedthumb a:hover{ color:}!important;}\n\t\t\t\t\t\t\t\t.yuzo_related_post .relatedthumb:hover a{ color:!important;}\n\t\t\t\t\t\t\t\t.yuzo_related_post .yuzo_text {color:!important;}\n\t\t\t\t\t\t\t\t.yuzo_related_post .relatedthumb:hover .yuzo_text {color:!important;}\n\t\t\t\t\t\t\t\t.yuzo_related_post .relatedthumb{  margin: 0px  0px  0px  0px;   padding: 5px  5px  5px  5px;  }\n\t\t\t\t\t\t\t\t\n\t\t\t\t\t\t\t\t<\/style> <script>\n\t\t\t\t\t\t  jQuery(document).ready(function( $ ){\n\t\t\t\t\t\t\t\/\/jQuery('.yuzo_related_post').equalizer({ overflow : 'relatedthumb' });\n\t\t\t\t\t\t\tjQuery('.yuzo_related_post .yuzo_wraps').equalizer({ columns : '> div' });\n\t\t\t\t\t\t   })\n\t\t\t\t\t\t  <\/script> <!-- End Yuzo :) -->","protected":false},"excerpt":{"rendered":"<p>GAP-Umsetzung: Die L\u00e4nder konzipieren jetzt die AUKM der zweiten S\u00e4ule. Der NABU hat Vorschl\u00e4ge f\u00fcr effektive Ma\u00dfnahmen erarbeitet. Hier zwei Ma\u00dfnahmen zum Schutz von Kiebitzen und Rebh\u00fchnern.<\/p>\n","protected":false},"author":131,"featured_media":6309,"comment_status":"open","ping_status":"closed","sticky":false,"template":"","format":"standard","meta":{"jetpack_post_was_ever_published":false},"categories":[107],"tags":[],"jetpack_featured_media_url":"https:\/\/blogs.nabu.de\/naturschaetze-retten\/wp-content\/uploads\/sites\/3\/2021\/10\/Rebhuhn.png","jetpack-related-posts":[{"id":6344,"url":"https:\/\/blogs.nabu.de\/naturschaetze-retten\/nabu-agrar-blog_2021-11-02\/","url_meta":{"origin":6304,"position":0},"title":"NABU-Agrar-Blog: Effektiver Gr\u00fcnlandschutz &#8211; AUKM-Entw\u00fcrfe des NABU","date":"2. November 2021","format":false,"excerpt":"Jetzt sind die L\u00e4nder dran: Sie konzipieren die Agrarumwelt- und Klimaschutzma\u00dfnahmen im Rahmen der GAP-F\u00f6rdeperiode ab 2023. Der NABU hat Vorschl\u00e4ge f\u00fcr effektiven Gr\u00fcnlandschutz entwickelt.","rel":"","context":"In &quot;Landwirtschaft &amp; Ern\u00e4hrung&quot;","img":{"alt_text":"","src":"https:\/\/i0.wp.com\/blogs.nabu.de\/naturschaetze-retten\/wp-content\/uploads\/sites\/3\/2021\/11\/04A0289-1.jpg?resize=350%2C200&ssl=1","width":350,"height":200},"classes":[]},{"id":6406,"url":"https:\/\/blogs.nabu.de\/naturschaetze-retten\/nabu-agrar-blog-boden-aukm\/","url_meta":{"origin":6304,"position":1},"title":"NABU-Agrar-Blog: Aktive Regeneration unserer B\u00f6den &#8211; ein AUKM-Vorschlag des NABU","date":"18. November 2021","format":false,"excerpt":"Die EU-Bodenstrategie r\u00fcckt Schutz und Regeneration landwirtschaftlicher B\u00f6den weiter in den Fokus. Schon jetzt k\u00f6nnte die Verbesserung der Bodenqualit\u00e4t gef\u00f6rdert werden - z.B. mittels AUKM","rel":"","context":"In &quot;Landwirtschaft &amp; Ern\u00e4hrung&quot;","img":{"alt_text":"","src":"https:\/\/i0.wp.com\/blogs.nabu.de\/naturschaetze-retten\/wp-content\/uploads\/sites\/3\/2021\/10\/NABU-Agrar-Blog-200-x-200.jpg?resize=350%2C200&ssl=1","width":350,"height":200},"classes":[]},{"id":6208,"url":"https:\/\/blogs.nabu.de\/naturschaetze-retten\/nabu-gap-ticker-2021-08-13\/","url_meta":{"origin":6304,"position":2},"title":"NABU-GAP-Ticker: Artenvielfalt im Ackerbau &#8211; ein AUKM-Entwurf des NABU","date":"17. August 2021","format":false,"excerpt":"17.08.2021 Nachdem die Bundesregierung die Gesetze zur Gemeinsamen Agrarpolitik (GAP) am 10.6.2021 verabschiedet hat, sind nun die Bundesl\u00e4nder an der Reihe, die Agrarumwelt- und Klimama\u00dfnahmen (AUKM) der zweiten S\u00e4ule zu programmieren. Der NABU hat unter Einbeziehung verschiedener Expert*innen und Projekte eigene Vorschl\u00e4ge f\u00fcr effektive AUKM erarbeitet. Im Folgenden wird die\u2026","rel":"","context":"In &quot;Landwirtschaft &amp; Ern\u00e4hrung&quot;","img":{"alt_text":"","src":"https:\/\/i0.wp.com\/blogs.nabu.de\/naturschaetze-retten\/wp-content\/uploads\/sites\/3\/2021\/08\/SG_20-06-25-I-Ausschnitt-1-300x236.jpg?resize=350%2C200&ssl=1","width":350,"height":200},"classes":[]},{"id":6004,"url":"https:\/\/blogs.nabu.de\/naturschaetze-retten\/nabu-gap-ticker-weiteres-treffen-der-agrarministerinnen-ohne-umweltambitionen\/","url_meta":{"origin":6304,"position":3},"title":"NABU-GAP-Ticker: Weiteres Treffen der Agrarminister*innen ohne Umweltambitionen","date":"18. M\u00e4rz 2021","format":false,"excerpt":"18.03.2021: Nochmal versucht, nochmal gescheitert. So l\u00e4sst sich die Sonder-Konferenz von Julia Kl\u00f6ckner und den Agrarminister*innen der L\u00e4nder (AMK) zur Ausgestaltung der EU-Agrarpolitik zusammenfassen, das diese Woche stattfand. Das letzte Treffen im Februar hatte keine Einigung gebracht im Bezug auf die H\u00f6he der Gelder, die f\u00fcr konkrete Naturschutz- und Umweltleistungen\u2026","rel":"","context":"In &quot;Landwirtschaft &amp; Ern\u00e4hrung&quot;","img":{"alt_text":"","src":"https:\/\/i0.wp.com\/blogs.nabu.de\/naturschaetze-retten\/wp-content\/uploads\/sites\/3\/2020\/02\/Untere-Havel-Klemens-Karkow-750.jpg?resize=350%2C200&ssl=1","width":350,"height":200},"classes":[]},{"id":5239,"url":"https:\/\/blogs.nabu.de\/naturschaetze-retten\/nabu-gap-ticker-gesucht-das-gruene-im-vorschlag-des-dbv-fuer-eine-gruene-agrarpolitik\/","url_meta":{"origin":6304,"position":4},"title":"NABU-GAP-Ticker: Gesucht &#8211; das Gr\u00fcne im Vorschlag des DBV \u201ef\u00fcr eine gr\u00fcne Agrarpolitik\u201c","date":"14. Januar 2020","format":false,"excerpt":"In einem Artikel auf der Branchenwebseite \u201eTop Agrar\u201c wurde am Freitag die Position des Deutschen Bauernverbandes (DBV) zur Gr\u00fcnen Architektur im zuk\u00fcnftigen deutschen GAP Strategieplan verk\u00fcndet. \u201eDie neue Agrarpolitik wird und muss gr\u00fcner werden, weil sie sonst gesellschaftlich und politisch nicht akzeptiert wird und keine Mehrheiten bekommt\u201c sagte dazu Joachim\u2026","rel":"","context":"In &quot;NABU-Agrar-Blog&quot;","img":{"alt_text":"","src":"https:\/\/i0.wp.com\/blogs.nabu.de\/naturschaetze-retten\/wp-content\/uploads\/sites\/3\/2018\/06\/nabu-agrar-ticker.jpg?resize=350%2C200&ssl=1","width":350,"height":200},"classes":[]},{"id":6381,"url":"https:\/\/blogs.nabu.de\/naturschaetze-retten\/nabu-agrar-blog-fachveranstaltung-zum-naturschutz-in-der-gap-ein-kurzbericht\/","url_meta":{"origin":6304,"position":5},"title":"NABU-Agrar-Blog: Fachveranstaltung zum Naturschutz in der GAP &#8211; Ein Kurzbericht","date":"10. November 2021","format":false,"excerpt":"AUKM, GAK, Gr\u00fcnlandschutz: der Naturschutz im Nationalen GAP-Strategieplan stand im Zentrum des vom NABU ausgerichteteten digitalen Fachgespr\u00e4chs. Unter den G\u00e4sten: die EU-Kommission, das BMEL","rel":"","context":"In &quot;Landwirtschaft &amp; Ern\u00e4hrung&quot;","img":{"alt_text":"","src":"https:\/\/i0.wp.com\/blogs.nabu.de\/naturschaetze-retten\/wp-content\/uploads\/sites\/3\/2021\/10\/NABU-Agrar-Blog-200-x-200.jpg?resize=350%2C200&ssl=1","width":350,"height":200},"classes":[]}],"jetpack_shortlink":"https:\/\/wp.me\/p67kDA-1DG","_links":{"self":[{"href":"https:\/\/blogs.nabu.de\/naturschaetze-retten\/wp-json\/wp\/v2\/posts\/6304"}],"collection":[{"href":"https:\/\/blogs.nabu.de\/naturschaetze-retten\/wp-json\/wp\/v2\/posts"}],"about":[{"href":"https:\/\/blogs.nabu.de\/naturschaetze-retten\/wp-json\/wp\/v2\/types\/post"}],"author":[{"embeddable":true,"href":"https:\/\/blogs.nabu.de\/naturschaetze-retten\/wp-json\/wp\/v2\/users\/131"}],"replies":[{"embeddable":true,"href":"https:\/\/blogs.nabu.de\/naturschaetze-retten\/wp-json\/wp\/v2\/comments?post=6304"}],"version-history":[{"count":12,"href":"https:\/\/blogs.nabu.de\/naturschaetze-retten\/wp-json\/wp\/v2\/posts\/6304\/revisions"}],"predecessor-version":[{"id":6319,"href":"https:\/\/blogs.nabu.de\/naturschaetze-retten\/wp-json\/wp\/v2\/posts\/6304\/revisions\/6319"}],"wp:featuredmedia":[{"embeddable":true,"href":"https:\/\/blogs.nabu.de\/naturschaetze-retten\/wp-json\/wp\/v2\/media\/6309"}],"wp:attachment":[{"href":"https:\/\/blogs.nabu.de\/naturschaetze-retten\/wp-json\/wp\/v2\/media?parent=6304"}],"wp:term":[{"taxonomy":"category","embeddable":true,"href":"https:\/\/blogs.nabu.de\/naturschaetze-retten\/wp-json\/wp\/v2\/categories?post=6304"},{"taxonomy":"post_tag","embeddable":true,"href":"https:\/\/blogs.nabu.de\/naturschaetze-retten\/wp-json\/wp\/v2\/tags?post=6304"}],"curies":[{"name":"wp","href":"https:\/\/api.w.org\/{rel}","templated":true}]}}