{"id":6174,"date":"2021-07-28T14:21:50","date_gmt":"2021-07-28T12:21:50","guid":{"rendered":"http:\/\/blogs.nabu.de\/naturschaetze-retten\/?p=6174"},"modified":"2021-07-28T15:16:56","modified_gmt":"2021-07-28T13:16:56","slug":"nabu-unterstuetzt-ebi","status":"publish","type":"post","link":"https:\/\/blogs.nabu.de\/naturschaetze-retten\/nabu-unterstuetzt-ebi\/","title":{"rendered":"NABU unterst\u00fctzt Europ\u00e4ische B\u00fcrgerinitiative zur Pestizidreduktion in der Landwirtschaft"},"content":{"rendered":"<p><strong><img data-attachment-id=\"6189\" data-permalink=\"https:\/\/blogs.nabu.de\/naturschaetze-retten\/nabu-unterstuetzt-ebi\/de_rgb\/\" data-orig-file=\"https:\/\/blogs.nabu.de\/naturschaetze-retten\/wp-content\/uploads\/sites\/3\/2021\/07\/DE_RGB-e1627474827845.jpg\" data-orig-size=\"300,300\" data-comments-opened=\"1\" data-image-meta=\"{&quot;aperture&quot;:&quot;0&quot;,&quot;credit&quot;:&quot;&quot;,&quot;camera&quot;:&quot;&quot;,&quot;caption&quot;:&quot;&quot;,&quot;created_timestamp&quot;:&quot;0&quot;,&quot;copyright&quot;:&quot;&quot;,&quot;focal_length&quot;:&quot;0&quot;,&quot;iso&quot;:&quot;0&quot;,&quot;shutter_speed&quot;:&quot;0&quot;,&quot;title&quot;:&quot;&quot;,&quot;orientation&quot;:&quot;0&quot;}\" data-image-title=\"DE_RGB\" data-image-description=\"\" data-image-caption=\"\" data-medium-file=\"https:\/\/blogs.nabu.de\/naturschaetze-retten\/wp-content\/uploads\/sites\/3\/2021\/07\/DE_RGB-300x300.jpg\" data-large-file=\"https:\/\/blogs.nabu.de\/naturschaetze-retten\/wp-content\/uploads\/sites\/3\/2021\/07\/DE_RGB-e1627474827845.jpg\" decoding=\"async\" loading=\"lazy\" class=\"size-medium wp-image-6189 alignleft\" src=\"https:\/\/blogs.nabu.de\/naturschaetze-retten\/wp-content\/uploads\/sites\/3\/2021\/07\/DE_RGB-300x300.jpg\" alt=\"\" width=\"300\" height=\"300\" \/><\/strong><\/p>\n<p>&nbsp;<\/p>\n<p>&nbsp;<\/p>\n<p>&nbsp;<\/p>\n<p>&nbsp;<\/p>\n<p>&nbsp;<\/p>\n<p>&nbsp;<\/p>\n<p>&nbsp;<\/p>\n<p>&nbsp;<\/p>\n<p>&nbsp;<\/p>\n<p>&nbsp;<\/p>\n<p>Logo:\u00a0www.savebeesandfarmers.eu<\/p>\n<p>&nbsp;<\/p>\n<p><strong>Unsere biologische Vielfalt ist in Gefahr wie nie zuvor. Um dem drohenden Kollaps der Artenvielfalt entgegenzusteuern, setzte die Europ\u00e4ische Kommission im sogenannten &#8222;Green Deal&#8220; die Ziele, das Ern\u00e4hrungs- und Landnutzungssystem zu mehr Nachhaltigkeit umzubauen und insbesondere den Pestizideinsatz deutlich zu reduzieren. Nie zuvor war es f\u00fcr B\u00fcrger*innen der EU so wichtig ihre Stimme zu erheben, damit diese Ziele nicht nur sch\u00f6ne Worte bleiben, sondern entgegen aller schon jetzt sichtbaren Widerst\u00e4nde gesetzlich verankert und mit den notwendigen F\u00f6rderungen unterlegt werden. Deshalb ist auch der NABU Teil des B\u00fcndnisses der\u00a0Europ\u00e4ischen B\u00fcrgerinitiative (EBI) &#8222;Bienen und Bauern retten&#8220; <\/strong><\/p>\n<p><!--more--><\/p>\n<h3><strong><a href=\"https:\/\/www.savebeesandfarmers.eu\/deu\/\" target=\"_blank\" rel=\"noopener\">Unterst\u00fctzen auch Sie die EBI mit Ihrer Unterschrift<\/a>!<\/strong><\/h3>\n<p>Am 25. Juni hat der Deutsche Bundesrat dem Insektenschutzpaket zugestimmt. Nach langem Ringen ist das urspr\u00fcngliche Vorhaben, den dramatischen R\u00fcckgang der Insekten zu stoppen, erheblich verw\u00e4ssert worden. Zu viele Ausnahmen, ausbleibende Erfolgskontrollen \u2013 gro\u00dfr\u00e4umig wirksame Ma\u00dfnahmen bleiben aus. Derart z\u00f6gerliches Handeln wird nicht f\u00fcr eine Trendumkehr beim Artenschwund sorgen. Es fehlt weiter an Ma\u00dfnahmen, die zu einer Reduktion von Pestiziden und der Schaffung von mehr Lebensr\u00e4umen f\u00fcr Insekten in der Agrarlandschaft f\u00fchren.<\/p>\n<p>Umso wertvoller ist es, dass die Europ\u00e4ische Union mit dem \u201eGreen Deal\u201c und den darin enthaltenen Biodiversit\u00e4ts- und &#8222;Farm-to-Fork&#8220;-Strategien ambitionierte Ziele ausgegeben hat. So wurde auch die NABU-Forderung nach&#8220;Space for Nature&#8220; in den Green Deal aufgenommen: Auf mindestens zehn Prozent der landwirtschaftlichen Fl\u00e4che m\u00fcssen mit Hecken, Brachen und Bl\u00fchfl\u00e4chen Platz f\u00fcr die Regeneration von Insekten- und Vogelbest\u00e4nden geschaffen werden. Der Green Deal fordert au\u00dferdem eine Halbierung des Pestizidrisikos um 50 Prozent bis 2030.<\/p>\n<p>Hier setzt die Europ\u00e4ische B\u00fcrgerinitiative \u201eBienen und Bauern retten\u201c an: Damit es nicht bei sch\u00f6nen Worten bleibt muss die Europ\u00e4ische Kommission ihre Ziele mit konkreten Ma\u00dfnahmen hinterlegen. Die bisherige Reform der Gemeinsamen Agrarpolitik reicht daf\u00fcr ebenso wenig aus wie die Schritte die von der EU bisher im Bereich Pflanzenschutzmittel (Zulassung und Anwendung) getan wurden.<\/p>\n<p><strong>Forderungen der EBI \u201eBienen und Bauern retten\u201c<\/strong><br \/>\nDie EBI fordert die Europ\u00e4ische Kommission auf, Ma\u00dfnahmen f\u00fcr einen schrittweisen Ausstieg aus den synthetischen Pestiziden, der in der EU bis 2035 abgeschlossen sein soll, zu ergreifen. Ma\u00dfnahmen zur Erholung der Biodiversit\u00e4t, wie die Wiederbelebung von Biotopfl\u00e4chen und die biodiversit\u00e4tsf\u00f6rdernde Gestaltung landwirtschaftlicher Fl\u00e4chen, sollen dies begleiten. Gleichzeitig sollen Landwirt*innen bei der Transition zur Agrar\u00f6kologie und kleinteilige, vielf\u00e4ltige und nachhaltige landwirtschaftliche Strukturen unterst\u00fctzt werden. Die EBI will zudem, dass entsprechende Forschung sowie der \u00d6kolandbau ausgebaut werden. Damit sich die Europ\u00e4ische Kommission mit diesen Forderungen auseinandersetzen muss, sind bis zum 30. September 2021 mindestens eine Millionen Unterschriften aus mindestens sieben L\u00e4ndern notwendig.<\/p>\n<p>Bitte fordern Sie mit uns mehr Platz f\u00fcr Hecken, Bl\u00fchfl\u00e4chen und andere Lebensr\u00e4ume f\u00fcr Insekten und V\u00f6gel sowie mehr finanzielle Unterst\u00fctzung f\u00fcr Landwirt*innen beim notwendigen \u00dcbergang zu eine naturvertr\u00e4glichen und klimaneutralen Landwirtschaft. Informieren Sie sich \u00fcber die konkreten Forderungen des europ\u00e4ischen B\u00fcndnisses &#8222;Bienen und Bauern retten&#8220; und unterschreiben Sie f\u00fcr eine Landwirtschaft mit Zukunft!<\/p>\n<p><strong>Hier geht\u2019s zur Europ\u00e4ischen B\u00fcrgerinitiative: <\/strong><a href=\"http:\/\/www.savebeesandfarmers.eu\/deu\/\"><strong>www.savebeesandfarmers.eu\/deu\/<\/strong><\/a><strong>\u00a0\u00a0<\/strong><\/p>\n<div id=\"attachment_1623\" style=\"width: 310px\" class=\"wp-caption alignnone\"><img aria-describedby=\"caption-attachment-1623\" data-attachment-id=\"1623\" data-permalink=\"https:\/\/blogs.nabu.de\/naturschaetze-retten\/bienen-konferenz\/wildbiene-schmalbiene_kerstin-kleinke\/\" data-orig-file=\"https:\/\/blogs.nabu.de\/naturschaetze-retten\/wp-content\/uploads\/sites\/3\/2016\/06\/wildbiene-schmalbiene_kerstin-kleinke.jpg\" data-orig-size=\"1866,1231\" data-comments-opened=\"1\" data-image-meta=\"{&quot;aperture&quot;:&quot;0&quot;,&quot;credit&quot;:&quot;&quot;,&quot;camera&quot;:&quot;&quot;,&quot;caption&quot;:&quot;&quot;,&quot;created_timestamp&quot;:&quot;0&quot;,&quot;copyright&quot;:&quot;&quot;,&quot;focal_length&quot;:&quot;0&quot;,&quot;iso&quot;:&quot;0&quot;,&quot;shutter_speed&quot;:&quot;0&quot;,&quot;title&quot;:&quot;&quot;,&quot;orientation&quot;:&quot;1&quot;}\" data-image-title=\"\" data-image-description=\"\" data-image-caption=\"&lt;p&gt;Schmalbiene Foto: Kerstin Kleinke&lt;\/p&gt;\n\" data-medium-file=\"https:\/\/blogs.nabu.de\/naturschaetze-retten\/wp-content\/uploads\/sites\/3\/2016\/06\/wildbiene-schmalbiene_kerstin-kleinke-300x198.jpg\" data-large-file=\"https:\/\/blogs.nabu.de\/naturschaetze-retten\/wp-content\/uploads\/sites\/3\/2016\/06\/wildbiene-schmalbiene_kerstin-kleinke-1024x676.jpg\" decoding=\"async\" loading=\"lazy\" class=\"size-medium wp-image-1623\" src=\"https:\/\/blogs.nabu.de\/naturschaetze-retten\/wp-content\/uploads\/sites\/3\/2016\/06\/wildbiene-schmalbiene_kerstin-kleinke-300x198.jpg\" alt=\"\" width=\"300\" height=\"198\" \/><p id=\"caption-attachment-1623\" class=\"wp-caption-text\">Schmalbiene. Foto: Kerstin Kleinke<\/p><\/div>\n<p><u><strong>Zum Hintergrund:<\/strong> <\/u><\/p>\n<p><strong>Wie steht es um die Insekten?<\/strong><\/p>\n<p>Circa 70 Prozent aller Tierarten in Deutschland sind Insekten wie K\u00e4fer, Bienen, Wespen, Ameisen, Schmetterlinge oder Fliegen. Sie sind teilweise oder ganz f\u00fcr die Best\u00e4ubung von etwa 80 Prozent der Nutzpflanzen sowie mehr als 90 Prozent der Wildpflanzen zust\u00e4ndig und gleichzeitig Futterquelle f\u00fcr eine Vielzahl an Tieren. Die Insektenvielfalt ist deshalb f\u00fcr funktionierende \u00d6kosysteme von extrem hoher Bedeutung. Dennoch gehen die Insektenbest\u00e4nde kontinuierlich zur\u00fcck. Sogar in deutschen Naturschutzgebieten ist die Biomasse fliegender Insekten in den letzten 30 Jahren um 75 Prozent gesunken. Auch auf Wiesen, Weiden und im Wald wurde innerhalb von nur zehn Jahren ein Verlust von 35 Prozent der Insektenarten festgestellt. Laut Roter Liste sind von den etwa 7800 aufgef\u00fchrten Insektenarten bezogen auf ganz Deutschland durchschnittlich 38 Prozent als ausgestorben oder bestandsgef\u00e4hrdet einzustufen. Die 557 in der Roten Liste bewerteten Wildbienenarten sind \u00fcberdurchschnittlich stark betroffen. Davon sind 48 Prozent der Arten als ausgestorben oder bestandsgef\u00e4hrdet einzustufen, nur etwa 37 Prozent gelten als ungef\u00e4hrdet. Die Ursachen daf\u00fcr sind u. a. der Verlust an Lebensr\u00e4umen bzw. Vielfalt in der Landschaft und Pestizideintr\u00e4ge in B\u00f6den und Gew\u00e4sser.<\/p>\n<p><strong>Was fordert der NABU damit sich die Insektenvielfalt wieder erholt?<\/strong><\/p>\n<p>Insektenschutz ist Biodiversit\u00e4tsschutz und umfasst Themenbereiche wie Strukturvielfalt in der Land(wirt)schaft, Pestizidreduktion oder auch naturvertr\u00e4glichere Beleuchtung. Der NABU fordert deshalb u.a. 10 Prozent &#8222;Space for Nature&#8220; in der Agrarlandschaft und die Entwicklung einer effektiven Pestizidreduktionsstrategie auch au\u00dferhalb von Schutzgebieten,\u00a0 um den Trend der weiterhin schwindenden Insektenpopulationen aufzuhalten und umzukehren. Auch Gew\u00e4sserrandstreifen, in denen das Ausbringen von Pflanzenschutz- und D\u00fcngemitteln auf mindestens zehn Meter Breite verboten wird, der sogenannte Refugialfl\u00e4chenansatz in der Agrarlandschaft (naturbelassene Ausgleichsfl\u00e4chen f\u00fcr Pestizideins\u00e4tze) oder Renaturierungen auf mindestens 15 Prozent der Fl\u00e4che in Deutschland k\u00f6nnen helfen, verbesserte Bedingungen und attraktive Lebensr\u00e4ume f\u00fcr Insekten zu schaffen.<\/p>\n<p><strong>Was fordert der NABU zum Thema Pestizide?<\/strong><\/p>\n<p>Der NABU fordert eine Reduzierung der Gesamttoxizit\u00e4t ausgebrachter Pflanzenschutzmittel um mindestens 50 Prozent bis 2030 auf Bundesebene sowie ein Verbot von Totalherbisziden wie Glyphosat. Die Pestizidanwendung an Gew\u00e4ssern innerhalb eines Abstandes von zehn Metern zum Gew\u00e4sser soll untersagt werden. Mehr Informationen sowie die ausf\u00fchrliche Pestizidposition des NABU <a href=\"https:\/\/www.nabu.de\/umwelt-und-ressourcen\/pestizide\/29984.html#:~:text=NABU-Position%20zu%20Pestiziden%20Der%20Pestizideinsatz%20muss%20drastisch%20reduziert,des%20NABU%20zur%20Pestizidreduktion%20finden%20Sie%20im%20Positionspapier.\" target=\"_blank\" rel=\"noopener\">finden Sie hier<\/a>.<\/p>\n<p><strong>Wie steht der NABU zu den Pestizidforderungen der EBI?<\/strong><\/p>\n<p>Angesichts des hohen Handlungsdrucks beim Insekten- und Naturschutz ist nun das klare Signal aus der Bev\u00f6lkerung n\u00f6tig, dass die Green-Deal-Vorschl\u00e4ge der EU-Kommission konsequent in F\u00f6rderprogramme und Gesetze \u00fcbersetzt werden. Auch wenn sich der NABU der EBI-Forderung nach einem g\u00e4nzlichen Ausstieg aus synthetischen Pestiziden bis 2035 nicht vollumf\u00e4nglich \u00a0anschlie\u00dft, so \u00e4ndert es nichts daran, dass auch wir eine sofortigen Wandel in der Pestizidpolitik fordern. Die EBI-Forderungen nach mehr Biotopfl\u00e4chen und vielf\u00e4ltigen Agrarlandschaften teilt der NABU ebenso wie die nach verst\u00e4rkter Forschung und mehr \u00d6kolandbau bzw. nachhaltigen Wirtschaftsweisen in der Landwirtschaft. Der NABU unterst\u00fctzt daher die EBI als wegweisende und gesamteurop\u00e4ische Initiative, die sich wie der NABU zum Ziel gesetzt hat, die Green-Deal-Initiative der europ\u00e4ischen Kommission ambitioniert umzusetzen. Wenn die EBI Erfolg hat, dann wird die Pestiziddebatte europaweit neuen Schwung bekommen.<\/p>\n<!-- Begin Yuzo --><div class='yuzo_related_post style-1'  data-version='5.12.74'><!-- without result --><div class='yuzo_clearfixed yuzo__title yuzo__title'><h3>Das k\u00f6nnte Sie auch interessieren<\/h3><\/div>\n\t\t\t\t\t\t  <div class=\"relatedthumb \" style=\"width:125px;float:left;overflow:hidden;\">  \n\t\t\t\t\t\t\t  \n\t\t\t\t\t\t\t  <a  href=\"https:\/\/blogs.nabu.de\/naturschaetze-retten\/ipbes-bestaeuber-assessment\/\"  >\n\t\t\t\t\t\t\t\t\t  <div class=\"yuzo-img-wrap \" style=\"width: 125px;height:90px;\">\n\t\t\t\t\t\t\t\t\t\t\n\t\t\t\t\t\t\t\t\t\t<div class=\"yuzo-img\" style=\"background:url('https:\/\/blogs.nabu.de\/naturschaetze-retten\/wp-content\/uploads\/sites\/3\/2016\/03\/hummel-1-340x226.jpg') 50% 50% no-repeat;width: 125px;height:90px;margin-bottom: 5px;background-size: cover; \"><\/div>\n\t\t\t\t\t\t\t\t\t  <\/div>\n\t\t\t\t\t\t\t\t\t  \n\t\t\t\t\t\t\t\t   <span class=\"yuzo__text--title\" style=\"font-size:13px;\">R\u00fcckgang von Best\u00e4uber-Arten<\/span>\n\t\t\t\t\t\t\t  \n\t\t\t\t\t\t\t  \n\t\t\t\t\t\t\t  <\/a>\n\n\t\t\t\t\t\t  <\/div>\n\t\t\t\t\t\t  <div class=\"relatedthumb \" style=\"width:125px;float:left;overflow:hidden;\">  \n\t\t\t\t\t\t\t  \n\t\t\t\t\t\t\t  <a  href=\"https:\/\/blogs.nabu.de\/naturschaetze-retten\/nabu-gap-ticker-2021-07-13\/\"  >\n\t\t\t\t\t\t\t\t\t  <div class=\"yuzo-img-wrap \" style=\"width: 125px;height:90px;\">\n\t\t\t\t\t\t\t\t\t\t\n\t\t\t\t\t\t\t\t\t\t<div class=\"yuzo-img\" style=\"background:url('https:\/\/blogs.nabu.de\/naturschaetze-retten\/wp-content\/uploads\/sites\/3\/2021\/07\/IMG_8725-340x226.jpg') 50% 50% no-repeat;width: 125px;height:90px;margin-bottom: 5px;background-size: cover; \"><\/div>\n\t\t\t\t\t\t\t\t\t  <\/div>\n\t\t\t\t\t\t\t\t\t  \n\t\t\t\t\t\t\t\t   <span class=\"yuzo__text--title\" style=\"font-size:13px;\">NABU-GAP-Ticker: Die neuen \u00d6koregelungen auf dem P...<\/span>\n\t\t\t\t\t\t\t  \n\t\t\t\t\t\t\t  \n\t\t\t\t\t\t\t  <\/a>\n\n\t\t\t\t\t\t  <\/div>\n\t\t\t\t\t\t  <div class=\"relatedthumb \" style=\"width:125px;float:left;overflow:hidden;\">  \n\t\t\t\t\t\t\t  \n\t\t\t\t\t\t\t  <a  href=\"https:\/\/blogs.nabu.de\/naturschaetze-retten\/nabu-agar-blog-gruenlandschutz-in-der-neuen-gap-ist-europaweit-mangelhaft\/\"  >\n\t\t\t\t\t\t\t\t\t  <div class=\"yuzo-img-wrap \" style=\"width: 125px;height:90px;\">\n\t\t\t\t\t\t\t\t\t\t\n\t\t\t\t\t\t\t\t\t\t<div class=\"yuzo-img\" style=\"background:url('https:\/\/blogs.nabu.de\/naturschaetze-retten\/wp-content\/uploads\/sites\/3\/2017\/02\/Wiesenmahd_Florian-Schoene-340x226.jpg') 50% 50% no-repeat;width: 125px;height:90px;margin-bottom: 5px;background-size: cover; \"><\/div>\n\t\t\t\t\t\t\t\t\t  <\/div>\n\t\t\t\t\t\t\t\t\t  \n\t\t\t\t\t\t\t\t   <span class=\"yuzo__text--title\" style=\"font-size:13px;\">NABU-Agar-Blog: Gr\u00fcnlandschutz in der neuen GAP is...<\/span>\n\t\t\t\t\t\t\t  \n\t\t\t\t\t\t\t  \n\t\t\t\t\t\t\t  <\/a>\n\n\t\t\t\t\t\t  <\/div>\n\t\t\t\t\t\t  <div class=\"relatedthumb \" style=\"width:125px;float:left;overflow:hidden;\">  \n\t\t\t\t\t\t\t  \n\t\t\t\t\t\t\t  <a  href=\"https:\/\/blogs.nabu.de\/naturschaetze-retten\/abschlussplenum\/\"  >\n\t\t\t\t\t\t\t\t\t  <div class=\"yuzo-img-wrap \" style=\"width: 125px;height:90px;\">\n\t\t\t\t\t\t\t\t\t\t\n\t\t\t\t\t\t\t\t\t\t<div class=\"yuzo-img\" style=\"background:url('https:\/\/blogs.nabu.de\/naturschaetze-retten\/wp-content\/uploads\/sites\/3\/2016\/12\/IMG-20161205-WA0006-340x226.jpg') 50% 50% no-repeat;width: 125px;height:90px;margin-bottom: 5px;background-size: cover; \"><\/div>\n\t\t\t\t\t\t\t\t\t  <\/div>\n\t\t\t\t\t\t\t\t\t  \n\t\t\t\t\t\t\t\t   <span class=\"yuzo__text--title\" style=\"font-size:13px;\">COP-Corner: Stockende Budgetverhandlungen<\/span>\n\t\t\t\t\t\t\t  \n\t\t\t\t\t\t\t  \n\t\t\t\t\t\t\t  <\/a>\n\n\t\t\t\t\t\t  <\/div>\n<\/div> <style>\n\t\t\t\t\t\t\t\t.yuzo_related_post img{width:120px !important; height:110px !important;}\n\t\t\t\t\t\t\t\t.yuzo_related_post .relatedthumb{line-height:15px;background: !important;color:!important;}\n\t\t\t\t\t\t\t\t.yuzo_related_post .relatedthumb:hover{background:#fcfcf4 !important; -webkit-transition: background 0.2s linear; -moz-transition: background 0.2s linear; -o-transition: background 0.2s linear; transition: background 0.2s linear;;color:!important;}\n\t\t\t\t\t\t\t\t.yuzo_related_post .relatedthumb a{color:!important;}\n\t\t\t\t\t\t\t\t.yuzo_related_post .relatedthumb a:hover{ color:}!important;}\n\t\t\t\t\t\t\t\t.yuzo_related_post .relatedthumb:hover a{ color:!important;}\n\t\t\t\t\t\t\t\t.yuzo_related_post .yuzo_text {color:!important;}\n\t\t\t\t\t\t\t\t.yuzo_related_post .relatedthumb:hover .yuzo_text {color:!important;}\n\t\t\t\t\t\t\t\t.yuzo_related_post .relatedthumb{  margin: 0px  0px  0px  0px;   padding: 5px  5px  5px  5px;  }\n\t\t\t\t\t\t\t\t\n\t\t\t\t\t\t\t\t<\/style> <script>\n\t\t\t\t\t\t  jQuery(document).ready(function( $ ){\n\t\t\t\t\t\t\t\/\/jQuery('.yuzo_related_post').equalizer({ overflow : 'relatedthumb' });\n\t\t\t\t\t\t\tjQuery('.yuzo_related_post .yuzo_wraps').equalizer({ columns : '> div' });\n\t\t\t\t\t\t   })\n\t\t\t\t\t\t  <\/script> <!-- End Yuzo :) -->","protected":false},"excerpt":{"rendered":"<p>&nbsp; &nbsp; &nbsp; &nbsp; &nbsp; &nbsp; &nbsp; &nbsp; &nbsp; &nbsp; Logo:\u00a0www.savebeesandfarmers.eu &nbsp; Unsere biologische Vielfalt ist in Gefahr wie nie zuvor. Um dem drohenden Kollaps der Artenvielfalt entgegenzusteuern, [&hellip;]<\/p>\n","protected":false},"author":131,"featured_media":0,"comment_status":"open","ping_status":"closed","sticky":false,"template":"","format":"standard","meta":{"jetpack_post_was_ever_published":false},"categories":[66,107,1],"tags":[133,130,209,29,99],"jetpack_featured_media_url":"","jetpack-related-posts":[{"id":5466,"url":"https:\/\/blogs.nabu.de\/naturschaetze-retten\/bericht-pflanzenschutz-eu-agrarpolitik\/","url_meta":{"origin":6174,"position":0},"title":"NABU-GAP-Ticker: Bericht zum Pflanzenschutz und Ern\u00e4hrungssystem in Europa zeigt den Reformbedarf der EU-Agrarpolitik","date":"19. Mai 2020","format":false,"excerpt":"Berlin, 19. Mai 2020 - Ein umfassender Bericht zu Pflanzenschutz und Ern\u00e4hrungssystem in Europa zeigt, dass die EU-Agrarpolitik grundlegend reformiert werden muss, um eine dauerhafte Reduktion des Pestizideinsatzes zu erm\u00f6glichen. Der Bericht \"Crop Protection & the EU Food System: Where are they going?\" beleuchtet \u201eNebenwirkungen\u201c, die im Zusammenhang mit dem\u2026","rel":"","context":"In &quot;NABU-Agrar-Blog&quot;","img":{"alt_text":"","src":"https:\/\/i0.wp.com\/blogs.nabu.de\/naturschaetze-retten\/wp-content\/uploads\/sites\/3\/2016\/08\/Getreidefelder_Christoph-Buchen.jpg?resize=350%2C200&ssl=1","width":350,"height":200},"classes":[]},{"id":3150,"url":"https:\/\/blogs.nabu.de\/naturschaetze-retten\/pestizidpolitik\/","url_meta":{"origin":6174,"position":1},"title":"Politik und Pestizide","date":"30. Mai 2017","format":false,"excerpt":"Sei es zu konkreten Wirkstoffen oder politischen Wegweisern: In den letzten Wochen mehren sich die Vorschl\u00e4ge, wie zuk\u00fcnftig mit Pestiziden umzugehen sei. Zeit f\u00fcr eine kleine Zusammenfassung.","rel":"","context":"In &quot;Landwirtschaft &amp; Ern\u00e4hrung&quot;","img":{"alt_text":"","src":"https:\/\/i0.wp.com\/blogs.nabu.de\/naturschaetze-retten\/wp-content\/uploads\/sites\/3\/2017\/05\/IMG_8726.jpg?resize=350%2C200&ssl=1","width":350,"height":200},"classes":[]},{"id":6673,"url":"https:\/\/blogs.nabu.de\/naturschaetze-retten\/nabu-agrar-blog-observation-letter-der-eu-kommission-gibt-bundesregierung-den-auftrag-zu-deutlichen-nachbesserungen-im-bereich-klima-und-biodiversitaetsschutz\/","url_meta":{"origin":6174,"position":2},"title":"NABU-Agrar-Blog: \u201eObservation letter\u201c der EU-Kommission gibt Bundesregierung den Auftrag zu deutlichen Nachbesserungen im Bereich Klima- und Biodiversit\u00e4tsschutz","date":"25. Mai 2022","format":false,"excerpt":"Die Reform der Gemeinsamen Agrarpolitik (GAP) soll zum Jahresbeginn 2023 abgeschlossen sein. Ein letzter Schritt nach jahrelangen Verhandlungen ist nun die Nachbesserung des Nationalen Strategieplans (NSP) gem\u00e4\u00df den Anmerkungen der Europ\u00e4ischen Kommission. Nachdem das Bundesministerium f\u00fcr Ern\u00e4hrung und Landwirtschaft (BMEL) am 21. Februar 2022 den NSP zur GAP bei der\u2026","rel":"","context":"In &quot;Landwirtschaft &amp; Ern\u00e4hrung&quot;","img":{"alt_text":"","src":"https:\/\/i0.wp.com\/blogs.nabu.de\/naturschaetze-retten\/wp-content\/uploads\/sites\/3\/2022\/05\/P1000337-225x300.jpg?resize=350%2C200&ssl=1","width":350,"height":200},"classes":[]},{"id":6440,"url":"https:\/\/blogs.nabu.de\/naturschaetze-retten\/nabu-agrar-blog-ampel-koav\/","url_meta":{"origin":6174,"position":3},"title":"NABU-Agrar-Blog: Ampel und Landwirtschaft &#8211; da k\u00f6nnte was gehen!","date":"25. November 2021","format":false,"excerpt":"Vorbei die Ungewissheit, wie es weitergeht mit der Agrarpolitik in Deutschland: Die Ampelparteien legen ihren Koalitionsvertrag vor. GAP, ZKL, Finanzierung, Ressortaufteilung: Die NABU-Analyse","rel":"","context":"In &quot;Landwirtschaft &amp; Ern\u00e4hrung&quot;","img":{"alt_text":"","src":"https:\/\/i0.wp.com\/blogs.nabu.de\/naturschaetze-retten\/wp-content\/uploads\/sites\/3\/2021\/10\/NABU-Agrar-Blog-200-x-200.jpg?resize=350%2C200&ssl=1","width":350,"height":200},"classes":[]},{"id":6766,"url":"https:\/\/blogs.nabu.de\/naturschaetze-retten\/nabu-agrar-blog-unterirdische-biodiversitaet-1\/","url_meta":{"origin":6174,"position":4},"title":"NABU-Agrar-Blog: Unterirdische Biodiversit\u00e4t &#8211; fataler \u201aBlind Spot\u2018 der europ\u00e4ischen Agrarpolitik!? (Teil 1)","date":"5. August 2022","format":false,"excerpt":"5. August 2022. Die Bedeutung der unterirdischen Biodiversit\u00e4t f\u00fcr eine n\u00e4hrstoffreiche Ern\u00e4hrungssicherung, eine an die Klimakatastrophe angepasste Landnutzung und eine Landwirtschaft, die ihrer Verantwortung in der Erderw\u00e4rmung gerecht werden kann, wird in der Politik und Wirtschaft bis heute zum gr\u00f6\u00dften Teil \u00fcbersehen. Und das, obwohl die Wissenschaft attestiert: Die Degradation\u2026","rel":"","context":"In &quot;Landwirtschaft &amp; Ern\u00e4hrung&quot;","img":{"alt_text":"","src":"https:\/\/i0.wp.com\/blogs.nabu.de\/naturschaetze-retten\/wp-content\/uploads\/sites\/3\/2021\/10\/NABU-Agrar-Blog-200-x-200.jpg?resize=350%2C200&ssl=1","width":350,"height":200},"classes":[]},{"id":2339,"url":"https:\/\/blogs.nabu.de\/naturschaetze-retten\/agrarstudie\/","url_meta":{"origin":6174,"position":5},"title":"Fit, fair, nachhaltig: Eine neue Agrarpolitik ist m\u00f6glich","date":"7. November 2016","format":false,"excerpt":"Der NABU hat eine Gutachten in Auftrag gegeben, das klar zeigt: Ein Umbau der Agrarf\u00f6rderung ist m\u00f6glich, der Natur wie Landwirten gleicherma\u00dfen n\u00fctzt. Doch die Politik scheut Ver\u00e4nderung.","rel":"","context":"In &quot;Landwirtschaft &amp; Ern\u00e4hrung&quot;","img":{"alt_text":"","src":"https:\/\/i0.wp.com\/blogs.nabu.de\/naturschaetze-retten\/wp-content\/uploads\/sites\/3\/2016\/06\/150721-nabu-klatschmohnacker-klemens-karkow.jpeg?resize=350%2C200&ssl=1","width":350,"height":200},"classes":[]}],"jetpack_shortlink":"https:\/\/wp.me\/p67kDA-1BA","_links":{"self":[{"href":"https:\/\/blogs.nabu.de\/naturschaetze-retten\/wp-json\/wp\/v2\/posts\/6174"}],"collection":[{"href":"https:\/\/blogs.nabu.de\/naturschaetze-retten\/wp-json\/wp\/v2\/posts"}],"about":[{"href":"https:\/\/blogs.nabu.de\/naturschaetze-retten\/wp-json\/wp\/v2\/types\/post"}],"author":[{"embeddable":true,"href":"https:\/\/blogs.nabu.de\/naturschaetze-retten\/wp-json\/wp\/v2\/users\/131"}],"replies":[{"embeddable":true,"href":"https:\/\/blogs.nabu.de\/naturschaetze-retten\/wp-json\/wp\/v2\/comments?post=6174"}],"version-history":[{"count":16,"href":"https:\/\/blogs.nabu.de\/naturschaetze-retten\/wp-json\/wp\/v2\/posts\/6174\/revisions"}],"predecessor-version":[{"id":6200,"href":"https:\/\/blogs.nabu.de\/naturschaetze-retten\/wp-json\/wp\/v2\/posts\/6174\/revisions\/6200"}],"wp:attachment":[{"href":"https:\/\/blogs.nabu.de\/naturschaetze-retten\/wp-json\/wp\/v2\/media?parent=6174"}],"wp:term":[{"taxonomy":"category","embeddable":true,"href":"https:\/\/blogs.nabu.de\/naturschaetze-retten\/wp-json\/wp\/v2\/categories?post=6174"},{"taxonomy":"post_tag","embeddable":true,"href":"https:\/\/blogs.nabu.de\/naturschaetze-retten\/wp-json\/wp\/v2\/tags?post=6174"}],"curies":[{"name":"wp","href":"https:\/\/api.w.org\/{rel}","templated":true}]}}