{"id":5798,"date":"2020-10-20T19:05:32","date_gmt":"2020-10-20T17:05:32","guid":{"rendered":"http:\/\/blogs.nabu.de\/naturschaetze-retten\/?p=5798"},"modified":"2020-10-21T08:41:53","modified_gmt":"2020-10-21T06:41:53","slug":"nabu-gap-ticker-abstimmungsempfehlungen-der-umwelt-ngos","status":"publish","type":"post","link":"https:\/\/blogs.nabu.de\/naturschaetze-retten\/nabu-gap-ticker-abstimmungsempfehlungen-der-umwelt-ngos\/","title":{"rendered":"NABU-GAP-Ticker: Abstimmungsempfehlungen der Umwelt-NGOs"},"content":{"rendered":"<p><strong>Br\u00fcssel, 20.Oktober 2020. <\/strong>Heute Abend um 20:00 Uhr ist es soweit, die Abstimmung zur GAP im Plenum beginnt (siehe <a href=\"https:\/\/blogs.nabu.de\/naturschaetze-retten\/nabu-gap-ticker-breaking-neue-unruhe-im-europaeischen-parlament-gap-abstimmungen-verzoegern-sich-bis-heute-abend\/\">hier<\/a>). W\u00e4hrend heute die <a href=\"https:\/\/blogs.nabu.de\/naturschaetze-retten\/nabu-gap-ticker-grosse-koalition-im-europaparlament-positioniert-sich-gegen-agrarwende\/\">Kompromisstexte<\/a> der drei gr\u00f6\u00dften Gruppen auf der Agenda stehen, kommen ab morgen noch viele Hundert weitere \u00c4nderungsantr\u00e4ge dran.<\/p>\n<p><!--more--><\/p>\n<p>Die Gesch\u00e4ftsordnung des Parlaments sieht vor, dass \u00c4nderungsantr\u00e4ge zu Artikeln, die von den Kompromissen abgedeckt werden, nicht mehr zur Abstimmung kommen. Sollten die Kompromisstexte abgelehnt werden, k\u00e4men sie jedoch zum Zug und es liegen ferner Antr\u00e4ge vor, die sich au\u00dferhalb der Kompromisse befinden und deshalb in jedem Fall vom Plenum behandelt werden.<\/p>\n<p>Bei letzteren liegen einige Juwellen vor. \u00c4nderungsantrag <a href=\"https:\/\/www.europarl.europa.eu\/doceo\/document\/A-8-2019-0200-AM-1191-1200_EN.pdf\">1199<\/a> der Gr\u00fcnen w\u00fcrde die Ziele der Farm-to-Fork und der Biodiversit\u00e4tsstrategie direkt in der GAP-Verordnung verankern. Dadurch h\u00e4tte die EU Kommission deutlich mehr Chancen deren Einhaltung im Rahmen der nationalen Planung einzufordern. Die Mitgliedstaaten m\u00fcssten konkret begr\u00fcnden, wie sie mit ihren strategischen Pl\u00e4nen zu deren Einhaltung beitragen w\u00fcrden. Ein weiterer interessanter Antrag ist ferner Nr. <a href=\"https:\/\/www.europarl.europa.eu\/doceo\/document\/A-8-2019-0200-AM-887-896_EN.pdf\">890<\/a>, welcher vorsieht, dass politische Entscheidungstr\u00e4ger zur GAP nicht gleichzeitig Zahlungsempf\u00e4nger sein d\u00fcrfe und w\u00fcrde dadurch m\u00f6gliche Interessenskonflikte (Babis l\u00e4sst gr\u00fc\u00dfen) ausr\u00e4umen.<\/p>\n<p>Die Br\u00fcsseler NGOs BirdLife, EEB, WWF und Greenpeace haben zusammen mit dem NABU die mehr als 1300 \u00c4nderungsantr\u00e4ge gesichtet und bewertet. Die Auflistung finden Sie <a href=\"https:\/\/blogs.nabu.de\/naturschaetze-retten\/wp-content\/uploads\/sites\/3\/2020\/10\/VR-CAP-KEY-TOPICS-A8-0200_2019_NGO-recommendations.pdf\">hier<\/a>.<\/p>\n<blockquote><p>&nbsp;<\/p>\n<h3><strong><em>NABU-GAP-Ticker<\/em><\/strong><\/h3>\n<p><em>Was steht auf dem Spiel f\u00fcr Insekten, Bauernh\u00f6fe und unsere l\u00e4ndlichen R\u00e4ume? Was sagt Julia Kl\u00f6ckner in Br\u00fcssel? Wie stimmen unsere Abgeordneten ab? Was passiert hinter den Kullissen? Im NABU-GAP-Ticker informieren wir \u00fcber die Verhandlungen zur k\u00fcnftigen EU-Agrarpolitik &#8211; denn wir meinen, die Zeit der Hinterzimmerdeals ist vorbei. Es geht um viel &#8211; und die \u00d6ffentlichkeit hat ein Recht zu wissen, wie der Milliardenpoker um die Gemeinsame Agrarpolitik der EU abl\u00e4uft. Abonnieren Sie diesen Blog um auf dem Laufenden zu bleiben, stellen Sie Fragen und diskutieren Sie mit uns \u00fcber die Kommentarfunktion. Hintergrundinfos auf <a href=\"http:\/\/www.NeueAgrarpolitik.eu\" target=\"_blank\" rel=\"noopener\">www.NABU.de\/Agrarreform2021<\/a>. Folgen Sie uns auch auf Twitter: <a href=\"https:\/\/twitter.com\/NABU_Biodiv\" target=\"_blank\" rel=\"noopener\">@NABU_biodiv<\/a> &#8211; <a href=\"https:\/\/twitter.com\/hashtag\/FutureofCAP\" target=\"_blank\" rel=\"noopener\">#FutureOfCAP<\/a><\/em><\/p><\/blockquote>\n<p>Titefoto: Europ\u00e4ische Union 2013<\/p>\n<!-- Begin Yuzo --><div class='yuzo_related_post style-1'  data-version='5.12.74'><!-- without result --><div class='yuzo_clearfixed yuzo__title yuzo__title'><h3>Das k\u00f6nnte Sie auch interessieren<\/h3><\/div>\n\t\t\t\t\t\t  <div class=\"relatedthumb \" style=\"width:125px;float:left;overflow:hidden;\">  \n\t\t\t\t\t\t\t  \n\t\t\t\t\t\t\t  <a  href=\"https:\/\/blogs.nabu.de\/naturschaetze-retten\/die-oekonomisierung-der-fotosynthese\/\"  >\n\t\t\t\t\t\t\t\t\t  <div class=\"yuzo-img-wrap \" style=\"width: 125px;height:90px;\">\n\t\t\t\t\t\t\t\t\t\t\n\t\t\t\t\t\t\t\t\t\t<div class=\"yuzo-img\" style=\"background:url('https:\/\/blogs.nabu.de\/naturschaetze-retten\/wp-content\/uploads\/sites\/3\/2021\/06\/IMG_7395-340x226.jpg') 50% 50% no-repeat;width: 125px;height:90px;margin-bottom: 5px;background-size: cover; \"><\/div>\n\t\t\t\t\t\t\t\t\t  <\/div>\n\t\t\t\t\t\t\t\t\t  \n\t\t\t\t\t\t\t\t   <span class=\"yuzo__text--title\" style=\"font-size:13px;\">Die \u00d6konomisierung der Fotosynthese<\/span>\n\t\t\t\t\t\t\t  \n\t\t\t\t\t\t\t  \n\t\t\t\t\t\t\t  <\/a>\n\n\t\t\t\t\t\t  <\/div>\n\t\t\t\t\t\t  <div class=\"relatedthumb \" style=\"width:125px;float:left;overflow:hidden;\">  \n\t\t\t\t\t\t\t  \n\t\t\t\t\t\t\t  <a  href=\"https:\/\/blogs.nabu.de\/naturschaetze-retten\/time-to-go-for-neonics-co\/\"  >\n\t\t\t\t\t\t\t\t\t  <div class=\"yuzo-img-wrap \" style=\"width: 125px;height:90px;\">\n\t\t\t\t\t\t\t\t\t\t\n\t\t\t\t\t\t\t\t\t\t<div class=\"yuzo-img\" style=\"background:url('https:\/\/blogs.nabu.de\/naturschaetze-retten\/wp-content\/uploads\/sites\/3\/2017\/02\/Bienenstoecke-an-Rapsfeld-NABU_Helge-May-340x226.jpg') 50% 50% no-repeat;width: 125px;height:90px;margin-bottom: 5px;background-size: cover; \"><\/div>\n\t\t\t\t\t\t\t\t\t  <\/div>\n\t\t\t\t\t\t\t\t\t  \n\t\t\t\t\t\t\t\t   <span class=\"yuzo__text--title\" style=\"font-size:13px;\">Time to go \u2013 for Neonics & Co.<\/span>\n\t\t\t\t\t\t\t  \n\t\t\t\t\t\t\t  \n\t\t\t\t\t\t\t  <\/a>\n\n\t\t\t\t\t\t  <\/div>\n\t\t\t\t\t\t  <div class=\"relatedthumb \" style=\"width:125px;float:left;overflow:hidden;\">  \n\t\t\t\t\t\t\t  \n\t\t\t\t\t\t\t  <a  href=\"https:\/\/blogs.nabu.de\/naturschaetze-retten\/umweltrat-2\/\"  >\n\t\t\t\t\t\t\t\t\t  <div class=\"yuzo-img-wrap \" style=\"width: 125px;height:90px;\">\n\t\t\t\t\t\t\t\t\t\t\n\t\t\t\t\t\t\t\t\t\t<div class=\"yuzo-img\" style=\"background:url('https:\/\/blogs.nabu.de\/naturschaetze-retten\/wp-content\/uploads\/sites\/3\/2015\/12\/juncker_1-340x226.jpg') 50% 50% no-repeat;width: 125px;height:90px;margin-bottom: 5px;background-size: cover; \"><\/div>\n\t\t\t\t\t\t\t\t\t  <\/div>\n\t\t\t\t\t\t\t\t\t  \n\t\t\t\t\t\t\t\t   <span class=\"yuzo__text--title\" style=\"font-size:13px;\">EU-Umweltminister geben Juncker einen Korb<\/span>\n\t\t\t\t\t\t\t  \n\t\t\t\t\t\t\t  \n\t\t\t\t\t\t\t  <\/a>\n\n\t\t\t\t\t\t  <\/div>\n\t\t\t\t\t\t  <div class=\"relatedthumb \" style=\"width:125px;float:left;overflow:hidden;\">  \n\t\t\t\t\t\t\t  \n\t\t\t\t\t\t\t  <a  href=\"https:\/\/blogs.nabu.de\/naturschaetze-retten\/nabu-unterstuetzt-ebi\/\"  >\n\t\t\t\t\t\t\t\t\t  <div class=\"yuzo-img-wrap \" style=\"width: 125px;height:90px;\">\n\t\t\t\t\t\t\t\t\t\t\n\t\t\t\t\t\t\t\t\t\t<div class=\"yuzo-img\" style=\"background:url('https:\/\/blogs.nabu.de\/naturschaetze-retten\/wp-content\/uploads\/sites\/3\/2021\/07\/DE_RGB-340x226.jpg') 50% 50% no-repeat;width: 125px;height:90px;margin-bottom: 5px;background-size: cover; \"><\/div>\n\t\t\t\t\t\t\t\t\t  <\/div>\n\t\t\t\t\t\t\t\t\t  \n\t\t\t\t\t\t\t\t   <span class=\"yuzo__text--title\" style=\"font-size:13px;\">NABU unterst\u00fctzt Europ\u00e4ische B\u00fcrgerinitiative zur ...<\/span>\n\t\t\t\t\t\t\t  \n\t\t\t\t\t\t\t  \n\t\t\t\t\t\t\t  <\/a>\n\n\t\t\t\t\t\t  <\/div>\n<\/div> <style>\n\t\t\t\t\t\t\t\t.yuzo_related_post img{width:120px !important; height:110px !important;}\n\t\t\t\t\t\t\t\t.yuzo_related_post .relatedthumb{line-height:15px;background: !important;color:!important;}\n\t\t\t\t\t\t\t\t.yuzo_related_post .relatedthumb:hover{background:#fcfcf4 !important; -webkit-transition: background 0.2s linear; -moz-transition: background 0.2s linear; -o-transition: background 0.2s linear; transition: background 0.2s linear;;color:!important;}\n\t\t\t\t\t\t\t\t.yuzo_related_post .relatedthumb a{color:!important;}\n\t\t\t\t\t\t\t\t.yuzo_related_post .relatedthumb a:hover{ color:}!important;}\n\t\t\t\t\t\t\t\t.yuzo_related_post .relatedthumb:hover a{ color:!important;}\n\t\t\t\t\t\t\t\t.yuzo_related_post .yuzo_text {color:!important;}\n\t\t\t\t\t\t\t\t.yuzo_related_post .relatedthumb:hover .yuzo_text {color:!important;}\n\t\t\t\t\t\t\t\t.yuzo_related_post .relatedthumb{  margin: 0px  0px  0px  0px;   padding: 5px  5px  5px  5px;  }\n\t\t\t\t\t\t\t\t\n\t\t\t\t\t\t\t\t<\/style> <script>\n\t\t\t\t\t\t  jQuery(document).ready(function( $ ){\n\t\t\t\t\t\t\t\/\/jQuery('.yuzo_related_post').equalizer({ overflow : 'relatedthumb' });\n\t\t\t\t\t\t\tjQuery('.yuzo_related_post .yuzo_wraps').equalizer({ columns : '> div' });\n\t\t\t\t\t\t   })\n\t\t\t\t\t\t  <\/script> <!-- End Yuzo :) -->","protected":false},"excerpt":{"rendered":"<p>Br\u00fcssel, 20.Oktober 2020. Heute Abend um 20:00 Uhr ist es soweit, die Abstimmung zur GAP im Plenum beginnt (siehe hier). W\u00e4hrend heute die Kompromisstexte der drei gr\u00f6\u00dften Gruppen [&hellip;]<\/p>\n","protected":false},"author":87,"featured_media":3829,"comment_status":"open","ping_status":"closed","sticky":false,"template":"","format":"standard","meta":{"jetpack_post_was_ever_published":false},"categories":[66,107,1],"tags":[196,18,29],"jetpack_featured_media_url":"https:\/\/blogs.nabu.de\/naturschaetze-retten\/wp-content\/uploads\/sites\/3\/2018\/06\/nabu-agrar-ticker.jpg","jetpack-related-posts":[{"id":4757,"url":"https:\/\/blogs.nabu.de\/naturschaetze-retten\/nabu-gap-ticker-2019-03-26\/","url_meta":{"origin":5798,"position":0},"title":"NABU-GAP-Ticker: EP-Agrarausschuss kompromisslos gegen Natur und Umwelt","date":"26. M\u00e4rz 2019","format":false,"excerpt":"26. M\u00e4rz 2019.\u00a0Nach der Abstimmung im Umweltausschuss\u00a0des Europ\u00e4ischen Parlaments steht am 2. April die n\u00e4chste wichtige Entscheidung im Agrarausschuss an, welche auch die letzte Abstimmung zur Gemeinsamen Agrarpolitik (GAP) in Br\u00fcssel vor der Europawahl sein wird. Fast 6000 \u00c4nderungsantr\u00e4ge (hier \u00f6ffentlich einsehbar) hatten die Abgeordneten im Dezember eingereicht. Eine Abstimmung\u2026","rel":"","context":"In &quot;Landwirtschaft &amp; Ern\u00e4hrung&quot;","img":{"alt_text":"","src":"https:\/\/i0.wp.com\/blogs.nabu.de\/naturschaetze-retten\/wp-content\/uploads\/sites\/3\/2018\/06\/nabu-agrar-ticker.jpg?resize=350%2C200&ssl=1","width":350,"height":200},"classes":[]},{"id":4931,"url":"https:\/\/blogs.nabu.de\/naturschaetze-retten\/nabu-gap-ticker-2019-06-14\/","url_meta":{"origin":5798,"position":1},"title":"NABU-GAP-Ticker: Alles auf Anfang &#8211; wie geht es mit der GAP weiter nach der Wahl?","date":"14. Juni 2019","format":false,"excerpt":"14. Juni 2019.\u00a0Die Europawahl hat eine deutliche Ver\u00e4nderung des Machgef\u00fcges im Europ\u00e4ischen Parlament mit sich gebracht. Die inoffizielle gro\u00dfe Koalition aus Sozialisten und Konservativen hat zum ersten Mal in der Geschichte der EU keine eigene Mehrheit mehr, w\u00e4hrend das Thema Umwelt- und Naturschutz bei dieser Wahl so pr\u00e4sent war wie\u2026","rel":"","context":"In &quot;Landwirtschaft &amp; Ern\u00e4hrung&quot;","img":{"alt_text":"","src":"https:\/\/i0.wp.com\/blogs.nabu.de\/naturschaetze-retten\/wp-content\/uploads\/sites\/3\/2018\/06\/nabu-agrar-ticker.jpg?resize=350%2C200&ssl=1","width":350,"height":200},"classes":[]},{"id":4691,"url":"https:\/\/blogs.nabu.de\/naturschaetze-retten\/nabu-gap-ticker-hochprozentiges-fuer-die-natur-deutsche-aenderungsantraege-im-umweltausschuss\/","url_meta":{"origin":5798,"position":2},"title":"NABU-GAP-Ticker: Hochprozentiges f\u00fcr die Natur: deutsche \u00c4nderungsantr\u00e4ge im Umweltausschuss","date":"7. Februar 2019","format":false,"excerpt":"07. Februar 2019.\u00a0Wie im vergangenen Jahr berichtet, hat der Umweltausschuss des Europaparlaments sich erstmalig gr\u00f6\u00dfere Mitspracherechte zu den Umweltelementen der Gemeinsamen Agrarpolitik (GAP) gesichert. Der federf\u00fchrende Agrarausschuss kann die Einwendungen der Umweltkollegen nun schwerer ignorieren. Die Debatte im sp\u00e4teren Plenum des gesamten Parlaments d\u00fcrfte zudem deutlich spannender werden, da der\u2026","rel":"","context":"In &quot;Landwirtschaft &amp; Ern\u00e4hrung&quot;","img":{"alt_text":"","src":"https:\/\/i0.wp.com\/blogs.nabu.de\/naturschaetze-retten\/wp-content\/uploads\/sites\/3\/2018\/06\/nabu-agrar-ticker.jpg?resize=350%2C200&ssl=1","width":350,"height":200},"classes":[]},{"id":5376,"url":"https:\/\/blogs.nabu.de\/naturschaetze-retten\/nabu-gap-ticker-gap-uebergangsverordnung-auf-der-zielgeraden\/","url_meta":{"origin":5798,"position":3},"title":"NABU-GAP-Ticker: GAP-\u00dcbergangsverordnung auf der Zielgeraden","date":"2. April 2020","format":false,"excerpt":"Br\u00fcssel, 2.April 2020. Am letzten Tag ihrer Amtszeit ver\u00f6ffentlichte die Juncker Kommission im Oktober 2019 eine einj\u00e4hrige \u00dcbergangsverordnung f\u00fcr die GAP f\u00fcr das Jahr 2021. Diese war n\u00f6tig geworden, nachdem sich die eigentliche Reform immer mehr versp\u00e4tete. Durch Corona verz\u00f6gert sich dieser Prozess nun vermutlich weiter und es bleibt mehr\u2026","rel":"","context":"In &quot;Landwirtschaft &amp; Ern\u00e4hrung&quot;","img":{"alt_text":"","src":"https:\/\/i0.wp.com\/blogs.nabu.de\/naturschaetze-retten\/wp-content\/uploads\/sites\/3\/2018\/06\/nabu-agrar-ticker.jpg?resize=350%2C200&ssl=1","width":350,"height":200},"classes":[]},{"id":4015,"url":"https:\/\/blogs.nabu.de\/naturschaetze-retten\/gap-ticker-high-noon-im-europaeichen-parlament\/","url_meta":{"origin":5798,"position":4},"title":"GAP-Ticker: High Noon im Europ\u00e4ischen Parlament &#8211; Umweltausschuss bekommt mehr Mitsprache bei der GAP","date":"6. Juli 2018","format":false,"excerpt":"6.Juli 2018 Ein wochenlanges Ringen um die Zust\u00e4ndigkeit f\u00fcr die GAP zwischen dem Agrar- und Umweltausschuss des Europ\u00e4ischen Parlaments ist gestern Mittag zu Ende gegangen (wir berichteten\u00a0hier zum Hintergrund dieses Streits). W\u00e4hrend ihrer gestrigen Sitzung hat das Kollegium der Fraktionsvorsitzenden entschieden, dass der Umweltausschuss bei der Bearbeitung der GAP im\u2026","rel":"","context":"In &quot;NABU-Agrar-Blog&quot;","img":{"alt_text":"","src":"https:\/\/i0.wp.com\/blogs.nabu.de\/naturschaetze-retten\/wp-content\/uploads\/sites\/3\/2018\/06\/nabu-agrar-ticker.jpg?resize=350%2C200&ssl=1","width":350,"height":200},"classes":[]},{"id":5755,"url":"https:\/\/blogs.nabu.de\/naturschaetze-retten\/nabu-gap-ticker-die-nabu-empfehlungen-fuer-die-gap-abstimmung-imeuropaeische-parlament\/","url_meta":{"origin":5798,"position":5},"title":"NABU-GAP-Ticker: Die NABU-Empfehlungen f\u00fcr die GAP-Abstimmung im Europ\u00e4ischen Parlament","date":"19. Oktober 2020","format":false,"excerpt":"19.10.2020: Ab Mittwoch stimmen die Abgeordneten im Europaparlament \u00fcber die neue GAP ab. Es entscheidet sich also nun, wie sich die Agrarpolitik der EU in den n\u00e4chsten Jahren entwickelt. Insgesamt wurden 1358 \u00c4nderungsantr\u00e4ge eingereicht. Auch wenn noch nicht bekannt ist in welcher Reihenfolge abgestimmt wird, ist es nun dennoch m\u00f6glich\u2026","rel":"","context":"In &quot;Landwirtschaft &amp; Ern\u00e4hrung&quot;","img":{"alt_text":"","src":"https:\/\/i0.wp.com\/blogs.nabu.de\/naturschaetze-retten\/wp-content\/uploads\/sites\/3\/2016\/01\/STRAS-aerial.jpg?resize=350%2C200&ssl=1","width":350,"height":200},"classes":[]}],"jetpack_shortlink":"https:\/\/wp.me\/p67kDA-1vw","_links":{"self":[{"href":"https:\/\/blogs.nabu.de\/naturschaetze-retten\/wp-json\/wp\/v2\/posts\/5798"}],"collection":[{"href":"https:\/\/blogs.nabu.de\/naturschaetze-retten\/wp-json\/wp\/v2\/posts"}],"about":[{"href":"https:\/\/blogs.nabu.de\/naturschaetze-retten\/wp-json\/wp\/v2\/types\/post"}],"author":[{"embeddable":true,"href":"https:\/\/blogs.nabu.de\/naturschaetze-retten\/wp-json\/wp\/v2\/users\/87"}],"replies":[{"embeddable":true,"href":"https:\/\/blogs.nabu.de\/naturschaetze-retten\/wp-json\/wp\/v2\/comments?post=5798"}],"version-history":[{"count":2,"href":"https:\/\/blogs.nabu.de\/naturschaetze-retten\/wp-json\/wp\/v2\/posts\/5798\/revisions"}],"predecessor-version":[{"id":5802,"href":"https:\/\/blogs.nabu.de\/naturschaetze-retten\/wp-json\/wp\/v2\/posts\/5798\/revisions\/5802"}],"wp:featuredmedia":[{"embeddable":true,"href":"https:\/\/blogs.nabu.de\/naturschaetze-retten\/wp-json\/wp\/v2\/media\/3829"}],"wp:attachment":[{"href":"https:\/\/blogs.nabu.de\/naturschaetze-retten\/wp-json\/wp\/v2\/media?parent=5798"}],"wp:term":[{"taxonomy":"category","embeddable":true,"href":"https:\/\/blogs.nabu.de\/naturschaetze-retten\/wp-json\/wp\/v2\/categories?post=5798"},{"taxonomy":"post_tag","embeddable":true,"href":"https:\/\/blogs.nabu.de\/naturschaetze-retten\/wp-json\/wp\/v2\/tags?post=5798"}],"curies":[{"name":"wp","href":"https:\/\/api.w.org\/{rel}","templated":true}]}}