{"id":5696,"date":"2020-10-05T12:03:30","date_gmt":"2020-10-05T10:03:30","guid":{"rendered":"http:\/\/blogs.nabu.de\/naturschaetze-retten\/?p=5696"},"modified":"2020-10-05T12:11:05","modified_gmt":"2020-10-05T10:11:05","slug":"einladung-gapevent13-10","status":"publish","type":"post","link":"https:\/\/blogs.nabu.de\/naturschaetze-retten\/einladung-gapevent13-10\/","title":{"rendered":"Einladung GAP-Event am 13.10. &#8211; Sicherung der Biodiversit\u00e4t in der Agrarlandschaft"},"content":{"rendered":"<p><strong>\u00a0<img data-attachment-id=\"5709\" data-permalink=\"https:\/\/blogs.nabu.de\/naturschaetze-retten\/einladung-gapevent13-10\/eventbrite-header\/\" data-orig-file=\"https:\/\/blogs.nabu.de\/naturschaetze-retten\/wp-content\/uploads\/sites\/3\/2020\/10\/Eventbrite-Header.png\" data-orig-size=\"800,411\" data-comments-opened=\"1\" data-image-meta=\"{&quot;aperture&quot;:&quot;0&quot;,&quot;credit&quot;:&quot;&quot;,&quot;camera&quot;:&quot;&quot;,&quot;caption&quot;:&quot;&quot;,&quot;created_timestamp&quot;:&quot;0&quot;,&quot;copyright&quot;:&quot;&quot;,&quot;focal_length&quot;:&quot;0&quot;,&quot;iso&quot;:&quot;0&quot;,&quot;shutter_speed&quot;:&quot;0&quot;,&quot;title&quot;:&quot;&quot;,&quot;orientation&quot;:&quot;0&quot;}\" data-image-title=\"Eventbrite Header\" data-image-description=\"\" data-image-caption=\"\" data-medium-file=\"https:\/\/blogs.nabu.de\/naturschaetze-retten\/wp-content\/uploads\/sites\/3\/2020\/10\/Eventbrite-Header-300x154.png\" data-large-file=\"https:\/\/blogs.nabu.de\/naturschaetze-retten\/wp-content\/uploads\/sites\/3\/2020\/10\/Eventbrite-Header.png\" decoding=\"async\" loading=\"lazy\" class=\"aligncenter wp-image-5709 size-full\" src=\"https:\/\/blogs.nabu.de\/naturschaetze-retten\/wp-content\/uploads\/sites\/3\/2020\/10\/Eventbrite-Header.png\" alt=\"\" width=\"800\" height=\"411\" \/><\/strong><\/p>\n<div id=\"GroupWiseSection_1601888825000_Andre.Prescher@NABU.DE_BA01380113300000BE6E616231396435_\" class=\"GroupWiseMessageBody active\">\n<div><strong>05.10.2020<\/strong> Am Vorabend der Entscheidung auf europ\u00e4ischer Ebene zur Gemeinsamen Agrarpolitik (GAP), laden wir ein zu einer virtuellen Buchvorstellung und Diskussion am 13.10. um 13:00 Uhr. Dort m\u00f6chten wir zusammen mit Dr. Rainer Oppermann, MdEP Martin H\u00e4usling und Herrn Wolfram G\u00fcthler und Ihnen diskutieren wie die GAP, den Schutz der Biodiversit\u00e4t in der Agrarlandschaft verbessern kann.<\/div>\n<\/div>\n<p><!--more--><\/p>\n<p>Die Entscheidung \u00fcber die Gemeinsame Agrarpolitik (GAP) nach 2020 ist nicht nur f\u00fcr die Landwirtschaft und die l\u00e4ndlichen R\u00e4ume in Deutschland und Europa richtungsweisend, sondern auch f\u00fcr Umwelt-, Natur- und Klimaschutz. Diesen Oktober werden sich das <a href=\"https:\/\/blogs.nabu.de\/naturschaetze-retten\/nabu-gap-ticker-umweltausschuss-bestaetigt-abbruch\/\">Europ\u00e4ische Parlament<\/a> sowie der <a href=\"https:\/\/blogs.nabu.de\/naturschaetze-retten\/amrsepember\/\">Agrarrat<\/a> zur GAP positionieren. In den letzten Wochen vor dieser wichtigen Entscheidung l\u00e4dt der NABU Sie ein, um zu diskutieren, wie die EU zur Wiederherstellung der Natur und der biologischen Vielfalt in der Agrarlandschaft beitragen kann.<\/p>\n<p>Das Institut f\u00fcr Agrar\u00f6kologie und Biodiversit\u00e4t (ifab) hat hierzu eine umfangreiche Expertenstudie zur Quantifizierung des Ma\u00dfnahmenbedarfs in der Agrarlandschaft erarbeitet und dar\u00fcber hinaus sieben Fachbeitr\u00e4ge von namhaften Autoren zusammengestellt. Diese wichtigen Ergebnisse sind anschaulich in einem Buch zusammengetragen (Titel: \u201eSicherung der Biodiversit\u00e4t in der Agrarlandschaft &#8211; Quantifizierung des Ma\u00dfnahmenbedarfs und Empfehlungen zur Umsetzung\u201c). Wir freuen uns auf die Vorstellung der Ergebnisse und der daraus resultierenden Empfehlungen durch den Institutsleiter und Herausgeber des Buchs Herrn Dr. Rainer Oppermann.<\/p>\n<p>Jede gute Politik muss wissenschaftsbasiert sein und nach der Vorstellung der neuesten Ergebnisse werden wir diese zusammen mit Herrn Dr. Rainer Oppermann, MdEP Martin H\u00e4usling, Herrn Wolfram G\u00fcthler (Bayr. Staatsministerium f\u00fcr Umwelt und Verbraucherschutz) und mit Ihnen diskutieren.<\/p>\n<div id=\"GroupWiseSection_1601888825000_Andre.Prescher@NABU.DE_BA01380113300000BE6E616231396435_\" class=\"GroupWiseMessageBody active\">\n<div>\n<div>Wenn Sie an diesem Event teilnehmen m\u00f6chten, bitten wir um eine Registrierung unter folgendem Link: <a href=\"https:\/\/biodiversitaet_in_der_agrarlandschaft.eventbrite.be\/\">https:\/\/biodiversitaet_in_der_agrarlandschaft.eventbrite.be<\/a><\/div>\n<div><\/div>\n<div>Als Plattform f\u00fcr dieses Event werden wir zoom verwenden.<\/div>\n<\/div>\n<\/div>\n<p>&nbsp;<\/p>\n<!-- Begin Yuzo --><div class='yuzo_related_post style-1'  data-version='5.12.74'><!-- without result --><div class='yuzo_clearfixed yuzo__title yuzo__title'><h3>Das k\u00f6nnte Sie auch interessieren<\/h3><\/div>\n\t\t\t\t\t\t  <div class=\"relatedthumb \" style=\"width:125px;float:left;overflow:hidden;\">  \n\t\t\t\t\t\t\t  \n\t\t\t\t\t\t\t  <a  href=\"https:\/\/blogs.nabu.de\/naturschaetze-retten\/showdown\/\"  >\n\t\t\t\t\t\t\t\t\t  <div class=\"yuzo-img-wrap \" style=\"width: 125px;height:90px;\">\n\t\t\t\t\t\t\t\t\t\t\n\t\t\t\t\t\t\t\t\t\t<div class=\"yuzo-img\" style=\"background:url('https:\/\/blogs.nabu.de\/naturschaetze-retten\/wp-content\/uploads\/sites\/3\/2015\/07\/Nature-Alert-Vorschaubild-340x226.jpg') 50% 50% no-repeat;width: 125px;height:90px;margin-bottom: 5px;background-size: cover; \"><\/div>\n\t\t\t\t\t\t\t\t\t  <\/div>\n\t\t\t\t\t\t\t\t\t  \n\t\t\t\t\t\t\t\t   <span class=\"yuzo__text--title\" style=\"font-size:13px;\">Showdown f\u00fcr die Natur: 20. November in Br\u00fcssel<\/span>\n\t\t\t\t\t\t\t  \n\t\t\t\t\t\t\t  \n\t\t\t\t\t\t\t  <\/a>\n\n\t\t\t\t\t\t  <\/div>\n\t\t\t\t\t\t  <div class=\"relatedthumb \" style=\"width:125px;float:left;overflow:hidden;\">  \n\t\t\t\t\t\t\t  \n\t\t\t\t\t\t\t  <a  href=\"https:\/\/blogs.nabu.de\/naturschaetze-retten\/nervenkrieg\/\"  >\n\t\t\t\t\t\t\t\t\t  <div class=\"yuzo-img-wrap \" style=\"width: 125px;height:90px;\">\n\t\t\t\t\t\t\t\t\t\t\n\t\t\t\t\t\t\t\t\t\t<div class=\"yuzo-img\" style=\"background:url('https:\/\/blogs.nabu.de\/naturschaetze-retten\/wp-content\/uploads\/sites\/3\/2016\/12\/Wei\u00dfspitzenhochseehai_Autor_Raimund-Paris-340x226.jpg') 50% 50% no-repeat;width: 125px;height:90px;margin-bottom: 5px;background-size: cover; \"><\/div>\n\t\t\t\t\t\t\t\t\t  <\/div>\n\t\t\t\t\t\t\t\t\t  \n\t\t\t\t\t\t\t\t   <span class=\"yuzo__text--title\" style=\"font-size:13px;\">COP-Corner: Die Seeschlacht von Canc\u00fan<\/span>\n\t\t\t\t\t\t\t  \n\t\t\t\t\t\t\t  \n\t\t\t\t\t\t\t  <\/a>\n\n\t\t\t\t\t\t  <\/div>\n\t\t\t\t\t\t  <div class=\"relatedthumb \" style=\"width:125px;float:left;overflow:hidden;\">  \n\t\t\t\t\t\t\t  \n\t\t\t\t\t\t\t  <a  href=\"https:\/\/blogs.nabu.de\/naturschaetze-retten\/g7_fuer_natur\/\"  >\n\t\t\t\t\t\t\t\t\t  <div class=\"yuzo-img-wrap \" style=\"width: 125px;height:90px;\">\n\t\t\t\t\t\t\t\t\t\t\n\t\t\t\t\t\t\t\t\t\t<div class=\"yuzo-img\" style=\"background:url('https:\/\/blogs.nabu.de\/naturschaetze-retten\/wp-content\/uploads\/sites\/3\/2022\/02\/G7_BMUV_BMWK-340x226.png') 50% 50% no-repeat;width: 125px;height:90px;margin-bottom: 5px;background-size: cover; \"><\/div>\n\t\t\t\t\t\t\t\t\t  <\/div>\n\t\t\t\t\t\t\t\t\t  \n\t\t\t\t\t\t\t\t   <span class=\"yuzo__text--title\" style=\"font-size:13px;\">Deutsche G7-Pr\u00e4sidentschaft: Eine Chance f\u00fcr Natur...<\/span>\n\t\t\t\t\t\t\t  \n\t\t\t\t\t\t\t  \n\t\t\t\t\t\t\t  <\/a>\n\n\t\t\t\t\t\t  <\/div>\n\t\t\t\t\t\t  <div class=\"relatedthumb \" style=\"width:125px;float:left;overflow:hidden;\">  \n\t\t\t\t\t\t\t  \n\t\t\t\t\t\t\t  <a  href=\"https:\/\/blogs.nabu.de\/naturschaetze-retten\/naturealert-kommission-veroeffentlicht-aktionsplan\/\"  >\n\t\t\t\t\t\t\t\t\t  <div class=\"yuzo-img-wrap \" style=\"width: 125px;height:90px;\">\n\t\t\t\t\t\t\t\t\t\t\n\t\t\t\t\t\t\t\t\t\t<div class=\"yuzo-img\" style=\"background:url('https:\/\/blogs.nabu.de\/naturschaetze-retten\/wp-content\/uploads\/sites\/3\/2016\/09\/Eisvogel_Tom-Dove-340x226.jpg') 50% 50% no-repeat;width: 125px;height:90px;margin-bottom: 5px;background-size: cover; \"><\/div>\n\t\t\t\t\t\t\t\t\t  <\/div>\n\t\t\t\t\t\t\t\t\t  \n\t\t\t\t\t\t\t\t   <span class=\"yuzo__text--title\" style=\"font-size:13px;\">#NatureAlert: Kommission ver\u00f6ffentlicht Aktionspla...<\/span>\n\t\t\t\t\t\t\t  \n\t\t\t\t\t\t\t  \n\t\t\t\t\t\t\t  <\/a>\n\n\t\t\t\t\t\t  <\/div>\n<\/div> <style>\n\t\t\t\t\t\t\t\t.yuzo_related_post img{width:120px !important; height:110px !important;}\n\t\t\t\t\t\t\t\t.yuzo_related_post .relatedthumb{line-height:15px;background: !important;color:!important;}\n\t\t\t\t\t\t\t\t.yuzo_related_post .relatedthumb:hover{background:#fcfcf4 !important; -webkit-transition: background 0.2s linear; -moz-transition: background 0.2s linear; -o-transition: background 0.2s linear; transition: background 0.2s linear;;color:!important;}\n\t\t\t\t\t\t\t\t.yuzo_related_post .relatedthumb a{color:!important;}\n\t\t\t\t\t\t\t\t.yuzo_related_post .relatedthumb a:hover{ color:}!important;}\n\t\t\t\t\t\t\t\t.yuzo_related_post .relatedthumb:hover a{ color:!important;}\n\t\t\t\t\t\t\t\t.yuzo_related_post .yuzo_text {color:!important;}\n\t\t\t\t\t\t\t\t.yuzo_related_post .relatedthumb:hover .yuzo_text {color:!important;}\n\t\t\t\t\t\t\t\t.yuzo_related_post .relatedthumb{  margin: 0px  0px  0px  0px;   padding: 5px  5px  5px  5px;  }\n\t\t\t\t\t\t\t\t\n\t\t\t\t\t\t\t\t<\/style> <script>\n\t\t\t\t\t\t  jQuery(document).ready(function( $ ){\n\t\t\t\t\t\t\t\/\/jQuery('.yuzo_related_post').equalizer({ overflow : 'relatedthumb' });\n\t\t\t\t\t\t\tjQuery('.yuzo_related_post .yuzo_wraps').equalizer({ columns : '> div' });\n\t\t\t\t\t\t   })\n\t\t\t\t\t\t  <\/script> <!-- End Yuzo :) -->","protected":false},"excerpt":{"rendered":"<p>\u00a0 05.10.2020 Am Vorabend der Entscheidung auf europ\u00e4ischer Ebene zur Gemeinsamen Agrarpolitik (GAP), laden wir ein zu einer virtuellen Buchvorstellung und Diskussion am 13.10. um 13:00 Uhr. Dort [&hellip;]<\/p>\n","protected":false},"author":90,"featured_media":5709,"comment_status":"open","ping_status":"closed","sticky":false,"template":"","format":"standard","meta":{"jetpack_post_was_ever_published":false},"categories":[66,107,1],"tags":[133,197,18,29,198],"jetpack_featured_media_url":"https:\/\/blogs.nabu.de\/naturschaetze-retten\/wp-content\/uploads\/sites\/3\/2020\/10\/Eventbrite-Header.png","jetpack-related-posts":[{"id":5719,"url":"https:\/\/blogs.nabu.de\/naturschaetze-retten\/rezept-fuer-die-rettung-der-arten-in-der-agrarlandschaft\/","url_meta":{"origin":5696,"position":0},"title":"NABU-GAP-Ticker: Experten kennen ein Rezept f\u00fcr die Rettung der Arten in der Agrarlandschaft","date":"14. Oktober 2020","format":false,"excerpt":"14.10.2020 Am Vorabend der Entscheidung auf europ\u00e4ischer Ebene zur Gemeinsamen Agrarpolitik (GAP), veranstaltete der NABU eine virtuelle Buchvorstellung und Diskussion: \u201eSicherung der Biodiversit\u00e4t in der Agrarlandschaft\u201c. Dort haben wir zusammen mit Dr. Rainer Oppermann vom Institut f\u00fcr Agrar\u00f6kologie und Biodiversit\u00e4t (ifab), MdEP Martin H\u00e4usling und Herrn Wolfram G\u00fcthler vom Bayrischen\u2026","rel":"","context":"In &quot;NABU-Agrar-Blog&quot;","img":{"alt_text":"","src":"https:\/\/i0.wp.com\/blogs.nabu.de\/naturschaetze-retten\/wp-content\/uploads\/sites\/3\/2020\/10\/Buchvorstellung-1.png?resize=350%2C200&ssl=1","width":350,"height":200},"classes":[]},{"id":5449,"url":"https:\/\/blogs.nabu.de\/naturschaetze-retten\/nabu-gap-ticker-backhaus-spd\/","url_meta":{"origin":5696,"position":1},"title":"NABU-GAP-Ticker: Backhaus macht einen ersten Schritt f\u00fcr mehr \u201eSpace for Nature\u201c in der Agrarlandschaft","date":"15. Mai 2020","format":false,"excerpt":"\u00a0 Laut eines Topagrar-Berichts stellte Mecklenburg-Vorpommerns Landwirtschaftsminister Dr. Till Backhaus (SPD) im Agrarausschuss des Landtages Mecklenburg-Vorpommern eine \u00c4nderung f\u00fcr Landpachtvertr\u00e4ge vor, die ab Herbst gelten solle. Darin ist vorgesehen, einen Anteil von 10 Prozent der vom Land verpachteten Fl\u00e4chen aus der landwirtschaftlichen Produktion zu nehmen. Dies entspr\u00e4che im Grunde einer\u2026","rel":"","context":"In &quot;NABU-Agrar-Blog&quot;","img":{"alt_text":"","src":"","width":0,"height":0},"classes":[]},{"id":5429,"url":"https:\/\/blogs.nabu.de\/naturschaetze-retten\/europaeische-kommission-bericht-biodiversitaet-besser-werden\/","url_meta":{"origin":5696,"position":2},"title":"NABU-GAP-Ticker: Europ\u00e4ische Kommission stellt fest: Neue GAP muss bei Biodiversit\u00e4t besser werden","date":"16. April 2020","format":false,"excerpt":"Am 27. M\u00e4rz ver\u00f6ffentlichte die Europ\u00e4ische Kommission ihren Bericht zum Einfluss der Gemeinsamen Agrarpolitik (GAP) auf den Schutz der Biodiversit\u00e4t. Dieser macht ein weiteres Mal deutlich, wie sehr die Agrarpolitik der EU dabei versagt, den Natur- und Umweltschutz zu integrieren und zu st\u00e4rken. Aktuell treffen die Mitgliedsstaaten der EU ihre\u2026","rel":"","context":"In &quot;NABU-Agrar-Blog&quot;","img":{"alt_text":"","src":"","width":0,"height":0},"classes":[]},{"id":8087,"url":"https:\/\/blogs.nabu.de\/naturschaetze-retten\/bauernproteste-bauernproteste-agrarpaket-keine-brache-mehr-aber-neue-oekoregelungen-in-der-gemeinsamen-agrarpolitik-gap\/","url_meta":{"origin":5696,"position":3},"title":"Bauernproteste, Agrarpaket: Keine Brache mehr, aber neue \u00d6koregelungen in der Gemeinsamen Agrarpolitik","date":"1. August 2024","format":false,"excerpt":"Am 5. Juli hat der Bundestag das sogenannte Agrarpaket beschlossen. Dazu geh\u00f6ren neben der steuerlichen Gewinngl\u00e4ttung, dem Agrarorganisationen- und Lieferkettengesetz (AgrarOLkG) auch \u00c4nderungen im Nationalen Strategieplan der Gemeinsamen Agrarpolitik (GAP). Das Agrarpaket ist die Antwort der Bundesregierung auf die Bauernproteste Anfang des Jahres. Den Landwirt*innen wurden damals von der Politik\u2026","rel":"","context":"In &quot;Landwirtschaft &amp; Ern\u00e4hrung&quot;","img":{"alt_text":"","src":"https:\/\/i0.wp.com\/blogs.nabu.de\/naturschaetze-retten\/wp-content\/uploads\/sites\/3\/2024\/08\/IMG_1130-1024x768.jpg?resize=350%2C200&ssl=1","width":350,"height":200},"classes":[]},{"id":6908,"url":"https:\/\/blogs.nabu.de\/naturschaetze-retten\/birdlife-eeb-nabu-report-schlechtes-zeugnis-fuer-17-strategieplaene-der-gemeinsamen-agrarpolitik-gap\/","url_meta":{"origin":5696,"position":4},"title":"BirdLife\/EEB\/NABU-Report: Schlechtes Zeugnis f\u00fcr 17 Strategiepl\u00e4ne der Gemeinsamen Agrarpolitik (GAP)\u00a0","date":"9. Dezember 2022","format":false,"excerpt":"\u00a0 Eine umfassende Auswertung von 17 Nationalen Strategiepl\u00e4nen der Gemeinsamen Agrarpolitik stellt der GAP-Reform ein schlechtes Zeugnis aus. Insgesamt sind zwar einige Verbesserungen im Umweltbereich erkennbar, sie reichen aber noch lange nicht f\u00fcr die notwendige Transformation des Sektors zur Erreichung nationaler und internationaler Umwelt- und Klimaschutzziele. Kurz gesagt: viel zu\u2026","rel":"","context":"In &quot;Landwirtschaft &amp; Ern\u00e4hrung&quot;","img":{"alt_text":"","src":"https:\/\/i0.wp.com\/blogs.nabu.de\/naturschaetze-retten\/wp-content\/uploads\/sites\/3\/2022\/12\/Bild2.png?resize=350%2C200&ssl=1","width":350,"height":200},"classes":[]},{"id":5513,"url":"https:\/\/blogs.nabu.de\/naturschaetze-retten\/rechnungshofgap\/","url_meta":{"origin":5696,"position":5},"title":"GAP Ticker: Bericht vom EU Rechnungshof: H\u00f6chste Zeit f\u00fcr Natur in der GAP","date":"5. Juni 2020","format":false,"excerpt":"05.06.2020. Heute ist der Weltumwelttag mit dem Motto\u201eTime for Nature\u201c (Zeit f\u00fcr Natur). Deutschland und Kolumbien sind die Partner f\u00fcr die Organisation des diesj\u00e4hrigen Umwelttages. Daher passt es, dass ausgerechnet heute der EU Rechnungshof seinen\u00a0Bericht\u00a0zur Biodiversit\u00e4t landwirtschaftlicher Nutzfl\u00e4chen ver\u00f6ffentlicht hat. Darin wird erneut klar und deutlich darstellt, dass die abnehmende\u2026","rel":"","context":"In &quot;NABU-Agrar-Blog&quot;","img":{"alt_text":"","src":"https:\/\/i0.wp.com\/blogs.nabu.de\/naturschaetze-retten\/wp-content\/uploads\/sites\/3\/2016\/02\/berlaymont-Foto-EU.jpg?resize=350%2C200&ssl=1","width":350,"height":200},"classes":[]}],"jetpack_shortlink":"https:\/\/wp.me\/p67kDA-1tS","_links":{"self":[{"href":"https:\/\/blogs.nabu.de\/naturschaetze-retten\/wp-json\/wp\/v2\/posts\/5696"}],"collection":[{"href":"https:\/\/blogs.nabu.de\/naturschaetze-retten\/wp-json\/wp\/v2\/posts"}],"about":[{"href":"https:\/\/blogs.nabu.de\/naturschaetze-retten\/wp-json\/wp\/v2\/types\/post"}],"author":[{"embeddable":true,"href":"https:\/\/blogs.nabu.de\/naturschaetze-retten\/wp-json\/wp\/v2\/users\/90"}],"replies":[{"embeddable":true,"href":"https:\/\/blogs.nabu.de\/naturschaetze-retten\/wp-json\/wp\/v2\/comments?post=5696"}],"version-history":[{"count":9,"href":"https:\/\/blogs.nabu.de\/naturschaetze-retten\/wp-json\/wp\/v2\/posts\/5696\/revisions"}],"predecessor-version":[{"id":5711,"href":"https:\/\/blogs.nabu.de\/naturschaetze-retten\/wp-json\/wp\/v2\/posts\/5696\/revisions\/5711"}],"wp:featuredmedia":[{"embeddable":true,"href":"https:\/\/blogs.nabu.de\/naturschaetze-retten\/wp-json\/wp\/v2\/media\/5709"}],"wp:attachment":[{"href":"https:\/\/blogs.nabu.de\/naturschaetze-retten\/wp-json\/wp\/v2\/media?parent=5696"}],"wp:term":[{"taxonomy":"category","embeddable":true,"href":"https:\/\/blogs.nabu.de\/naturschaetze-retten\/wp-json\/wp\/v2\/categories?post=5696"},{"taxonomy":"post_tag","embeddable":true,"href":"https:\/\/blogs.nabu.de\/naturschaetze-retten\/wp-json\/wp\/v2\/tags?post=5696"}],"curies":[{"name":"wp","href":"https:\/\/api.w.org\/{rel}","templated":true}]}}