{"id":5655,"date":"2020-09-24T17:10:48","date_gmt":"2020-09-24T15:10:48","guid":{"rendered":"http:\/\/blogs.nabu.de\/naturschaetze-retten\/?p=5655"},"modified":"2020-09-25T09:38:35","modified_gmt":"2020-09-25T07:38:35","slug":"amk","status":"publish","type":"post","link":"https:\/\/blogs.nabu.de\/naturschaetze-retten\/amk\/","title":{"rendered":"NABU-GAP-Ticker: Verb\u00e4nde fordern die Agrarministerkonferenz zum Systemwechsel auf"},"content":{"rendered":"<p><img data-attachment-id=\"3888\" data-permalink=\"https:\/\/blogs.nabu.de\/naturschaetze-retten\/gap-ticker-2018-06-01\/gap_ticker_head_schmal\/\" data-orig-file=\"https:\/\/blogs.nabu.de\/naturschaetze-retten\/wp-content\/uploads\/sites\/3\/2018\/06\/Gap_Ticker_Head_schmal.jpg\" data-orig-size=\"750,150\" data-comments-opened=\"1\" data-image-meta=\"{&quot;aperture&quot;:&quot;0&quot;,&quot;credit&quot;:&quot;&quot;,&quot;camera&quot;:&quot;&quot;,&quot;caption&quot;:&quot;&quot;,&quot;created_timestamp&quot;:&quot;0&quot;,&quot;copyright&quot;:&quot;&quot;,&quot;focal_length&quot;:&quot;0&quot;,&quot;iso&quot;:&quot;0&quot;,&quot;shutter_speed&quot;:&quot;0&quot;,&quot;title&quot;:&quot;&quot;,&quot;orientation&quot;:&quot;1&quot;}\" data-image-title=\"Gap_Ticker_Head_schmal\" data-image-description=\"\" data-image-caption=\"&lt;p&gt;NABU-GAP-Ticker&lt;\/p&gt;\n\" data-medium-file=\"https:\/\/blogs.nabu.de\/naturschaetze-retten\/wp-content\/uploads\/sites\/3\/2018\/06\/Gap_Ticker_Head_schmal-300x60.jpg\" data-large-file=\"https:\/\/blogs.nabu.de\/naturschaetze-retten\/wp-content\/uploads\/sites\/3\/2018\/06\/Gap_Ticker_Head_schmal.jpg\" decoding=\"async\" loading=\"lazy\" class=\"size-full wp-image-3888\" src=\"https:\/\/blogs.nabu.de\/naturschaetze-retten\/wp-content\/uploads\/sites\/3\/2018\/06\/Gap_Ticker_Head_schmal.jpg\" alt=\"\" width=\"750\" height=\"150\" \/><\/p>\n<p><strong>24.09.2020<\/strong> Diese Woche tagten die europ\u00e4ischen Agrarminister*innen und die deutschen Agrarminister*innen und Senator*innen des Bundes und der L\u00e4nder. Auf dieser Agrarministerkonferenz (AMK) in Weiskirchen (Saarland) wird heute Abend und am Freitag viel diskutiert. Auf der Agenda stehen auch Tagesordnungspunkte mit direkter Relevanz zur Gemeinsamen Agrarpolitik (GAP). Zum Beispiel zum Thema Gr\u00fcne Architektur der GAP nach 2020. Eine Bund-L\u00e4nder-Arbeitsgruppe (BLAG) der AMK Namens \u201eWeiterentwicklung der GAP\u201c wurde mit der Vorbereitung der nationalen Ausgestaltung der Gr\u00fcnen Architektur und anderen GAP Elementen beauftragt. Inhaltliche Punkte zum Papier der BLAG sind leider noch nicht bekannt.<!--more--><\/p>\n<p>Vorher hatten die Verb\u00e4nde der Agrarplattform in einer gemeinsamen <a href=\"https:\/\/www.abl-ev.de\/uploads\/media\/2020-09-18_Verb%C3%A4nde-Plattform_ruft_MinisterInnen_zu_mutigem_Systemwechsel_in_GAP_auf_Plattform_f%C3%BCr_AMK.pdf\">Stellungnahme<\/a> zum mutigem Systemwechsel in der EU-Agrarpolitik aufgerufen. In dieser Stellungnahme wird detaillierter auf die Eco-Schemes eingegangen und erl\u00e4utert wie man diese in Deutschland gestalten kann. Dabei wurden die wichtigsten Punkte f\u00fcr die Gr\u00fcne Architektur dargestellt. Hier die wichtigsten Elemente in der Kurzfassung:<\/p>\n<p><strong>1.Die M\u00f6glichkeiten der Eco-Schemes sollten erkannt und genutzt werden: <\/strong>die Verb\u00e4nde sehen die Eco-Schemes als eine Chance, besonders da sie Bestandteil der 1. S\u00e4ule sind und damit die M\u00f6glichkeit bieten, die Ma\u00dfnahmen des Umwelt-und Klimaschutzes noch breiter in der Agrarfl\u00e4che zu verankern. Aus Sicht der Verb\u00e4nde kommt es nun darauf an, die Eco-Schemes so zu gestalten, dass die Bereitstellung von Gemeinwohlleistungen durch B\u00e4uerinnen und Bauern zu einer gewinnbringenden Komponente landwirtschaftlicher Betriebe wird.<\/p>\n<p><strong>2.Vielf\u00e4ltige Eco-Schemes f\u00fcr fl\u00e4chendeckend vielf\u00e4ltige Betriebe: <\/strong>Hierunter gibt es unterschiedliche Ideen f\u00fcr wirksame Eco-Schemes. Zum Beispiel Extensive Weidetierhaltung, Anlage von Licht\u00e4ckern, Getreideanbau, und Anlage von Bl\u00fch-und N\u00fctzlingsstreifen k\u00f6nnten als Eco-Schemes in Deutschland einen Beitrag zur Nachhaltigkeit des Systems liefern.<\/p>\n<p><strong>3.Eco-Schemes wirksam und f<\/strong><strong>l\u00e4chenbezogen umsetzen: <\/strong>F\u00fcr die Wirksamkeit, der Eco-Schemes ist der Fl\u00e4chenbezug wichtig. Die M\u00f6glichkeiten der mehrj\u00e4hrigen Ma\u00dfnahmen sollten genutzt und honoriert werden. Dabei sollte die Umsetzung m\u00f6glichst viele Ma\u00dfnahmen pro Betrieb attraktiv machen.<\/p>\n<p><strong>4.Eco-Scheme sin die Gr\u00fcne Architektur einbetten. <\/strong>Nat\u00fcrlich k\u00f6nnen diese Ma\u00dfnahmen alleine keinen gro\u00dfen Unterschied machen. Daf\u00fcr braucht es ein Gesamtpacket in dem das Ambitionsniveau der GAP bereits in der Konditionalit\u00e4t verdeutlicht werden muss. Daf\u00fcr sollte die 2. S\u00e4ule samt Wiederaufbaufonds, konsequent auf Umwelt-, Klima- und Tierschutz ausgerichtet werde.<\/p>\n<p>Im Verb\u00e4ndegespr\u00e4ch heute Morgen brachte Agrarminister Dr. Till Backhaus (SPD) aus Mecklenburg-Vorpommern es auf den Punkt, als er sagte, dass sich alle Beteiligten klar machen m\u00fcssten, dass das was derzeit auf deutschen Feldern und in deutschen St\u00e4llen produziert werde, nicht kostendeckend sei &#8211; und wir gleichzeitig vor den Herausforderungen des Klimawandels, des Artenr\u00fcckganges und des H\u00f6festerbens st\u00fcnden. Mit dem derzeitigen Status Quo &#8211; speziell dem der GAP &#8211; w\u00e4ren all diese Herausforderungen nicht zu meistern. Der NABU als Teil der Verb\u00e4ndeplattform erhofft sich, dass alle Agrarminister den Systemwechsel in der EU-Agrarpolitik als notwendig sehen und aus dem Plattformpapier noch gute Ideen f\u00fcr die Umsetzung ziehen k\u00f6nnen.<\/p>\n<p>&nbsp;<\/p>\n<blockquote>\n<h3><strong><em>Der NABU-GAP-Ticker<\/em><\/strong><\/h3>\n<p><em>Was steht auf dem Spiel f\u00fcr Insekten, Bauernh\u00f6fe und unsere l\u00e4ndlichen R\u00e4ume? Was sagt Julia Kl\u00f6ckner in Br\u00fcssel? Wie stimmen unsere Abgeordneten ab? Was passiert hinter den Kullissen? Im NABU-GAP-Ticker informieren wir \u00fcber die Verhandlungen zur k\u00fcnftigen EU-Agrarpolitik \u2013 denn wir meinen, die Zeit der Hinterzimmerdeals ist vorbei. Es geht um viel \u2013 und die \u00d6ffentlichkeit hat ein Recht zu wissen, wie der Milliardenpoker um die Gemeinsame Agrarpolitik der EU abl\u00e4uft. Abonnieren Sie diesen Blog um auf dem Laufenden zu bleiben, stellen Sie Fragen und diskutieren Sie mit uns \u00fcber die Kommentarfunktion. Hintergrundinfos auf <a href=\"http:\/\/www.NeueAgrarpolitik.eu\" target=\"_blank\" rel=\"noopener\">www.NABU.de\/Agrarreform2021<\/a>. Folgen Sie uns auch auf Twitter: <a href=\"https:\/\/twitter.com\/NABU_Biodiv\" target=\"_blank\" rel=\"noopener\">@NABU_biodiv<\/a> \u2013 <a href=\"https:\/\/twitter.com\/hashtag\/FutureofCAP\" target=\"_blank\" rel=\"noopener\">#FutureOfCAP<\/a><\/em><\/p><\/blockquote>\n<p>Titelfoto: Europ\u00e4ische Union 2013<\/p>\n<!-- Begin Yuzo --><div class='yuzo_related_post style-1'  data-version='5.12.74'><!-- without result --><div class='yuzo_clearfixed yuzo__title yuzo__title'><h3>Das k\u00f6nnte Sie auch interessieren<\/h3><\/div>\n\t\t\t\t\t\t  <div class=\"relatedthumb \" style=\"width:125px;float:left;overflow:hidden;\">  \n\t\t\t\t\t\t\t  \n\t\t\t\t\t\t\t  <a  href=\"https:\/\/blogs.nabu.de\/naturschaetze-retten\/nabu-gap-ticker-systemwechse\/\"  >\n\t\t\t\t\t\t\t\t\t  <div class=\"yuzo-img-wrap \" style=\"width: 125px;height:90px;\">\n\t\t\t\t\t\t\t\t\t\t\n\t\t\t\t\t\t\t\t\t\t<div class=\"yuzo-img\" style=\"background:url('https:\/\/blogs.nabu.de\/naturschaetze-retten\/wp-content\/uploads\/sites\/3\/2018\/06\/nabu-agrar-ticker-340x226.jpg') 50% 50% no-repeat;width: 125px;height:90px;margin-bottom: 5px;background-size: cover; \"><\/div>\n\t\t\t\t\t\t\t\t\t  <\/div>\n\t\t\t\t\t\t\t\t\t  \n\t\t\t\t\t\t\t\t   <span class=\"yuzo__text--title\" style=\"font-size:13px;\">NABU-GAP-Ticker: Systemwechsel?  \u2013 Von wegen...<\/span>\n\t\t\t\t\t\t\t  \n\t\t\t\t\t\t\t  \n\t\t\t\t\t\t\t  <\/a>\n\n\t\t\t\t\t\t  <\/div>\n\t\t\t\t\t\t  <div class=\"relatedthumb \" style=\"width:125px;float:left;overflow:hidden;\">  \n\t\t\t\t\t\t\t  \n\t\t\t\t\t\t\t  <a  href=\"https:\/\/blogs.nabu.de\/naturschaetze-retten\/gewaesserschutz-oder\/\"  >\n\t\t\t\t\t\t\t\t\t  <div class=\"yuzo-img-wrap \" style=\"width: 125px;height:90px;\">\n\t\t\t\t\t\t\t\t\t\t\n\t\t\t\t\t\t\t\t\t\t<div class=\"yuzo-img\" style=\"background:url('https:\/\/blogs.nabu.de\/naturschaetze-retten\/wp-content\/uploads\/sites\/3\/2023\/12\/Foto-Blogartikel-Oder_Stadtbruecke-Frankfurt-Oder-Slubice_Norman-Ebert-340x226.jpg') 50% 50% no-repeat;width: 125px;height:90px;margin-bottom: 5px;background-size: cover; \"><\/div>\n\t\t\t\t\t\t\t\t\t  <\/div>\n\t\t\t\t\t\t\t\t\t  \n\t\t\t\t\t\t\t\t   <span class=\"yuzo__text--title\" style=\"font-size:13px;\">Gew\u00e4sserschutz: Warum Kooperation auf allen Ebenen...<\/span>\n\t\t\t\t\t\t\t  \n\t\t\t\t\t\t\t  \n\t\t\t\t\t\t\t  <\/a>\n\n\t\t\t\t\t\t  <\/div>\n\t\t\t\t\t\t  <div class=\"relatedthumb \" style=\"width:125px;float:left;overflow:hidden;\">  \n\t\t\t\t\t\t\t  \n\t\t\t\t\t\t\t  <a  href=\"https:\/\/blogs.nabu.de\/naturschaetze-retten\/aarhus-konsultation\/\"  >\n\t\t\t\t\t\t\t\t\t  <div class=\"yuzo-img-wrap \" style=\"width: 125px;height:90px;\">\n\t\t\t\t\t\t\t\t\t\t\n\t\t\t\t\t\t\t\t\t\t<div class=\"yuzo-img\" style=\"background:url('https:\/\/blogs.nabu.de\/naturschaetze-retten\/wp-content\/uploads\/sites\/3\/2018\/07\/Justicia-340x226.jpg') 50% 50% no-repeat;width: 125px;height:90px;margin-bottom: 5px;background-size: cover; \"><\/div>\n\t\t\t\t\t\t\t\t\t  <\/div>\n\t\t\t\t\t\t\t\t\t  \n\t\t\t\t\t\t\t\t   <span class=\"yuzo__text--title\" style=\"font-size:13px;\">Verbandsklage: auch EU muss Aarhus umsetzen<\/span>\n\t\t\t\t\t\t\t  \n\t\t\t\t\t\t\t  \n\t\t\t\t\t\t\t  <\/a>\n\n\t\t\t\t\t\t  <\/div>\n\t\t\t\t\t\t  <div class=\"relatedthumb \" style=\"width:125px;float:left;overflow:hidden;\">  \n\t\t\t\t\t\t\t  \n\t\t\t\t\t\t\t  <a  href=\"https:\/\/blogs.nabu.de\/naturschaetze-retten\/wegfall-der-brache-studie-belegt-rueckschritt-fuer-den-naturschutz\/\"  >\n\t\t\t\t\t\t\t\t\t  <div class=\"yuzo-img-wrap \" style=\"width: 125px;height:90px;\">\n\t\t\t\t\t\t\t\t\t\t\n\t\t\t\t\t\t\t\t\t\t<div class=\"yuzo-img\" style=\"background:url('https:\/\/blogs.nabu.de\/naturschaetze-retten\/wp-content\/uploads\/sites\/3\/2024\/11\/Rebhuhn-Jan-Piecha-5-340x226.jpg') 50% 50% no-repeat;width: 125px;height:90px;margin-bottom: 5px;background-size: cover; \"><\/div>\n\t\t\t\t\t\t\t\t\t  <\/div>\n\t\t\t\t\t\t\t\t\t  \n\t\t\t\t\t\t\t\t   <span class=\"yuzo__text--title\" style=\"font-size:13px;\">Wegfall der Brache \u2013 Studie belegt R\u00fcckschritt f\u00fcr...<\/span>\n\t\t\t\t\t\t\t  \n\t\t\t\t\t\t\t  \n\t\t\t\t\t\t\t  <\/a>\n\n\t\t\t\t\t\t  <\/div>\n<\/div> <style>\n\t\t\t\t\t\t\t\t.yuzo_related_post img{width:120px !important; height:110px !important;}\n\t\t\t\t\t\t\t\t.yuzo_related_post .relatedthumb{line-height:15px;background: !important;color:!important;}\n\t\t\t\t\t\t\t\t.yuzo_related_post .relatedthumb:hover{background:#fcfcf4 !important; -webkit-transition: background 0.2s linear; -moz-transition: background 0.2s linear; -o-transition: background 0.2s linear; transition: background 0.2s linear;;color:!important;}\n\t\t\t\t\t\t\t\t.yuzo_related_post .relatedthumb a{color:!important;}\n\t\t\t\t\t\t\t\t.yuzo_related_post .relatedthumb a:hover{ color:}!important;}\n\t\t\t\t\t\t\t\t.yuzo_related_post .relatedthumb:hover a{ color:!important;}\n\t\t\t\t\t\t\t\t.yuzo_related_post .yuzo_text {color:!important;}\n\t\t\t\t\t\t\t\t.yuzo_related_post .relatedthumb:hover .yuzo_text {color:!important;}\n\t\t\t\t\t\t\t\t.yuzo_related_post .relatedthumb{  margin: 0px  0px  0px  0px;   padding: 5px  5px  5px  5px;  }\n\t\t\t\t\t\t\t\t\n\t\t\t\t\t\t\t\t<\/style> <script>\n\t\t\t\t\t\t  jQuery(document).ready(function( $ ){\n\t\t\t\t\t\t\t\/\/jQuery('.yuzo_related_post').equalizer({ overflow : 'relatedthumb' });\n\t\t\t\t\t\t\tjQuery('.yuzo_related_post .yuzo_wraps').equalizer({ columns : '> div' });\n\t\t\t\t\t\t   })\n\t\t\t\t\t\t  <\/script> <!-- End Yuzo :) -->","protected":false},"excerpt":{"rendered":"<p>24.09.2020 Diese Woche tagten die europ\u00e4ischen Agrarminister*innen und die deutschen Agrarminister*innen und Senator*innen des Bundes und der L\u00e4nder. Auf dieser Agrarministerkonferenz (AMK) in Weiskirchen (Saarland) wird heute Abend [&hellip;]<\/p>\n","protected":false},"author":90,"featured_media":3821,"comment_status":"open","ping_status":"closed","sticky":false,"template":"","format":"standard","meta":{"jetpack_post_was_ever_published":false},"categories":[107,1],"tags":[192,194,195,159,73,18,170,29,193],"jetpack_featured_media_url":"https:\/\/blogs.nabu.de\/naturschaetze-retten\/wp-content\/uploads\/sites\/3\/2018\/05\/gap_ticker.jpg","jetpack-related-posts":[{"id":5961,"url":"https:\/\/blogs.nabu.de\/naturschaetze-retten\/nabu-gap-ticker-zur-agrarministerkonferenz-viel-streit-um-was-genau\/","url_meta":{"origin":5655,"position":0},"title":"NABU-GAP-Ticker: Zur Agrarministerkonferenz: Viel Streit um \u2013 was genau?","date":"11. Februar 2021","format":false,"excerpt":"11.02.2021: Als \u201eentt\u00e4uschend und ern\u00fcchternd\u201c bezeichnete Bundeslandwirtschaftsministerin Julia Kl\u00f6ckner die Ergebnisse der Sonder-Agrarministerkonferenz (Sonder-AMK) am 5. Februar in ihrem Pressestatement auf der anschlie\u00dfenden Pressekonferenz. Gleichzeitig relativiert sie ihre eigene Rolle: \u201eDer Bund ist nur Gast\u201c. Und tats\u00e4chlich spielt die Bundesebene auf der Sonder-AMK nur eine Nebenrolle. Trotzdem hatte sich Kl\u00f6ckner\u2026","rel":"","context":"In &quot;NABU-Agrar-Blog&quot;","img":{"alt_text":"","src":"https:\/\/i0.wp.com\/blogs.nabu.de\/naturschaetze-retten\/wp-content\/uploads\/sites\/3\/2018\/03\/Kloeckner_Portrait_CDU.jpg?resize=350%2C200&ssl=1","width":350,"height":200},"classes":[]},{"id":4263,"url":"https:\/\/blogs.nabu.de\/naturschaetze-retten\/nabu-gap-ticker-2018-10-01\/","url_meta":{"origin":5655,"position":1},"title":"NABU-GAP-Ticker: Die Bundesl\u00e4nder positionieren sich zur GAP","date":"1. Oktober 2018","format":false,"excerpt":"01. Oktober 2018.\u00a0In der letzen Woche tagte von Mittwoch, den 26. bis Freitag, den 28. September die Agrarministerkonferenz (AMK) im nordrhein-westf\u00e4lischen Bad Sassendorf. Auf diesen Konferenzen diskutieren die Agrarminister und -ministerinnen sowie -senatoren der Bundesl\u00e4nder gemeinsam mit der Bundeslandwirtschaftsministerin regelm\u00e4\u00dfig \u00fcber Themen aus Agrar- und Forstwirtschaft sowie l\u00e4ndliche Entwicklung. Dieses\u2026","rel":"","context":"In &quot;Landwirtschaft &amp; Ern\u00e4hrung&quot;","img":{"alt_text":"","src":"https:\/\/i0.wp.com\/blogs.nabu.de\/naturschaetze-retten\/wp-content\/uploads\/sites\/3\/2018\/06\/nabu-agrar-ticker.jpg?resize=350%2C200&ssl=1","width":350,"height":200},"classes":[]},{"id":6004,"url":"https:\/\/blogs.nabu.de\/naturschaetze-retten\/nabu-gap-ticker-weiteres-treffen-der-agrarministerinnen-ohne-umweltambitionen\/","url_meta":{"origin":5655,"position":2},"title":"NABU-GAP-Ticker: Weiteres Treffen der Agrarminister*innen ohne Umweltambitionen","date":"18. M\u00e4rz 2021","format":false,"excerpt":"18.03.2021: Nochmal versucht, nochmal gescheitert. So l\u00e4sst sich die Sonder-Konferenz von Julia Kl\u00f6ckner und den Agrarminister*innen der L\u00e4nder (AMK) zur Ausgestaltung der EU-Agrarpolitik zusammenfassen, das diese Woche stattfand. Das letzte Treffen im Februar hatte keine Einigung gebracht im Bezug auf die H\u00f6he der Gelder, die f\u00fcr konkrete Naturschutz- und Umweltleistungen\u2026","rel":"","context":"In &quot;Landwirtschaft &amp; Ern\u00e4hrung&quot;","img":{"alt_text":"","src":"https:\/\/i0.wp.com\/blogs.nabu.de\/naturschaetze-retten\/wp-content\/uploads\/sites\/3\/2020\/02\/Untere-Havel-Klemens-Karkow-750.jpg?resize=350%2C200&ssl=1","width":350,"height":200},"classes":[]},{"id":7695,"url":"https:\/\/blogs.nabu.de\/naturschaetze-retten\/agrarpolitik-anpassungen-mit-weitsicht\/","url_meta":{"origin":5655,"position":3},"title":"Gemeinsame Agrarpolitik: Wenig Ambition f\u00fcr Nachbesserungen mit Weitblick","date":"29. Januar 2024","format":false,"excerpt":"Die Reform der Gemeinsamen Agrarpolitik (GAP) ist vor etwas mehr als einem Jahr gestartet und hat ein sehr holpriges erstes Jahr hinter sich. Die ver\u00e4nderte Situation durch den Krieg in der Ukraine und das daraufhin hochgekochte Thema der Ern\u00e4hrungssicherung erschweren die Umsetzung der \u00f6kologischen Ziele in der GAP. Das neu\u2026","rel":"","context":"In &quot;NABU-Agrar-Blog&quot;","img":{"alt_text":"Die Landwirtschaft muss nachhaltiger werden - dass muss durch die GAP gef\u00f6rdert werden.","src":"https:\/\/i0.wp.com\/blogs.nabu.de\/naturschaetze-retten\/wp-content\/uploads\/sites\/3\/2024\/01\/Landschaft-scaled.jpg?resize=350%2C200&ssl=1","width":350,"height":200},"classes":[]},{"id":4070,"url":"https:\/\/blogs.nabu.de\/naturschaetze-retten\/gap-ticker-bund-laender-treffen-in-bruessel-umwelt-und-naturschutz-darf-auf-dem-heimweg-nicht-auf-der-strecke-bleiben\/","url_meta":{"origin":5655,"position":4},"title":"GAP-Ticker: Bund-L\u00e4nder-Treffen in Br\u00fcssel &#8211; Umwelt- und Naturschutz darf auf dem Heimweg nicht auf der Strecke bleiben","date":"11. Juli 2018","format":false,"excerpt":"11. Juli 2018 Anfang der Woche setzte sich eine Karawane bestehend aus der Landesagrarministern und Julia Kl\u00f6ckner nach Br\u00fcssel in Bewegung. Dort trafen die Minister auf EU-Landwirtschafskommissar Phil Hogan und EU-Haushaltskommissar G\u00fcnther Oettinger zu einem ersten Meinungsaustausch zu den Vorschl\u00e4gen der Kommission zur n\u00e4chsten GAP und dem n\u00e4chsten EU-Haushalt nach\u2026","rel":"","context":"In &quot;NABU-Agrar-Blog&quot;","img":{"alt_text":"","src":"https:\/\/i0.wp.com\/blogs.nabu.de\/naturschaetze-retten\/wp-content\/uploads\/sites\/3\/2018\/06\/nabu-agrar-ticker.jpg?resize=350%2C200&ssl=1","width":350,"height":200},"classes":[]},{"id":4314,"url":"https:\/\/blogs.nabu.de\/naturschaetze-retten\/nabu-gap-ticker-2018-10-24\/","url_meta":{"origin":5655,"position":5},"title":"NABU-GAP-Ticker: Mehr Umweltambition bitte! &#8211;  Bundesrat gibt Bundesregierung Auftrag f\u00fcr GAP-Verhandlungen","date":"24. Oktober 2018","format":false,"excerpt":"24. Oktober 2018.\u00a0Am vergangenen Freitag hat der Bundesrat einen Beschluss zu den GAP-Vorschl\u00e4gen der EU-Kommission gefasst und damit einen wichtigen Beitrag f\u00fcr die deutsche Regierungsposition geliefert. Die Forderungen der L\u00e4nder sind als klares Mandat f\u00fcr Agrarministerin Julia Kl\u00f6ckner zu verstehen, sich bei den Verhandlungen in Br\u00fcssel f\u00fcr eine St\u00e4rkung zielgerichteter\u2026","rel":"","context":"In &quot;Landwirtschaft &amp; Ern\u00e4hrung&quot;","img":{"alt_text":"","src":"https:\/\/i0.wp.com\/blogs.nabu.de\/naturschaetze-retten\/wp-content\/uploads\/sites\/3\/2018\/06\/nabu-agrar-ticker.jpg?resize=350%2C200&ssl=1","width":350,"height":200},"classes":[]}],"jetpack_shortlink":"https:\/\/wp.me\/s67kDA-amk","_links":{"self":[{"href":"https:\/\/blogs.nabu.de\/naturschaetze-retten\/wp-json\/wp\/v2\/posts\/5655"}],"collection":[{"href":"https:\/\/blogs.nabu.de\/naturschaetze-retten\/wp-json\/wp\/v2\/posts"}],"about":[{"href":"https:\/\/blogs.nabu.de\/naturschaetze-retten\/wp-json\/wp\/v2\/types\/post"}],"author":[{"embeddable":true,"href":"https:\/\/blogs.nabu.de\/naturschaetze-retten\/wp-json\/wp\/v2\/users\/90"}],"replies":[{"embeddable":true,"href":"https:\/\/blogs.nabu.de\/naturschaetze-retten\/wp-json\/wp\/v2\/comments?post=5655"}],"version-history":[{"count":5,"href":"https:\/\/blogs.nabu.de\/naturschaetze-retten\/wp-json\/wp\/v2\/posts\/5655\/revisions"}],"predecessor-version":[{"id":5660,"href":"https:\/\/blogs.nabu.de\/naturschaetze-retten\/wp-json\/wp\/v2\/posts\/5655\/revisions\/5660"}],"wp:featuredmedia":[{"embeddable":true,"href":"https:\/\/blogs.nabu.de\/naturschaetze-retten\/wp-json\/wp\/v2\/media\/3821"}],"wp:attachment":[{"href":"https:\/\/blogs.nabu.de\/naturschaetze-retten\/wp-json\/wp\/v2\/media?parent=5655"}],"wp:term":[{"taxonomy":"category","embeddable":true,"href":"https:\/\/blogs.nabu.de\/naturschaetze-retten\/wp-json\/wp\/v2\/categories?post=5655"},{"taxonomy":"post_tag","embeddable":true,"href":"https:\/\/blogs.nabu.de\/naturschaetze-retten\/wp-json\/wp\/v2\/tags?post=5655"}],"curies":[{"name":"wp","href":"https:\/\/api.w.org\/{rel}","templated":true}]}}