{"id":4884,"date":"2019-05-22T19:00:49","date_gmt":"2019-05-22T17:00:49","guid":{"rendered":"http:\/\/blogs.nabu.de\/naturschaetze-retten\/?p=4884"},"modified":"2019-05-31T10:53:08","modified_gmt":"2019-05-31T08:53:08","slug":"wie-viel-naturschutz-steckt-in-den-parteiprogrammen","status":"publish","type":"post","link":"https:\/\/blogs.nabu.de\/naturschaetze-retten\/wie-viel-naturschutz-steckt-in-den-parteiprogrammen\/","title":{"rendered":"Wie viel Naturschutz steckt in den Parteiprogrammen?"},"content":{"rendered":"<p><img data-attachment-id=\"996\" data-permalink=\"https:\/\/blogs.nabu.de\/naturschaetze-retten\/naturschaetze-we-3\/berlaymont-foto-eu\/\" data-orig-file=\"https:\/\/blogs.nabu.de\/naturschaetze-retten\/wp-content\/uploads\/sites\/3\/2016\/02\/berlaymont-Foto-EU.jpg\" data-orig-size=\"640,427\" data-comments-opened=\"1\" data-image-meta=\"{&quot;aperture&quot;:&quot;0&quot;,&quot;credit&quot;:&quot;&quot;,&quot;camera&quot;:&quot;&quot;,&quot;caption&quot;:&quot;&quot;,&quot;created_timestamp&quot;:&quot;0&quot;,&quot;copyright&quot;:&quot;&quot;,&quot;focal_length&quot;:&quot;0&quot;,&quot;iso&quot;:&quot;0&quot;,&quot;shutter_speed&quot;:&quot;0&quot;,&quot;title&quot;:&quot;&quot;,&quot;orientation&quot;:&quot;0&quot;}\" data-image-title=\"2016 wird die EU-Kommission \u00fcber das Schicksal des Naturschutzrechts entscheiden. Foto: EU\" data-image-description=\"\" data-image-caption=\"\" data-medium-file=\"https:\/\/blogs.nabu.de\/naturschaetze-retten\/wp-content\/uploads\/sites\/3\/2016\/02\/berlaymont-Foto-EU-300x200.jpg\" data-large-file=\"https:\/\/blogs.nabu.de\/naturschaetze-retten\/wp-content\/uploads\/sites\/3\/2016\/02\/berlaymont-Foto-EU.jpg\" decoding=\"async\" loading=\"lazy\" class=\"size-medium wp-image-996 alignright\" src=\"https:\/\/blogs.nabu.de\/naturschaetze-retten\/wp-content\/uploads\/sites\/3\/2016\/02\/berlaymont-Foto-EU-300x200.jpg\" alt=\"\" width=\"300\" height=\"200\" \/>In aktuellen Umfragen liegen Natur-, Umwelt- und Klimaschutz klar auf Platz 1 der wichtigsten Themen f\u00fcr die Wahlentscheidung der Deutschen bei der anstehenden Europawahl. Knapp die H\u00e4lfte aller B\u00fcrgerinnen und B\u00fcrger geben an, dass diese Themen f\u00fcr die die gr\u00f6\u00dfte Rolle spielen. Im Vergleich zur vergangenen Europawahl in 2014 ist das eine enorme Steigerung. Doch was wollen die Parteien in diesen Bereichen umsetzen?<!--more--><\/p>\n<p>Der NABU hat in den vergangen Wochen bereits mit seinen <a href=\"https:\/\/www.nabu.de\/umwelt-und-ressourcen\/gesellschaft-und-politik\/europa\/wahl2019\/26281.html\" target=\"_blank\" rel=\"noopener\">f\u00fcnf Kernforderungen<\/a> aufgezeigt, welche Probleme und konkreten Themen im Natur-, Umwelt- und Klimaschutz nach der Wahl dringend angegangen werden m\u00fcssen. Anhand dieser Punkte haben wir nun die Wahlprogramme folgender Parteien analysiert: CDU\/CSU, SPD, Gr\u00fcne, Linke, FDP, Freie W\u00e4hler und \u00d6DP. Die Ergebnisse sind teilweise sehr \u00fcberraschend.<\/p>\n<p><a href=\"https:\/\/blogs.nabu.de\/naturschaetze-retten\/wp-content\/uploads\/sites\/3\/2019\/05\/19-05-10-Detaillierter-Wahlprogrammcheck-1.jpg\"><img data-attachment-id=\"4892\" data-permalink=\"https:\/\/blogs.nabu.de\/naturschaetze-retten\/wie-viel-naturschutz-steckt-in-den-parteiprogrammen\/19-05-10-detaillierter-wahlprogrammcheck-2\/\" data-orig-file=\"https:\/\/blogs.nabu.de\/naturschaetze-retten\/wp-content\/uploads\/sites\/3\/2019\/05\/19-05-10-Detaillierter-Wahlprogrammcheck-1.jpg\" data-orig-size=\"800,566\" data-comments-opened=\"1\" data-image-meta=\"{&quot;aperture&quot;:&quot;0&quot;,&quot;credit&quot;:&quot;&quot;,&quot;camera&quot;:&quot;&quot;,&quot;caption&quot;:&quot;&quot;,&quot;created_timestamp&quot;:&quot;0&quot;,&quot;copyright&quot;:&quot;&quot;,&quot;focal_length&quot;:&quot;0&quot;,&quot;iso&quot;:&quot;0&quot;,&quot;shutter_speed&quot;:&quot;0&quot;,&quot;title&quot;:&quot;&quot;,&quot;orientation&quot;:&quot;0&quot;}\" data-image-title=\"19 05 10 Detaillierter Wahlprogrammcheck\" data-image-description=\"\" data-image-caption=\"\" data-medium-file=\"https:\/\/blogs.nabu.de\/naturschaetze-retten\/wp-content\/uploads\/sites\/3\/2019\/05\/19-05-10-Detaillierter-Wahlprogrammcheck-1-300x212.jpg\" data-large-file=\"https:\/\/blogs.nabu.de\/naturschaetze-retten\/wp-content\/uploads\/sites\/3\/2019\/05\/19-05-10-Detaillierter-Wahlprogrammcheck-1.jpg\" decoding=\"async\" loading=\"lazy\" class=\"aligncenter wp-image-4892 size-full\" src=\"https:\/\/blogs.nabu.de\/naturschaetze-retten\/wp-content\/uploads\/sites\/3\/2019\/05\/19-05-10-Detaillierter-Wahlprogrammcheck-1.jpg\" alt=\"\" width=\"800\" height=\"566\" \/><\/a><\/p>\n<p>&nbsp;<\/p>\n<p>&nbsp;<\/p>\n<h4>\u00a0Analyseergebnisse:<\/h4>\n<p>&nbsp;<\/p>\n<ol>\n<li><strong>Wir wollen eine weiter zusammenwachsende EU, die demokratisch, transparent und den globalen Nachhaltigkeitszielen verpflichtet ist.<\/strong><\/li>\n<\/ol>\n<p>Erfreulich zu sehen ist, dass sich so gut wie alle Parteien klar f\u00fcr eine Verpflichtung der EU auf die globalen Nachhaltigkeitsziele (SDGs) aussprechen. Bei der Umsetzung der Aarhus-Konvention \u2013 speziell dem Umweltklage- und Informationsrecht f\u00fcr B\u00fcrger und Zivilgesellschaft \u2013 schweigen die meisten Parteien jedoch.<\/p>\n<p>&nbsp;<\/p>\n<ol start=\"2\">\n<li><strong>Wir wollen eine massive Verst\u00e4rkung der Naturschutzanstrengungen in der ganzen EU und weltweit.<\/strong><\/li>\n<\/ol>\n<p>Hier ist vor allem eine grundlegende Reform der Gemeinsamen Agrarpolitik sowie eine darin enthaltene massive Aufstockung der finanziellen Mittel auf 15 Mrd. EUR j\u00e4hrlich f\u00fcr den Naturschutz notwendig. Konkret fordern das nur die Gr\u00fcnen, w\u00e4hrend Linke, \u00d6DP und SPD zwar eine grundlegende und umweltvertr\u00e4gliche Reform anstreben, aber ohne die H\u00f6he der finanziellen Mittel zu benennen.<\/p>\n<p>Bei transparenteren Pestizidzulassungsverfahren und dem konsequenten Schutz der NATURA 2000 Gebiete geben sich die meisten Parteien schmallippig. Au\u00dfer der CDU \u00e4u\u00dfern sich zwar alle Parteien zu verschiedenen Pestiziden und deren m\u00f6glicher Verbote, \u00fcber eine \u00c4nderung der Zulassungsverfahren sprechen jedoch nur FDP und Gr\u00fcne. Beim Schutz der NATURA 2000 Gebiete finden sich weder im Programm der SPD noch der CDU konkrete Forderungen.<\/p>\n<p>&nbsp;<\/p>\n<ol start=\"3\">\n<li><strong>Wir wollen eine deutliche Versch\u00e4rfung der EU-Klimaschutzziele.<\/strong><\/li>\n<\/ol>\n<p>Die Bedeutung des Klimaschutzes scheint bei den meisten Parteien angekommen zu sein, denn in fast allen Programmen finden wir die Unterst\u00fctzung des Pariser Klima-Abkommens. Bei weitergehenden Forderungen unterscheiden sich die Parteien allerdings wieder. So wollen SPD, Gr\u00fcne, Linke und die FDP bis 2050 eine klimaneutrale EU erreichen. Dass daf\u00fcr nicht nur die Stromversorgung sondern auch Mobilit\u00e4t, Landwirtschaft und der W\u00e4rmesektor umgestellt werden m\u00fcssen und eigene Reduktionsziele brauchen, ist offensichtlich. Lediglich CDU und \u00d6DP erw\u00e4hnen dies nicht in ihren Programmen. Einig sind sich aber alle Parteien, dass CO<sub>2<\/sub> in irgendeiner Weise bepreist werden muss.<\/p>\n<p>&nbsp;<\/p>\n<ol start=\"4\">\n<li><strong>Wir wollen dass die EU unsere Meere und Gew\u00e4sser vor \u00dcberfischung, Verschmutzung und Verm\u00fcllung sch\u00fctzt<\/strong><\/li>\n<\/ol>\n<p>Beim Schutz unserer Meere und Gew\u00e4sser geht es vor allem um eine Reduktion von Schad- und Abfallstoffen (bspw. Plastik), die in die Meere gelangen sowie um den Stopp der \u00dcberfischung unserer Meere. Speziell der Hinweis auf Plastik bzw. Mikroplastik findet sich in allen Parteiprogrammen wieder \u2013 Ma\u00dfnahmen gegen \u00dcberfischung nur bei Gr\u00fcnen, Linken, FDP und \u00d6DP. Zur Umsetzung der Wasserrahmenrichtlinie, die besonders unsere Fl\u00fcsse und Seen in den Fokus nimmt, finden sich nur Aussagen von Linken und Gr\u00fcnen.<\/p>\n<p>&nbsp;<\/p>\n<ol start=\"5\">\n<li><strong>Wir wollen dass die EU Vorreiterin einer ressourcenschonenden Kreislaufwirtschaft wird.<\/strong><\/li>\n<\/ol>\n<p>Im Bereich Ressourcenschonung ergibt sich ein gemischtes Bild, denn viele Parteien machen zu den sehr konkreten Forderungen des NABU keine Angaben. W\u00e4hrend die Reduktion von Plastikm\u00fcll bei den meisten zu finden ist, erw\u00e4hnen viele Programme die Ausweitung der \u00d6kodesignrichtlinie, steuerliche Bevorteilung von Recycling sowie Sharing-Modellen oder die generelle Reduktion von Rohstoffverbrauch pro Einwohner gar nicht.<\/p>\n<p>&nbsp;<\/p>\n<h4><strong>Fazit:<\/strong><\/h4>\n<p>Die Analyse zeigt vor allem zwei Dinge: Natur-, Umwelt- und Klimaschutz sind im Mainstream der Politik angekommen, denn jede Partei widmet diesen Themen mittlerweile eigene Kapitel in ihren Wahlprogrammen. Auf den zweiten Blick zeigt sich jedoch, dass die Parteien sich deutlich unterscheiden, wenn es um konkrete Vorschl\u00e4ge geht, wie die Herausforderungen in diesen Bereichen angegangen werden sollen. Dies ist sicher auch dem Ton der einzelnen Wahlprogramme geschuldet. Einige Parteien schreiben sehr detaillierte Vorschl\u00e4ge auf, w\u00e4hrend andere es bei der Benennung von Problem und Allgemeinpl\u00e4tzen belassen.<\/p>\n<p>Als zus\u00e4tzliche Lekt\u00fcre empfehlen sich daher besonders die <a href=\"https:\/\/www.dnr.de\/eu-koordination\/europawahl-2019\/wahlprogrammanalysen\/wahlpruefsteine\/\" target=\"_blank\" rel=\"noopener\">Wahlpr\u00fcfsteine des Deutschen Naturschutzrings<\/a> (DNR). Hier wurden den Parteien konkrete Fragen zugeschickt, auf die sie detailliert antworten konnten. Dadurch ergibt sich die teilweise deutlich andere Einsch\u00e4tzung des DNR zu den Parteien und ihren Positionen \u2013 speziell im Bereich Klimaschutz.<\/p>\n<p>Am Ende sind beide \u201eChecks\u201c nat\u00fcrlich nur Hilfsmittel und keine Wahlempfehlung. Jede B\u00fcrgerin und jeder B\u00fcrger muss selbst entscheiden, wen sie oder er w\u00e4hlen m\u00f6chte und sicherlich spielen auch noch andere Themen f\u00fcr die Wahlentscheidung eine Rolle.<\/p>\n<p>Interessant wird au\u00dferdem, welche Versprechungen die neu gew\u00e4hlten Abgeordneten nach dem 26. Mai umsetzen werden. Der NABU wird auch die neue Wahlperiode des Europ\u00e4ischen Parlaments und die wichtigen Entscheidungen und Prozesse in der Natur-, Umwelt- und Klimaschutzpolitik auf diesem Blog weiterhin kritisch verfolgen und f\u00fcr Sie aufbereiten.<\/p>\n<p>&nbsp;<\/p>\n<p><a href=\"https:\/\/blogs.nabu.de\/naturschaetze-retten\/wp-content\/uploads\/sites\/3\/2019\/05\/19-05-20-Wahlprogrammcheck-NABU.xlsx\" target=\"_blank\" rel=\"noopener\">Hier<\/a> die komplette Auswertung mit den entsprechenden Passagen aus den Parteiprogrammen.<\/p>\n<!-- Begin Yuzo --><div class='yuzo_related_post style-1'  data-version='5.12.74'><!-- without result --><div class='yuzo_clearfixed yuzo__title yuzo__title'><h3>Das k\u00f6nnte Sie auch interessieren<\/h3><\/div>\n\t\t\t\t\t\t  <div class=\"relatedthumb \" style=\"width:125px;float:left;overflow:hidden;\">  \n\t\t\t\t\t\t\t  \n\t\t\t\t\t\t\t  <a  href=\"https:\/\/blogs.nabu.de\/naturschaetze-retten\/zurueck-auf-anfang-eu-beschliesst-mit-gap-aenderung-weiteren-abbau-von-umweltstandards\/\"  >\n\t\t\t\t\t\t\t\t\t  <div class=\"yuzo-img-wrap \" style=\"width: 125px;height:90px;\">\n\t\t\t\t\t\t\t\t\t\t\n\t\t\t\t\t\t\t\t\t\t<div class=\"yuzo-img\" style=\"background:url('https:\/\/blogs.nabu.de\/naturschaetze-retten\/wp-content\/uploads\/sites\/3\/2025\/10\/2024_Council_By-European-Union-340x226.jpg') 50% 50% no-repeat;width: 125px;height:90px;margin-bottom: 5px;background-size: cover; \"><\/div>\n\t\t\t\t\t\t\t\t\t  <\/div>\n\t\t\t\t\t\t\t\t\t  \n\t\t\t\t\t\t\t\t   <span class=\"yuzo__text--title\" style=\"font-size:13px;\">Zur\u00fcck auf Anfang \u2013 EU beschlie\u00dft mit GAP-\u00c4nderung...<\/span>\n\t\t\t\t\t\t\t  \n\t\t\t\t\t\t\t  \n\t\t\t\t\t\t\t  <\/a>\n\n\t\t\t\t\t\t  <\/div>\n\t\t\t\t\t\t  <div class=\"relatedthumb \" style=\"width:125px;float:left;overflow:hidden;\">  \n\t\t\t\t\t\t\t  \n\t\t\t\t\t\t\t  <a  href=\"https:\/\/blogs.nabu.de\/naturschaetze-retten\/nabu-agrar-blog-nationaler-gap-strategieplan-eingereicht-nachbesserungen-erforderlich\/\"  >\n\t\t\t\t\t\t\t\t\t  <div class=\"yuzo-img-wrap \" style=\"width: 125px;height:90px;\">\n\t\t\t\t\t\t\t\t\t\t\n\t\t\t\t\t\t\t\t\t\t<div class=\"yuzo-img\" style=\"background:url('https:\/\/blogs.nabu.de\/naturschaetze-retten\/wp-content\/uploads\/sites\/3\/2021\/10\/NABU-Agrar-Blog-200-x-200.jpg') 50% 50% no-repeat;width: 125px;height:90px;margin-bottom: 5px;background-size: cover; \"><\/div>\n\t\t\t\t\t\t\t\t\t  <\/div>\n\t\t\t\t\t\t\t\t\t  \n\t\t\t\t\t\t\t\t   <span class=\"yuzo__text--title\" style=\"font-size:13px;\">NABU-Agrar-Blog: Nationaler GAP-Strategieplan eing...<\/span>\n\t\t\t\t\t\t\t  \n\t\t\t\t\t\t\t  \n\t\t\t\t\t\t\t  <\/a>\n\n\t\t\t\t\t\t  <\/div>\n\t\t\t\t\t\t  <div class=\"relatedthumb \" style=\"width:125px;float:left;overflow:hidden;\">  \n\t\t\t\t\t\t\t  \n\t\t\t\t\t\t\t  <a  href=\"https:\/\/blogs.nabu.de\/naturschaetze-retten\/bundesrat-beschliesst-gap-umsetzung-verpasste-chancen-fuer-die-artenvielfalt\/\"  >\n\t\t\t\t\t\t\t\t\t  <div class=\"yuzo-img-wrap \" style=\"width: 125px;height:90px;\">\n\t\t\t\t\t\t\t\t\t\t\n\t\t\t\t\t\t\t\t\t\t<div class=\"yuzo-img\" style=\"background:url('https:\/\/blogs.nabu.de\/naturschaetze-retten\/wp-content\/uploads\/sites\/3\/2021\/10\/NABU_Agrar_Blog_Titel-340x150.jpg') 50% 50% no-repeat;width: 125px;height:90px;margin-bottom: 5px;background-size: cover; \"><\/div>\n\t\t\t\t\t\t\t\t\t  <\/div>\n\t\t\t\t\t\t\t\t\t  \n\t\t\t\t\t\t\t\t   <span class=\"yuzo__text--title\" style=\"font-size:13px;\">Bundesrat beschlie\u00dft GAP-Umsetzung: Verpasste Chan...<\/span>\n\t\t\t\t\t\t\t  \n\t\t\t\t\t\t\t  \n\t\t\t\t\t\t\t  <\/a>\n\n\t\t\t\t\t\t  <\/div>\n\t\t\t\t\t\t  <div class=\"relatedthumb \" style=\"width:125px;float:left;overflow:hidden;\">  \n\t\t\t\t\t\t\t  \n\t\t\t\t\t\t\t  <a  href=\"https:\/\/blogs.nabu.de\/naturschaetze-retten\/nabu-gap-ticker-2018-12-10\/\"  >\n\t\t\t\t\t\t\t\t\t  <div class=\"yuzo-img-wrap \" style=\"width: 125px;height:90px;\">\n\t\t\t\t\t\t\t\t\t\t\n\t\t\t\t\t\t\t\t\t\t<div class=\"yuzo-img\" style=\"background:url('https:\/\/blogs.nabu.de\/naturschaetze-retten\/wp-content\/uploads\/sites\/3\/2018\/06\/nabu-agrar-ticker-340x226.jpg') 50% 50% no-repeat;width: 125px;height:90px;margin-bottom: 5px;background-size: cover; \"><\/div>\n\t\t\t\t\t\t\t\t\t  <\/div>\n\t\t\t\t\t\t\t\t\t  \n\t\t\t\t\t\t\t\t   <span class=\"yuzo__text--title\" style=\"font-size:13px;\">NABU-GAP-Ticker: Was Frau Merkel ihrem Sprechzette...<\/span>\n\t\t\t\t\t\t\t  \n\t\t\t\t\t\t\t  \n\t\t\t\t\t\t\t  <\/a>\n\n\t\t\t\t\t\t  <\/div>\n<\/div> <style>\n\t\t\t\t\t\t\t\t.yuzo_related_post img{width:120px !important; height:110px !important;}\n\t\t\t\t\t\t\t\t.yuzo_related_post .relatedthumb{line-height:15px;background: !important;color:!important;}\n\t\t\t\t\t\t\t\t.yuzo_related_post .relatedthumb:hover{background:#fcfcf4 !important; -webkit-transition: background 0.2s linear; -moz-transition: background 0.2s linear; -o-transition: background 0.2s linear; transition: background 0.2s linear;;color:!important;}\n\t\t\t\t\t\t\t\t.yuzo_related_post .relatedthumb a{color:!important;}\n\t\t\t\t\t\t\t\t.yuzo_related_post .relatedthumb a:hover{ color:}!important;}\n\t\t\t\t\t\t\t\t.yuzo_related_post .relatedthumb:hover a{ color:!important;}\n\t\t\t\t\t\t\t\t.yuzo_related_post .yuzo_text {color:!important;}\n\t\t\t\t\t\t\t\t.yuzo_related_post .relatedthumb:hover .yuzo_text {color:!important;}\n\t\t\t\t\t\t\t\t.yuzo_related_post .relatedthumb{  margin: 0px  0px  0px  0px;   padding: 5px  5px  5px  5px;  }\n\t\t\t\t\t\t\t\t\n\t\t\t\t\t\t\t\t<\/style> <script>\n\t\t\t\t\t\t  jQuery(document).ready(function( $ ){\n\t\t\t\t\t\t\t\/\/jQuery('.yuzo_related_post').equalizer({ overflow : 'relatedthumb' });\n\t\t\t\t\t\t\tjQuery('.yuzo_related_post .yuzo_wraps').equalizer({ columns : '> div' });\n\t\t\t\t\t\t   })\n\t\t\t\t\t\t  <\/script> <!-- End Yuzo :) -->","protected":false},"excerpt":{"rendered":"<p>In aktuellen Umfragen liegen Natur-, Umwelt- und Klimaschutz klar auf Platz 1 der wichtigsten Themen f\u00fcr die Wahlentscheidung der Deutschen bei der anstehenden Europawahl. Knapp die H\u00e4lfte aller [&hellip;]<\/p>\n","protected":false},"author":92,"featured_media":0,"comment_status":"open","ping_status":"closed","sticky":false,"template":"","format":"standard","meta":{"jetpack_post_was_ever_published":false},"categories":[64],"tags":[73,47,126,127,128],"jetpack_featured_media_url":"","jetpack-related-posts":[{"id":6179,"url":"https:\/\/blogs.nabu.de\/naturschaetze-retten\/mehr-lobby-fuer-das-meer\/","url_meta":{"origin":4884,"position":0},"title":"Mehr Lobby f\u00fcr das Meer \u2013 die Wahlprogramme der Parteien im Vergleich","date":"28. Juli 2021","format":"image","excerpt":"Was bringt die Bundestagswahl f\u00fcr die Meere? Ist der Politik der dramatisch schlechte Zustand von Nord- und Ostsee bewusst?","rel":"","context":"In &quot;Bundestagswahl 2021&quot;","img":{"alt_text":"","src":"https:\/\/i0.wp.com\/blogs.nabu.de\/naturschaetze-retten\/wp-content\/uploads\/sites\/3\/2021\/07\/IMG_0914.jpg?resize=350%2C200&ssl=1","width":350,"height":200},"classes":[]},{"id":4898,"url":"https:\/\/blogs.nabu.de\/naturschaetze-retten\/europawahl-analyse\/","url_meta":{"origin":4884,"position":1},"title":"Europawahl: mehr B\u00fcrger votieren f\u00fcr Umweltschutz","date":"27. Mai 2019","format":false,"excerpt":"Die NABU-Analyse am Tag nach der Wahl Die B\u00fcrgerinnen und B\u00fcrger der EU haben gew\u00e4hlt. Zwar k\u00f6nnen wir zum jetzigen Zeitpunkt nicht abschlie\u00dfend beurteilen, was das Wahlergebnis f\u00fcr die Zukunft Europas bedeutet. Nicht absehbar ist vor allem auch, wie sich in den n\u00e4chsten Wochen das Machtgef\u00fcge, die Postenverteilung und die\u2026","rel":"","context":"In &quot;Natursch\u00e4tze.Retten&quot;","img":{"alt_text":"","src":"https:\/\/i0.wp.com\/blogs.nabu.de\/naturschaetze-retten\/wp-content\/uploads\/sites\/3\/2019\/05\/Sharepics_Naturschutz_Twitter_NABU.jpg?resize=350%2C200&ssl=1","width":350,"height":200},"classes":[]},{"id":6141,"url":"https:\/\/blogs.nabu.de\/naturschaetze-retten\/die-wahlprogramme-der-parteien-im-vergleich-agrarpolitik\/","url_meta":{"origin":4884,"position":2},"title":"Die Wahlprogramme der Parteien im Vergleich: Agrarpolitik","date":"9. Juli 2021","format":"image","excerpt":"Klimakrise, Artenschwund, befeuert durch fehlgeleite Politik und Subventionen \u2013 das Agrarsystem krankt. Der NABU fordert die k\u00fcnftige Bundesregierung auf, die GAP-Fl\u00e4chenpr\u00e4mien vollst\u00e4ndig in Zahlungen f\u00fcr \u00f6ffentliche Leistungen \u2013 etwa zum Arten- oder Klimaschutz \u2013 umzuwandeln und so ein Gesch\u00e4ftsfeld Naturschutz f\u00fcr die Landwirt*innen zu schaffen. Unter dem Schlagwort Space for\u2026","rel":"","context":"In &quot;Landwirtschaft &amp; Ern\u00e4hrung&quot;","img":{"alt_text":"","src":"https:\/\/i0.wp.com\/blogs.nabu.de\/naturschaetze-retten\/wp-content\/uploads\/sites\/3\/2021\/07\/Landwirtschaft.png?resize=350%2C200&ssl=1","width":350,"height":200},"classes":[]},{"id":6293,"url":"https:\/\/blogs.nabu.de\/naturschaetze-retten\/nebensache-natur\/","url_meta":{"origin":4884,"position":3},"title":"Nebensache Natur?","date":"7. Oktober 2021","format":false,"excerpt":"W\u00e4hrend im Wahlkampf nahezu kein*e Politiker*in die B\u00fchne ohne ein (Lippen)Bekenntnis zum Klimaschutz verlie\u00df, kam der Naturschutz kaum vor. Das muss sich in den Koalitionsverhandlungen \u00e4ndern","rel":"","context":"In &quot;Bundestagswahl 2021&quot;","img":{"alt_text":"","src":"https:\/\/i0.wp.com\/blogs.nabu.de\/naturschaetze-retten\/wp-content\/uploads\/sites\/3\/2021\/10\/Herbstwald_Hubertus-Schwarzentraub-300x225.jpg?resize=350%2C200&ssl=1","width":350,"height":200},"classes":[]},{"id":3364,"url":"https:\/\/blogs.nabu.de\/naturschaetze-retten\/gap-wahl\/","url_meta":{"origin":4884,"position":4},"title":"Was sagen die Parteien zur EU-Agrarpolitik?","date":"30. August 2017","format":"image","excerpt":"Der NABU fragt die Parteien - wie haltet ihr es mit der EU-Agrarpolitik? Analyse der wichtigsten Aussage von Parteiprogrammen und Spitzenkandidaten.","rel":"","context":"In &quot;Landwirtschaft &amp; Ern\u00e4hrung&quot;","img":{"alt_text":"","src":"https:\/\/i0.wp.com\/blogs.nabu.de\/naturschaetze-retten\/wp-content\/uploads\/sites\/3\/2017\/03\/Kinder.jpg?resize=350%2C200&ssl=1","width":350,"height":200},"classes":[]},{"id":8310,"url":"https:\/\/blogs.nabu.de\/naturschaetze-retten\/attacken-gegen-ngos\/","url_meta":{"origin":4884,"position":5},"title":"Attacken gegen NGOs sind Angriffe auf die Demokratie!","date":"11. Februar 2025","format":false,"excerpt":"Dieser Beitrag informiert \u00fcber die derzeit in Br\u00fcssel und Berlin stattfindenden Angriffe auf NGOs und Umweltverb\u00e4nde.","rel":"","context":"In &quot;Natursch\u00e4tze.Retten&quot;","img":{"alt_text":"","src":"https:\/\/i0.wp.com\/blogs.nabu.de\/naturschaetze-retten\/wp-content\/uploads\/sites\/3\/2025\/02\/NABU_BT.jpg?resize=350%2C200&ssl=1","width":350,"height":200},"classes":[]}],"jetpack_shortlink":"https:\/\/wp.me\/p67kDA-1gM","_links":{"self":[{"href":"https:\/\/blogs.nabu.de\/naturschaetze-retten\/wp-json\/wp\/v2\/posts\/4884"}],"collection":[{"href":"https:\/\/blogs.nabu.de\/naturschaetze-retten\/wp-json\/wp\/v2\/posts"}],"about":[{"href":"https:\/\/blogs.nabu.de\/naturschaetze-retten\/wp-json\/wp\/v2\/types\/post"}],"author":[{"embeddable":true,"href":"https:\/\/blogs.nabu.de\/naturschaetze-retten\/wp-json\/wp\/v2\/users\/92"}],"replies":[{"embeddable":true,"href":"https:\/\/blogs.nabu.de\/naturschaetze-retten\/wp-json\/wp\/v2\/comments?post=4884"}],"version-history":[{"count":9,"href":"https:\/\/blogs.nabu.de\/naturschaetze-retten\/wp-json\/wp\/v2\/posts\/4884\/revisions"}],"predecessor-version":[{"id":4920,"href":"https:\/\/blogs.nabu.de\/naturschaetze-retten\/wp-json\/wp\/v2\/posts\/4884\/revisions\/4920"}],"wp:attachment":[{"href":"https:\/\/blogs.nabu.de\/naturschaetze-retten\/wp-json\/wp\/v2\/media?parent=4884"}],"wp:term":[{"taxonomy":"category","embeddable":true,"href":"https:\/\/blogs.nabu.de\/naturschaetze-retten\/wp-json\/wp\/v2\/categories?post=4884"},{"taxonomy":"post_tag","embeddable":true,"href":"https:\/\/blogs.nabu.de\/naturschaetze-retten\/wp-json\/wp\/v2\/tags?post=4884"}],"curies":[{"name":"wp","href":"https:\/\/api.w.org\/{rel}","templated":true}]}}