{"id":4691,"date":"2019-02-07T11:26:43","date_gmt":"2019-02-07T10:26:43","guid":{"rendered":"http:\/\/blogs.nabu.de\/naturschaetze-retten\/?p=4691"},"modified":"2019-02-07T11:26:43","modified_gmt":"2019-02-07T10:26:43","slug":"nabu-gap-ticker-hochprozentiges-fuer-die-natur-deutsche-aenderungsantraege-im-umweltausschuss","status":"publish","type":"post","link":"https:\/\/blogs.nabu.de\/naturschaetze-retten\/nabu-gap-ticker-hochprozentiges-fuer-die-natur-deutsche-aenderungsantraege-im-umweltausschuss\/","title":{"rendered":"NABU-GAP-Ticker: Hochprozentiges f\u00fcr die Natur: deutsche \u00c4nderungsantr\u00e4ge im Umweltausschuss"},"content":{"rendered":"<p><img decoding=\"async\" src=\"https:\/\/blogs.nabu.de\/naturschaetze-retten\/wp-content\/uploads\/sites\/3\/2018\/06\/Gap_Ticker_Head_schmal.jpg\" \/><\/p>\n<p><strong>07. Februar 2019.\u00a0<\/strong>Wie im <a href=\"https:\/\/blogs.nabu.de\/naturschaetze-retten\/gap-ticker-high-noon-im-europaeichen-parlament\/\" target=\"_blank\" rel=\"noopener\">vergangenen Jahr berichtet<\/a>, hat der Umweltausschuss des Europaparlaments sich erstmalig gr\u00f6\u00dfere Mitspracherechte zu den Umweltelementen der Gemeinsamen Agrarpolitik (GAP) gesichert. Der federf\u00fchrende Agrarausschuss kann die Einwendungen der Umweltkollegen nun schwerer ignorieren. Die Debatte im sp\u00e4teren Plenum des gesamten Parlaments d\u00fcrfte zudem deutlich spannender werden, da der Umweltausschuss nun konkurrierende Antr\u00e4ge einbringen kann, auch gegen den Willen des Agrarausschusses.<\/p>\n<p>N\u00e4chste Woche steht nun der erste H\u00f6hepunkt an: <a href=\"https:\/\/blogs.nabu.de\/naturschaetze-retten\/nabu-gap-ticker-2019-01-09\/\" target=\"_blank\" rel=\"noopener\">am 14.Februar<\/a> wird der Umweltausschuss \u00fcber knapp 1800 \u00c4nderungsantr\u00e4ge f\u00fcr den urspr\u00fcnglichen Kommissionsvorschlag\u00a0abstimmen. Die dort beschlossenen \u00c4nderungen werden anschlie\u00dfend im M\u00e4rz dem Agrarausschuss vorgelegt. Falls sie dort nicht ber\u00fccksichtigt werden, gehen sie direkt weiter in das Plenum, wobei noch unklar ist, ob dieses vor der Wahl im Mai noch \u00fcber die GAP beraten wird. Viele der \u00c4nderungsantr\u00e4ge im Umweltausschuss sind sehr positiv zu bewerten, jedoch gibt es auch eine Reihe von Antr\u00e4gen, die darauf abzielen die sgn. gr\u00fcne Architektur des Kommissionsvorschlages zu unterlaufen. Die Besten und Schlechtesten Vorschl\u00e4ge f\u00fcr \u00c4nderungen m\u00f6chten wir hier pr\u00e4sentieren.<\/p>\n<p><!--more--><\/p>\n<p><strong>Mehr Geld f\u00fcr Naturschutz, strengere Auflagen f\u00fcr DZ-Empf\u00e4nger<\/strong><\/p>\n<p>Eine wichtige Verbesserung der Naturschutzfinanzierung w\u00fcrde ein Antrag von Susanne Melior (SPD), Maria Noichl (SPD), Jo Leinen (SPD) und Karin Kadenbach (SP\u00d6, \u00d6sterreich) mit sich bringen. Dieser fordert, dass jeweils 50% des Budgets der 1. und 2.S\u00e4ule f\u00fcr Umwelt- und Klimama\u00dfnahmen verwendet werden m\u00fcssen. Ein weiterer Antrag dieser Gruppe w\u00fcrde innerhalb dieser 50% einen eigenen festen Betrag f\u00fcr die Umsetzung der Naturschutzrichtlinien vorsehen. Die genaue H\u00f6he soll durch die Mitgliedstaaten anhand der sgn. Priorit\u00e4ren Aktionsrahmen (PAFs) bestimmt werden. Diese PAFs werden in der Regel von den nationalen Umweltbeh\u00f6rden erstellt und geben unter anderem an, wie hoch der nationale finanzielle Bedarf f\u00fcr den Schutz des Natura 2000-Netwerkes ist. Eine Ausrichtung der nationalen GAP-Pl\u00e4ne an diesen w\u00e4re naheliegend und w\u00fcrde bei einer richtigen Umsetzung die Finanzierungsl\u00fccke im Naturschutz schlie\u00dfen.<\/p>\n<p>Ein weiterer Antrag von Susanne Melior (SPD) fordert, dass die bisherigen \u00f6kologischen Vorrangfl\u00e4chen zuk\u00fcnftig einen Fl\u00e4chenanteil von 7% haben m\u00fcssen und zudem nichtproduktive Fl\u00e4chen beinhalten m\u00fcssen. Das w\u00e4re eine Verbesserung zur heutigen Situation und dem bisherigen Vorschlag der Kommission, welcher keine Prozentzahl nennt. Auch die Gefahr eines gegenseitigen Unterbietens der Mitgliedstaaten im Rahmen deren strategischen Planung, w\u00e4re so gebannt. Andere Abgeordnete wie etwa Frau Merja Kyll\u00f6nen (europ. Linke, Finnland) gehen sogar noch weiter und fordern einen Anteil von 10%.<\/p>\n<p>Auch von der CDU kommt eine Reihe von guten Ideen. So fordern Karl-Heinz Florenz und Peter Liese aus NRW die Abschaffung der M\u00f6glichkeit Geld aus der zweiten in die erste S\u00e4ule umzuschichten. Angesichts der anstehenden \u00fcberproportionalen K\u00fcrzung der l\u00e4ndlichen Entwicklung und der Ineffektivit\u00e4t der bisherigen Instrumente der ersten S\u00e4ule ein \u00fcberf\u00e4lliger Schritt. Auch wird von den gleichen Herren innerhalb der Konditionalit\u00e4t eine Koppelung der Viehbesatzdichte an die verf\u00fcgbare Fl\u00e4che eingef\u00fchrt. Eine zu hohe Konzentration der Tierhaltung mit all ihren Problemen wie die Nitratbelastung des Grundwassers w\u00fcrde so vermieden. Der Viehbestand w\u00fcrde insgesamt sinken, was von <a href=\"http:\/\/www.risefoundation.eu\/images\/files\/2018\/2018_RISE_LIVESTOCK_FULL.pdf\" target=\"_blank\" rel=\"noopener\">der Wissenschaft bereits seit l\u00e4ngerem gefordert wird<\/a>.<\/p>\n<p><strong>Demontage der Gr\u00fcnen Architektur durch die Gegenseite<\/strong><\/p>\n<p>Leider ist auch im Umweltausschuss nicht alles Gr\u00fcn und vor allem eine Gruppe deutscher Abgeordnete um Albert De\u00df (CSU), Norbert Lins (CDU) und Peter Jahr (CDU), haben eine Reihe von Antr\u00e4gen eingebracht, welche die Umweltleistung der GAP gravierend verschlechtern w\u00fcrden. Frappierend ist z.B. der Vorschlag, die Eco-Schemes in der ersten S\u00e4ule zu streichen und in der zweiten anzusiedeln, ohne dabei entsprechende finanzielle Mittel zu \u00fcbertragen Angesichts des stark geschrumpften Budgets der zweiten S\u00e4ule w\u00e4re dies eine gravierende Schw\u00e4chung, der bereits wenig ambitionierten Umweltarchitektur des Kommissionsvorschlages.<\/p>\n<p>Sehr kritisch sind ferner zwei Antr\u00e4ge ebenfalls von Peter Jahr und Albert De\u00df sowie von Jens Gieseke(CDU), durch welche innerhalb der bisherigen Agrar-Umwelt-Programme der 2. S\u00e4ule Ma\u00dfnahmen f\u00fcr sgn. Landwirtschaftliche Bewirtschaftungsverpflichtungen Geld bereitstehen soll. Dies w\u00e4re eine gef\u00e4hrliche Aufweichung und k\u00f6nnte dazu f\u00fchren, dass f\u00fcr Aktivit\u00e4ten bezahlt wird, die nichts mit den Umweltschutz zu tun haben. Auch aus anderen Mitgliedstaaten kommen destruktive \u00c4nderungsvorschl\u00e4ge. Die franz\u00f6sische Abgeordnete Delahaye (EVP) schl\u00e4gt etwa vor, die Zweckbindung f\u00fcr Umweltma\u00dfnahmen in der 2.S\u00e4ule komplett zu streichen. Auch sollen Zahlungen an benachteiligte Gebiete wieder pauschal als Umweltma\u00dfnahmen gelten, obwohl es sich bei diesen tats\u00e4chlich um eine Form der Einkommensunterst\u00fctzung handelt und sie an keine Umwelt\/Naturschutz-Bedingungen gekn\u00fcpft sind.<\/p>\n<p>Die Abgeordneten verhandeln momentan \u00fcber Kompromissformulierungen, um wichtige Punkte wie die Budgetverteilung innerhalb der GAP bereits im Vorfeld der Abstimmung einvernehmlich zu kl\u00e4ren. \u00dcber den Ausgang dieses Prozesses werden wir hier laufend berichten sowie \u00fcber die parallele Debatte im Agrarausschuss.<\/p>\n<p>&nbsp;<\/p>\n<blockquote>\n<h3><strong><em>Der NABU-GAP-Ticker<\/em><\/strong><\/h3>\n<p><em>Was steht auf dem Spiel f\u00fcr Insekten, Bauernh\u00f6fe und unsere l\u00e4ndlichen R\u00e4ume? Was sagt Julia Kl\u00f6ckner in Br\u00fcssel? Wie stimmen unsere Abgeordneten ab? Was passiert hinter den Kullissen? Im NABU-GAP-Ticker informieren wir \u00fcber die Verhandlungen zur k\u00fcnftigen EU-Agrarpolitik &#8211; denn wir meinen, die Zeit der Hinterzimmerdeals ist vorbei. Es geht um viel &#8211; und die \u00d6ffentlichkeit hat ein Recht zu wissen, wie der Milliardenpoker um die Gemeinsame Agrarpolitik der EU abl\u00e4uft. Abonnieren Sie diesen Blog um auf dem Laufenden zu bleiben, stellen Sie Fragen und diskutieren Sie mit uns \u00fcber die Kommentarfunktion. Hintergrundinfos auf <a href=\"http:\/\/www.NeueAgrarpolitik.eu\" target=\"_blank\" rel=\"noopener\">www.NABU.de\/agrarreform2021<\/a>. Folgen Sie uns auch auf Twitter: <a href=\"https:\/\/twitter.com\/NABU_Biodiv\" target=\"_blank\" rel=\"noopener\">@NABU_biodiv<\/a> &#8211; <a href=\"https:\/\/twitter.com\/hashtag\/FutureofCAP\" target=\"_blank\" rel=\"noopener\">#FutureOfCAP<\/a><\/em><\/p><\/blockquote>\n<p>Titefoto: Europ\u00e4ische Union 2013<\/p>\n<p>&nbsp;<\/p>\n<!-- Begin Yuzo --><div class='yuzo_related_post style-1'  data-version='5.12.74'><!-- without result --><div class='yuzo_clearfixed yuzo__title yuzo__title'><h3>Das k\u00f6nnte Sie auch interessieren<\/h3><\/div>\n\t\t\t\t\t\t  <div class=\"relatedthumb \" style=\"width:125px;float:left;overflow:hidden;\">  \n\t\t\t\t\t\t\t  \n\t\t\t\t\t\t\t  <a  href=\"https:\/\/blogs.nabu.de\/naturschaetze-retten\/kommissionsbeschwerden-a2j\/\"  >\n\t\t\t\t\t\t\t\t\t  <div class=\"yuzo-img-wrap \" style=\"width: 125px;height:90px;\">\n\t\t\t\t\t\t\t\t\t\t\n\t\t\t\t\t\t\t\t\t\t<div class=\"yuzo-img\" style=\"background:url('https:\/\/blogs.nabu.de\/naturschaetze-retten\/wp-content\/uploads\/sites\/3\/2020\/04\/Berlaymont_Foto_Europ\u00e4ische-Union_2016-340x226.jpg') 50% 50% no-repeat;width: 125px;height:90px;margin-bottom: 5px;background-size: cover; \"><\/div>\n\t\t\t\t\t\t\t\t\t  <\/div>\n\t\t\t\t\t\t\t\t\t  \n\t\t\t\t\t\t\t\t   <span class=\"yuzo__text--title\" style=\"font-size:13px;\">EU-Beschwerden f\u00fcr besseren Rechtsschutz<\/span>\n\t\t\t\t\t\t\t  \n\t\t\t\t\t\t\t  \n\t\t\t\t\t\t\t  <\/a>\n\n\t\t\t\t\t\t  <\/div>\n\t\t\t\t\t\t  <div class=\"relatedthumb \" style=\"width:125px;float:left;overflow:hidden;\">  \n\t\t\t\t\t\t\t  \n\t\t\t\t\t\t\t  <a  href=\"https:\/\/blogs.nabu.de\/naturschaetze-retten\/detailbewertung-bidi-f2f-strategie\/\"  >\n\t\t\t\t\t\t\t\t\t  <div class=\"yuzo-img-wrap \" style=\"width: 125px;height:90px;\">\n\t\t\t\t\t\t\t\t\t\t\n\t\t\t\t\t\t\t\t\t\t<div class=\"yuzo-img\" style=\"background:url('https:\/\/blogs.nabu.de\/naturschaetze-retten\/wp-content\/uploads\/sites\/3\/2020\/04\/Berlaymont_Foto_Europ\u00e4ische-Union_2016-340x226.jpg') 50% 50% no-repeat;width: 125px;height:90px;margin-bottom: 5px;background-size: cover; \"><\/div>\n\t\t\t\t\t\t\t\t\t  <\/div>\n\t\t\t\t\t\t\t\t\t  \n\t\t\t\t\t\t\t\t   <span class=\"yuzo__text--title\" style=\"font-size:13px;\">EU-Strategien ambitionierte Blaupausen f\u00fcr Schutz ...<\/span>\n\t\t\t\t\t\t\t  \n\t\t\t\t\t\t\t  \n\t\t\t\t\t\t\t  <\/a>\n\n\t\t\t\t\t\t  <\/div>\n\t\t\t\t\t\t  <div class=\"relatedthumb \" style=\"width:125px;float:left;overflow:hidden;\">  \n\t\t\t\t\t\t\t  \n\t\t\t\t\t\t\t  <a  href=\"https:\/\/blogs.nabu.de\/naturschaetze-retten\/konferenzticker_teil_2\/\"  >\n\t\t\t\t\t\t\t\t\t  <div class=\"yuzo-img-wrap \" style=\"width: 125px;height:90px;\">\n\t\t\t\t\t\t\t\t\t\t\n\t\t\t\t\t\t\t\t\t\t<div class=\"yuzo-img\" style=\"background:url('https:\/\/blogs.nabu.de\/naturschaetze-retten\/wp-content\/uploads\/sites\/3\/2015\/11\/IMG_20151119_230653-340x226.jpg') 50% 50% no-repeat;width: 125px;height:90px;margin-bottom: 5px;background-size: cover; \"><\/div>\n\t\t\t\t\t\t\t\t\t  <\/div>\n\t\t\t\t\t\t\t\t\t  \n\t\t\t\t\t\t\t\t   <span class=\"yuzo__text--title\" style=\"font-size:13px;\">Live aus Br\u00fcssel: NABU-Konferenzticker (Teil 2)<\/span>\n\t\t\t\t\t\t\t  \n\t\t\t\t\t\t\t  \n\t\t\t\t\t\t\t  <\/a>\n\n\t\t\t\t\t\t  <\/div>\n\t\t\t\t\t\t  <div class=\"relatedthumb \" style=\"width:125px;float:left;overflow:hidden;\">  \n\t\t\t\t\t\t\t  \n\t\t\t\t\t\t\t  <a  href=\"https:\/\/blogs.nabu.de\/naturschaetze-retten\/die-wahlprogramme-der-parteien-im-vergleich-agrarpolitik\/\"  >\n\t\t\t\t\t\t\t\t\t  <div class=\"yuzo-img-wrap \" style=\"width: 125px;height:90px;\">\n\t\t\t\t\t\t\t\t\t\t\n\t\t\t\t\t\t\t\t\t\t<div class=\"yuzo-img\" style=\"background:url('https:\/\/blogs.nabu.de\/naturschaetze-retten\/wp-content\/uploads\/sites\/3\/2021\/07\/Landwirtschaft-340x226.png') 50% 50% no-repeat;width: 125px;height:90px;margin-bottom: 5px;background-size: cover; \"><\/div>\n\t\t\t\t\t\t\t\t\t  <\/div>\n\t\t\t\t\t\t\t\t\t  \n\t\t\t\t\t\t\t\t   <span class=\"yuzo__text--title\" style=\"font-size:13px;\">Die Wahlprogramme der Parteien im Vergleich: Agrar...<\/span>\n\t\t\t\t\t\t\t  \n\t\t\t\t\t\t\t  \n\t\t\t\t\t\t\t  <\/a>\n\n\t\t\t\t\t\t  <\/div>\n<\/div> <style>\n\t\t\t\t\t\t\t\t.yuzo_related_post img{width:120px !important; height:110px !important;}\n\t\t\t\t\t\t\t\t.yuzo_related_post .relatedthumb{line-height:15px;background: !important;color:!important;}\n\t\t\t\t\t\t\t\t.yuzo_related_post .relatedthumb:hover{background:#fcfcf4 !important; -webkit-transition: background 0.2s linear; -moz-transition: background 0.2s linear; -o-transition: background 0.2s linear; transition: background 0.2s linear;;color:!important;}\n\t\t\t\t\t\t\t\t.yuzo_related_post .relatedthumb a{color:!important;}\n\t\t\t\t\t\t\t\t.yuzo_related_post .relatedthumb a:hover{ color:}!important;}\n\t\t\t\t\t\t\t\t.yuzo_related_post .relatedthumb:hover a{ color:!important;}\n\t\t\t\t\t\t\t\t.yuzo_related_post .yuzo_text {color:!important;}\n\t\t\t\t\t\t\t\t.yuzo_related_post .relatedthumb:hover .yuzo_text {color:!important;}\n\t\t\t\t\t\t\t\t.yuzo_related_post .relatedthumb{  margin: 0px  0px  0px  0px;   padding: 5px  5px  5px  5px;  }\n\t\t\t\t\t\t\t\t\n\t\t\t\t\t\t\t\t<\/style> <script>\n\t\t\t\t\t\t  jQuery(document).ready(function( $ ){\n\t\t\t\t\t\t\t\/\/jQuery('.yuzo_related_post').equalizer({ overflow : 'relatedthumb' });\n\t\t\t\t\t\t\tjQuery('.yuzo_related_post .yuzo_wraps').equalizer({ columns : '> div' });\n\t\t\t\t\t\t   })\n\t\t\t\t\t\t  <\/script> <!-- End Yuzo :) -->","protected":false},"excerpt":{"rendered":"<p>07. Februar 2019.\u00a0Wie im vergangenen Jahr berichtet, hat der Umweltausschuss des Europaparlaments sich erstmalig gr\u00f6\u00dfere Mitspracherechte zu den Umweltelementen der Gemeinsamen Agrarpolitik (GAP) gesichert. Der federf\u00fchrende Agrarausschuss kann [&hellip;]<\/p>\n","protected":false},"author":87,"featured_media":3829,"comment_status":"open","ping_status":"closed","sticky":false,"template":"","format":"standard","meta":{"jetpack_post_was_ever_published":false},"categories":[66,107,1],"tags":[19,18,29],"jetpack_featured_media_url":"https:\/\/blogs.nabu.de\/naturschaetze-retten\/wp-content\/uploads\/sites\/3\/2018\/06\/nabu-agrar-ticker.jpg","jetpack-related-posts":[{"id":5100,"url":"https:\/\/blogs.nabu.de\/naturschaetze-retten\/nabu-gap-ticker-die-wichtigsten-player-zur-gap-im-neuen-europaparlament\/","url_meta":{"origin":4691,"position":0},"title":"NABU-GAP-Ticker: Die wichtigsten Player zur GAP im neuen Europaparlament","date":"28. Oktober 2019","format":false,"excerpt":"28. Oktober 2019.\u00a0Die Europawahl ist bereits eine Weile her, so recht in Schwung gekommen ist die Debatte zur GAP im Europaparlament jedoch immer noch nicht. Bereits jetzt zeichnet sich aber ab, dass der Konflikt zwischen Umwelt- und Agrarausschuss die Diskussionen dort dominieren wird. Langsam setzt sich die Maschinerie nun wieder\u2026","rel":"","context":"In &quot;Landwirtschaft &amp; Ern\u00e4hrung&quot;","img":{"alt_text":"","src":"https:\/\/i0.wp.com\/blogs.nabu.de\/naturschaetze-retten\/wp-content\/uploads\/sites\/3\/2018\/06\/nabu-agrar-ticker.jpg?resize=350%2C200&ssl=1","width":350,"height":200},"classes":[]},{"id":4015,"url":"https:\/\/blogs.nabu.de\/naturschaetze-retten\/gap-ticker-high-noon-im-europaeichen-parlament\/","url_meta":{"origin":4691,"position":1},"title":"GAP-Ticker: High Noon im Europ\u00e4ischen Parlament &#8211; Umweltausschuss bekommt mehr Mitsprache bei der GAP","date":"6. Juli 2018","format":false,"excerpt":"6.Juli 2018 Ein wochenlanges Ringen um die Zust\u00e4ndigkeit f\u00fcr die GAP zwischen dem Agrar- und Umweltausschuss des Europ\u00e4ischen Parlaments ist gestern Mittag zu Ende gegangen (wir berichteten\u00a0hier zum Hintergrund dieses Streits). W\u00e4hrend ihrer gestrigen Sitzung hat das Kollegium der Fraktionsvorsitzenden entschieden, dass der Umweltausschuss bei der Bearbeitung der GAP im\u2026","rel":"","context":"In &quot;NABU-Agrar-Blog&quot;","img":{"alt_text":"","src":"https:\/\/i0.wp.com\/blogs.nabu.de\/naturschaetze-retten\/wp-content\/uploads\/sites\/3\/2018\/06\/nabu-agrar-ticker.jpg?resize=350%2C200&ssl=1","width":350,"height":200},"classes":[]},{"id":3986,"url":"https:\/\/blogs.nabu.de\/naturschaetze-retten\/nabu-gap-ticker-mit-vollgas-gegen-die-wand-revierkampf-im-europaparlament\/","url_meta":{"origin":4691,"position":2},"title":"NABU-GAP-Ticker: mit Vollgas gegen die Wand &#8211; Revierkampf im Europaparlament","date":"28. Juni 2018","format":false,"excerpt":"28.Juni 2018 Nicht nur im Fu\u00dfball ist neben Schnelligkeit auch Pr\u00e4zision und Genauigkeit wichtig. Wenn es um die Reform der 58 Mrd. Euro schweren Agrarsubventionen geht, scheint es bei einigen Akteuren in der EU jedoch vor allem darum zugehen, diese m\u00f6glichst schnell in trockene T\u00fccher zu bringen, ohne R\u00fccksicht auf\u2026","rel":"","context":"In &quot;NABU-Agrar-Blog&quot;","img":{"alt_text":"","src":"https:\/\/i0.wp.com\/blogs.nabu.de\/naturschaetze-retten\/wp-content\/uploads\/sites\/3\/2018\/06\/nabu-agrar-ticker.jpg?resize=350%2C200&ssl=1","width":350,"height":200},"classes":[]},{"id":4931,"url":"https:\/\/blogs.nabu.de\/naturschaetze-retten\/nabu-gap-ticker-2019-06-14\/","url_meta":{"origin":4691,"position":3},"title":"NABU-GAP-Ticker: Alles auf Anfang &#8211; wie geht es mit der GAP weiter nach der Wahl?","date":"14. Juni 2019","format":false,"excerpt":"14. Juni 2019.\u00a0Die Europawahl hat eine deutliche Ver\u00e4nderung des Machgef\u00fcges im Europ\u00e4ischen Parlament mit sich gebracht. Die inoffizielle gro\u00dfe Koalition aus Sozialisten und Konservativen hat zum ersten Mal in der Geschichte der EU keine eigene Mehrheit mehr, w\u00e4hrend das Thema Umwelt- und Naturschutz bei dieser Wahl so pr\u00e4sent war wie\u2026","rel":"","context":"In &quot;Landwirtschaft &amp; Ern\u00e4hrung&quot;","img":{"alt_text":"","src":"https:\/\/i0.wp.com\/blogs.nabu.de\/naturschaetze-retten\/wp-content\/uploads\/sites\/3\/2018\/06\/nabu-agrar-ticker.jpg?resize=350%2C200&ssl=1","width":350,"height":200},"classes":[]},{"id":4757,"url":"https:\/\/blogs.nabu.de\/naturschaetze-retten\/nabu-gap-ticker-2019-03-26\/","url_meta":{"origin":4691,"position":4},"title":"NABU-GAP-Ticker: EP-Agrarausschuss kompromisslos gegen Natur und Umwelt","date":"26. M\u00e4rz 2019","format":false,"excerpt":"26. M\u00e4rz 2019.\u00a0Nach der Abstimmung im Umweltausschuss\u00a0des Europ\u00e4ischen Parlaments steht am 2. April die n\u00e4chste wichtige Entscheidung im Agrarausschuss an, welche auch die letzte Abstimmung zur Gemeinsamen Agrarpolitik (GAP) in Br\u00fcssel vor der Europawahl sein wird. Fast 6000 \u00c4nderungsantr\u00e4ge (hier \u00f6ffentlich einsehbar) hatten die Abgeordneten im Dezember eingereicht. Eine Abstimmung\u2026","rel":"","context":"In &quot;Landwirtschaft &amp; Ern\u00e4hrung&quot;","img":{"alt_text":"","src":"https:\/\/i0.wp.com\/blogs.nabu.de\/naturschaetze-retten\/wp-content\/uploads\/sites\/3\/2018\/06\/nabu-agrar-ticker.jpg?resize=350%2C200&ssl=1","width":350,"height":200},"classes":[]},{"id":4763,"url":"https:\/\/blogs.nabu.de\/naturschaetze-retten\/nabu-gap-ticker-2019-03-29\/","url_meta":{"origin":4691,"position":5},"title":"NABU-GAP-Ticker: 114 Euro-Postkarten-Aktion: Der NABU \u00fcbergibt die W\u00fcnsche der B\u00fcrger*innen an die Europa-Abgeordneten","date":"29. M\u00e4rz 2019","format":false,"excerpt":"29. M\u00e4rz 2019.\u00a0Jeder EU-B\u00fcrger zahlt momentan im Durchschnitt 114\u20ac pro Jahr f\u00fcr die Gemeinsame Agrarpolitik (GAP), in Form von Steuergeldern. Seit Herbst letzten Jahres bis voraussichtlich kommenden Herbst f\u00fchrt der NABU dazu eine Postkarten-Aktion durch, bei der die B\u00fcrgerinnen und B\u00fcrger den Mitgliedern des Europ\u00e4ischen Parlaments (MdEPs) ihre W\u00fcnsche mitteilen\u2026","rel":"","context":"In &quot;Landwirtschaft &amp; Ern\u00e4hrung&quot;","img":{"alt_text":"","src":"https:\/\/i0.wp.com\/blogs.nabu.de\/naturschaetze-retten\/wp-content\/uploads\/sites\/3\/2018\/06\/nabu-agrar-ticker.jpg?resize=350%2C200&ssl=1","width":350,"height":200},"classes":[]}],"jetpack_shortlink":"https:\/\/wp.me\/p67kDA-1dF","_links":{"self":[{"href":"https:\/\/blogs.nabu.de\/naturschaetze-retten\/wp-json\/wp\/v2\/posts\/4691"}],"collection":[{"href":"https:\/\/blogs.nabu.de\/naturschaetze-retten\/wp-json\/wp\/v2\/posts"}],"about":[{"href":"https:\/\/blogs.nabu.de\/naturschaetze-retten\/wp-json\/wp\/v2\/types\/post"}],"author":[{"embeddable":true,"href":"https:\/\/blogs.nabu.de\/naturschaetze-retten\/wp-json\/wp\/v2\/users\/87"}],"replies":[{"embeddable":true,"href":"https:\/\/blogs.nabu.de\/naturschaetze-retten\/wp-json\/wp\/v2\/comments?post=4691"}],"version-history":[{"count":5,"href":"https:\/\/blogs.nabu.de\/naturschaetze-retten\/wp-json\/wp\/v2\/posts\/4691\/revisions"}],"predecessor-version":[{"id":4696,"href":"https:\/\/blogs.nabu.de\/naturschaetze-retten\/wp-json\/wp\/v2\/posts\/4691\/revisions\/4696"}],"wp:featuredmedia":[{"embeddable":true,"href":"https:\/\/blogs.nabu.de\/naturschaetze-retten\/wp-json\/wp\/v2\/media\/3829"}],"wp:attachment":[{"href":"https:\/\/blogs.nabu.de\/naturschaetze-retten\/wp-json\/wp\/v2\/media?parent=4691"}],"wp:term":[{"taxonomy":"category","embeddable":true,"href":"https:\/\/blogs.nabu.de\/naturschaetze-retten\/wp-json\/wp\/v2\/categories?post=4691"},{"taxonomy":"post_tag","embeddable":true,"href":"https:\/\/blogs.nabu.de\/naturschaetze-retten\/wp-json\/wp\/v2\/tags?post=4691"}],"curies":[{"name":"wp","href":"https:\/\/api.w.org\/{rel}","templated":true}]}}