{"id":4465,"date":"2018-11-28T11:47:15","date_gmt":"2018-11-28T10:47:15","guid":{"rendered":"http:\/\/blogs.nabu.de\/naturschaetze-retten\/?p=4465"},"modified":"2018-11-28T12:00:03","modified_gmt":"2018-11-28T11:00:03","slug":"cop-corner-feuer","status":"publish","type":"post","link":"https:\/\/blogs.nabu.de\/naturschaetze-retten\/cop-corner-feuer\/","title":{"rendered":"COP-Corner: Feuer in den Korridoren?"},"content":{"rendered":"<p>Beim fr\u00fchmorgendlichen Schnorcheln beobachtete ich gestern vier Feuerfische die in aller Ruhe dicht am Strand entlang patrouillierten. Ein Vorbote darauf, dass die Verhandlungen in ihre hei\u00dfe Phase eintreten w\u00fcrden? \u00a0Das bewahrheitete sich im Laufe des Tages und in der folgenden Nacht. Ein kurzer \u00dcberblick \u00fcber die noch strittigen Themen. Damit es nicht allzu trocken wird, bebildert mit Eindr\u00fccken aus dem Konferenzumfeld.<\/p>\n<h3>Meeresschutz: Eklat vor Mitternacht<\/h3>\n<div id=\"attachment_4479\" style=\"width: 310px\" class=\"wp-caption alignright\"><a href=\"https:\/\/blogs.nabu.de\/naturschaetze-retten\/wp-content\/uploads\/sites\/3\/2018\/11\/IMG_20181122_085910.jpg\"><img aria-describedby=\"caption-attachment-4479\" data-attachment-id=\"4479\" data-permalink=\"https:\/\/blogs.nabu.de\/naturschaetze-retten\/cop-corner-feuer\/img_20181122_085910\/\" data-orig-file=\"https:\/\/blogs.nabu.de\/naturschaetze-retten\/wp-content\/uploads\/sites\/3\/2018\/11\/IMG_20181122_085910.jpg\" data-orig-size=\"800,600\" data-comments-opened=\"1\" data-image-meta=\"{&quot;aperture&quot;:&quot;0&quot;,&quot;credit&quot;:&quot;&quot;,&quot;camera&quot;:&quot;&quot;,&quot;caption&quot;:&quot;&quot;,&quot;created_timestamp&quot;:&quot;0&quot;,&quot;copyright&quot;:&quot;&quot;,&quot;focal_length&quot;:&quot;0&quot;,&quot;iso&quot;:&quot;0&quot;,&quot;shutter_speed&quot;:&quot;0&quot;,&quot;title&quot;:&quot;&quot;,&quot;orientation&quot;:&quot;0&quot;}\" data-image-title=\"IMG_20181122_085910\" data-image-description=\"\" data-image-caption=\"&lt;p&gt;Beduinenzelt f\u00fcr informelle Beratungen. Foto: K.Kreiser&lt;\/p&gt;\n\" data-medium-file=\"https:\/\/blogs.nabu.de\/naturschaetze-retten\/wp-content\/uploads\/sites\/3\/2018\/11\/IMG_20181122_085910-300x225.jpg\" data-large-file=\"https:\/\/blogs.nabu.de\/naturschaetze-retten\/wp-content\/uploads\/sites\/3\/2018\/11\/IMG_20181122_085910.jpg\" decoding=\"async\" loading=\"lazy\" class=\"size-medium wp-image-4479\" src=\"https:\/\/blogs.nabu.de\/naturschaetze-retten\/wp-content\/uploads\/sites\/3\/2018\/11\/IMG_20181122_085910-300x225.jpg\" alt=\"\" width=\"300\" height=\"225\" \/><\/a><p id=\"caption-attachment-4479\" class=\"wp-caption-text\">Beduinenzelt f\u00fcr informelle Beratungen. Foto: K.Kreiser<\/p><\/div>\n<p>Wegen vielf\u00e4ltiger ungekl\u00e4rter Grenzstreitigkeiten auf dem Meer halten bei den Verhandlungen oft die Au\u00dfenministerien den Stift der Umweltverhandler. Es geht momentan zum Beispiel darum, ob Staaten, die \u00a0bereits an die <a href=\"https:\/\/www.cbd.int\/ebsa\/\" target=\"_blank\" rel=\"noopener\">CBD gemeldeten potenzielle Meeresschutzgebiete<\/a> in ihren Gew\u00e4ssern vergr\u00f6\u00dfern wollen, dabei ihre Nachbarstaaten konsultieren m\u00fcssen. Wenn diese Nachbarstaaten selbst Anspr\u00fcche auf das betroffene Territorium erheben, kann das schnell zu einer diplomatischen Krise werden. Besonders Griechenland und die T\u00fcrkei, aber auch Gro\u00dfbritannien sind hier besonders schwierige Akteure. Aus Naturschutzsicht ist eine gr\u00f6\u00dftm\u00f6gliche Rolle f\u00fcr die CBD-Organe w\u00fcnschenswert, damit eine unabh\u00e4ngige wissenschaftliche \u00dcberpr\u00fcfung m\u00f6glich ist. Die Verhandlungen zogen sich bis sp\u00e4t in die Nacht hin, bis einem Mitarbeiter des CBD-Sekretariats offenbar der Kragen platzte und er kurzerhand die Verhandlungen abbrach und verk\u00fcndete man werde auf dieser COP nicht mehr weiter dar\u00fcber sprechen. Eine Minute sp\u00e4ter endete die Arbeitszeit der Dolmetscher, weshalb eine weitere Debatte nicht mehr m\u00f6glich war. Doch in der Nacht schlossen sich die Regierungen zusammen und setzten f\u00fcr den n\u00e4chsten Tag weitere Gespr\u00e4che durch. Eine Dem\u00fctigung f\u00fcr das CBD-Sekretariat, die so wohl noch nicht gegeben hat. Aber ein gutes Zeichen f\u00fcr den Einigungswillen der Regierungen.<\/p>\n<h3>Digitale genetische Sequenzinformationen (DSI)- Verhandlungen bis f\u00fcnf Uhr morgens<\/h3>\n<div id=\"attachment_4480\" style=\"width: 310px\" class=\"wp-caption alignleft\"><a href=\"https:\/\/blogs.nabu.de\/naturschaetze-retten\/wp-content\/uploads\/sites\/3\/2018\/11\/IMG_20181122_131402.jpg\"><img aria-describedby=\"caption-attachment-4480\" data-attachment-id=\"4480\" data-permalink=\"https:\/\/blogs.nabu.de\/naturschaetze-retten\/cop-corner-feuer\/img_20181122_131402\/\" data-orig-file=\"https:\/\/blogs.nabu.de\/naturschaetze-retten\/wp-content\/uploads\/sites\/3\/2018\/11\/IMG_20181122_131402.jpg\" data-orig-size=\"800,600\" data-comments-opened=\"1\" data-image-meta=\"{&quot;aperture&quot;:&quot;0&quot;,&quot;credit&quot;:&quot;&quot;,&quot;camera&quot;:&quot;&quot;,&quot;caption&quot;:&quot;&quot;,&quot;created_timestamp&quot;:&quot;0&quot;,&quot;copyright&quot;:&quot;&quot;,&quot;focal_length&quot;:&quot;0&quot;,&quot;iso&quot;:&quot;0&quot;,&quot;shutter_speed&quot;:&quot;0&quot;,&quot;title&quot;:&quot;&quot;,&quot;orientation&quot;:&quot;0&quot;}\" data-image-title=\"IMG_20181122_131402\" data-image-description=\"\" data-image-caption=\"&lt;p&gt;Die side-events bieten die Gelegenheit zwischendurch orientalisches Geb\u00e4ck zu kosten. Foto: K.Kreiser&lt;\/p&gt;\n\" data-medium-file=\"https:\/\/blogs.nabu.de\/naturschaetze-retten\/wp-content\/uploads\/sites\/3\/2018\/11\/IMG_20181122_131402-300x225.jpg\" data-large-file=\"https:\/\/blogs.nabu.de\/naturschaetze-retten\/wp-content\/uploads\/sites\/3\/2018\/11\/IMG_20181122_131402.jpg\" decoding=\"async\" loading=\"lazy\" class=\"size-medium wp-image-4480\" src=\"https:\/\/blogs.nabu.de\/naturschaetze-retten\/wp-content\/uploads\/sites\/3\/2018\/11\/IMG_20181122_131402-300x225.jpg\" alt=\"\" width=\"300\" height=\"225\" \/><\/a><p id=\"caption-attachment-4480\" class=\"wp-caption-text\">Die side-events bieten die Gelegenheit zwischendurch orientalisches Geb\u00e4ck zu kosten. Foto: K.Kreiser<\/p><\/div>\n<p>Bei der Frage des Zugangs zu und der Beteiligung an Profiten aus der Nutzung von DSI gibt es trotz n\u00e4chtlicher Marathonsitzungen weiter keine Einigung. Die Entwicklungsl\u00e4nder wollen, dass dies genauso geregelt wird wie bei genetischen Informationen, die direkt aus Tieren und Pflanzen gewonnen werden (<a href=\"https:\/\/www.bfn.de\/themen\/nagoya-protokoll-nutzung-genetischer-ressourcen.html\" target=\"_blank\" rel=\"noopener\">Nagoya-Protokoll<\/a>). Die &#8222;user countries&#8220;, darunter die EU, f\u00fcrchten um gro\u00dfe Beschr\u00e4nkungen und Kosten f\u00fcr ihre Forschungseinrichtungen und die Industrie (<a href=\"http:\/\/www.biodiversity.de\/sites\/default\/files\/products\/workshops\/nefo-bericht-synbio-os-np-2018-03-20-final.pdf\" target=\"_blank\" rel=\"noopener\">hier ein Artikel dazu \u2013 pdf-download<\/a>).<\/p>\n<h3>Der &#8222;Post-2020-Prozess&#8220; und die daf\u00fcr notwendigen Finanzen<\/h3>\n<div id=\"attachment_4478\" style=\"width: 310px\" class=\"wp-caption alignright\"><a href=\"https:\/\/blogs.nabu.de\/naturschaetze-retten\/wp-content\/uploads\/sites\/3\/2018\/11\/IMG_20181128_115924.jpg\"><img aria-describedby=\"caption-attachment-4478\" data-attachment-id=\"4478\" data-permalink=\"https:\/\/blogs.nabu.de\/naturschaetze-retten\/cop-corner-feuer\/img_20181128_115924\/\" data-orig-file=\"https:\/\/blogs.nabu.de\/naturschaetze-retten\/wp-content\/uploads\/sites\/3\/2018\/11\/IMG_20181128_115924.jpg\" data-orig-size=\"800,600\" data-comments-opened=\"1\" data-image-meta=\"{&quot;aperture&quot;:&quot;0&quot;,&quot;credit&quot;:&quot;&quot;,&quot;camera&quot;:&quot;&quot;,&quot;caption&quot;:&quot;&quot;,&quot;created_timestamp&quot;:&quot;0&quot;,&quot;copyright&quot;:&quot;&quot;,&quot;focal_length&quot;:&quot;0&quot;,&quot;iso&quot;:&quot;0&quot;,&quot;shutter_speed&quot;:&quot;0&quot;,&quot;title&quot;:&quot;&quot;,&quot;orientation&quot;:&quot;0&quot;}\" data-image-title=\"IMG_20181128_115924\" data-image-description=\"\" data-image-caption=\"&lt;p&gt;Der Plenarsaal, die Regierungspl\u00e4tze sind streng alphabetisch angeordnet. Foto K.Kreiser&lt;\/p&gt;\n\" data-medium-file=\"https:\/\/blogs.nabu.de\/naturschaetze-retten\/wp-content\/uploads\/sites\/3\/2018\/11\/IMG_20181128_115924-300x225.jpg\" data-large-file=\"https:\/\/blogs.nabu.de\/naturschaetze-retten\/wp-content\/uploads\/sites\/3\/2018\/11\/IMG_20181128_115924.jpg\" decoding=\"async\" loading=\"lazy\" class=\"size-medium wp-image-4478\" src=\"https:\/\/blogs.nabu.de\/naturschaetze-retten\/wp-content\/uploads\/sites\/3\/2018\/11\/IMG_20181128_115924-300x225.jpg\" alt=\"\" width=\"300\" height=\"225\" \/><\/a><p id=\"caption-attachment-4478\" class=\"wp-caption-text\">Der Plenarsaal, die Regierungspl\u00e4tze sind streng alphabetisch angeordnet. Foto K.Kreiser<\/p><\/div>\n<p>Mit der Konferenz von Peking in zwei Jahren vor Augen wird intensiv verhandelt, wie die kurze Zeit dorthin genutzt wird, um einen neues Abkommen zu entwickeln. Dieses soll wesentlich effektiver f\u00fcr die Rettung der Artenvielfalt sein, aber muss auch von allen Staaten einstimmig angenommen werden. Daf\u00fcr r\u00fcstet man sich bereits jetzt, auch wenn es hier vordergr\u00fcndig nur um Entscheidungen f\u00fcr den Prozess dorthin geht. Brasilien insistierte zum Beispiel, dass sich die Arbeitsgruppe, in der die wesentlichen post-2020-Verhandlungen gef\u00fchrt werden sollen, nicht nur um den Naturschutz sondern auch um die \u201enachhaltige Nutzung\u201c der Biodiversit\u00e4t k\u00fcmmern soll. Dies ist eigentlich selbstverst\u00e4ndlich und\u00a0 steht so auch in den Zielen der CBD seit 1992. Eine explizite Nennung an der Stelle im Text, wo Brasilien dies nun verlangt, zeigt aber klar, dass das Land \u2013 gerade unter neuem umweltschutzfeindlichem Pr\u00e4sidenten \u2013 die Interessen seiner Agrarsektor ganz nach vorne stellen wird. Gleichzeitig verlangt Afrika vehement, dass das neue Abkommen bereits in Peking mit einer Kostensch\u00e4tzung einhergehen muss und zus\u00e4tzlichen Finanzhilfen der Industriestaaten.<\/p>\n<div id=\"attachment_4481\" style=\"width: 310px\" class=\"wp-caption alignleft\"><a href=\"https:\/\/blogs.nabu.de\/naturschaetze-retten\/wp-content\/uploads\/sites\/3\/2018\/11\/IMG_20181125_101437.jpg\"><img aria-describedby=\"caption-attachment-4481\" data-attachment-id=\"4481\" data-permalink=\"https:\/\/blogs.nabu.de\/naturschaetze-retten\/cop-corner-feuer\/img_20181125_101437\/\" data-orig-file=\"https:\/\/blogs.nabu.de\/naturschaetze-retten\/wp-content\/uploads\/sites\/3\/2018\/11\/IMG_20181125_101437.jpg\" data-orig-size=\"800,632\" data-comments-opened=\"1\" data-image-meta=\"{&quot;aperture&quot;:&quot;0&quot;,&quot;credit&quot;:&quot;&quot;,&quot;camera&quot;:&quot;&quot;,&quot;caption&quot;:&quot;&quot;,&quot;created_timestamp&quot;:&quot;0&quot;,&quot;copyright&quot;:&quot;&quot;,&quot;focal_length&quot;:&quot;0&quot;,&quot;iso&quot;:&quot;0&quot;,&quot;shutter_speed&quot;:&quot;0&quot;,&quot;title&quot;:&quot;&quot;,&quot;orientation&quot;:&quot;0&quot;}\" data-image-title=\"IMG_20181125_101437\" data-image-description=\"\" data-image-caption=\"&lt;p&gt;Ein Teil der 30k\u00f6pfigen Delegation von BirdLife International, die Verteter aus Afrika, Asien und Europa umfasst. Foto K.Kreiser&lt;\/p&gt;\n\" data-medium-file=\"https:\/\/blogs.nabu.de\/naturschaetze-retten\/wp-content\/uploads\/sites\/3\/2018\/11\/IMG_20181125_101437-300x237.jpg\" data-large-file=\"https:\/\/blogs.nabu.de\/naturschaetze-retten\/wp-content\/uploads\/sites\/3\/2018\/11\/IMG_20181125_101437.jpg\" decoding=\"async\" loading=\"lazy\" class=\"size-medium wp-image-4481\" src=\"https:\/\/blogs.nabu.de\/naturschaetze-retten\/wp-content\/uploads\/sites\/3\/2018\/11\/IMG_20181125_101437-300x237.jpg\" alt=\"\" width=\"300\" height=\"237\" \/><\/a><p id=\"caption-attachment-4481\" class=\"wp-caption-text\">Ein Teil der 30k\u00f6pfigen Delegation von BirdLife International, die Verteter aus Afrika, Asien und Europa umfasst. Foto K.Kreiser<\/p><\/div>\n<p>Deutschland setzt sich lobenswerterweise stark f\u00fcr die Beteiligung der Zivilgesellschaft im Prozess f\u00fcr ein neues Abkommen\u00a0 \u2013 besonders wichtig, da dieser stark von der chinesischen Regierung beeinflusst wird. Im Fr\u00fchjahr 2019\u00a0 will die Bundesregierung staatliche und nicht-staatliche Akteure aus ganz Europa zu einer gro\u00dfen Konferenz einladen, um m\u00f6gliche Elemente des Pekinger Abkommens zu beraten.<\/p>\n<p>In den n\u00e4chsten kommenden zwei Tagen wird sich herausstellen ob noch mehr Feuer in den Korridoren und Verhandlungsr\u00e4umen ausbrechen oder ob die Schwelbr\u00e4nde gel\u00f6scht werden k\u00f6nnen, die es schon gibt. Die Fische vor Scharm el-Scheich werden unterdessen in Ruhe weiter ihre Kreise ziehen.<\/p>\n<!-- Begin Yuzo --><div class='yuzo_related_post style-1'  data-version='5.12.74'><!-- without result --><div class='yuzo_clearfixed yuzo__title yuzo__title'><h3>Das k\u00f6nnte Sie auch interessieren<\/h3><\/div>\n\t\t\t\t\t\t  <div class=\"relatedthumb \" style=\"width:125px;float:left;overflow:hidden;\">  \n\t\t\t\t\t\t\t  \n\t\t\t\t\t\t\t  <a  href=\"https:\/\/blogs.nabu.de\/naturschaetze-retten\/die-cop28-riesige-feigenblaetter-fuer-den-immer-katastrophaleren-status-quo\/\"  >\n\t\t\t\t\t\t\t\t\t  <div class=\"yuzo-img-wrap \" style=\"width: 125px;height:90px;\">\n\t\t\t\t\t\t\t\t\t\t\n\t\t\t\t\t\t\t\t\t\t<div class=\"yuzo-img\" style=\"background:url('https:\/\/blogs.nabu.de\/naturschaetze-retten\/wp-content\/uploads\/sites\/3\/2023\/02\/NABU_Agrar_Blog_Titel-e1633602782456-1-e1682346078496.jpg') 50% 50% no-repeat;width: 125px;height:90px;margin-bottom: 5px;background-size: cover; \"><\/div>\n\t\t\t\t\t\t\t\t\t  <\/div>\n\t\t\t\t\t\t\t\t\t  \n\t\t\t\t\t\t\t\t   <span class=\"yuzo__text--title\" style=\"font-size:13px;\">Die COP28 \u2013 riesige Feigenbl\u00e4tter f\u00fcr den immer ka...<\/span>\n\t\t\t\t\t\t\t  \n\t\t\t\t\t\t\t  \n\t\t\t\t\t\t\t  <\/a>\n\n\t\t\t\t\t\t  <\/div>\n\t\t\t\t\t\t  <div class=\"relatedthumb \" style=\"width:125px;float:left;overflow:hidden;\">  \n\t\t\t\t\t\t\t  \n\t\t\t\t\t\t\t  <a  href=\"https:\/\/blogs.nabu.de\/naturschaetze-retten\/die-nordsee-ist-keine-muellhalde\/\"  >\n\t\t\t\t\t\t\t\t\t  <div class=\"yuzo-img-wrap \" style=\"width: 125px;height:90px;\">\n\t\t\t\t\t\t\t\t\t\t\n\t\t\t\t\t\t\t\t\t\t<div class=\"yuzo-img\" style=\"background:url('https:\/\/blogs.nabu.de\/naturschaetze-retten\/wp-content\/uploads\/sites\/3\/2023\/11\/Blogs-1200x8001-1-340x226.png') 50% 50% no-repeat;width: 125px;height:90px;margin-bottom: 5px;background-size: cover; \"><\/div>\n\t\t\t\t\t\t\t\t\t  <\/div>\n\t\t\t\t\t\t\t\t\t  \n\t\t\t\t\t\t\t\t   <span class=\"yuzo__text--title\" style=\"font-size:13px;\">Die Nordsee ist keine M\u00fcllhalde<\/span>\n\t\t\t\t\t\t\t  \n\t\t\t\t\t\t\t  \n\t\t\t\t\t\t\t  <\/a>\n\n\t\t\t\t\t\t  <\/div>\n\t\t\t\t\t\t  <div class=\"relatedthumb \" style=\"width:125px;float:left;overflow:hidden;\">  \n\t\t\t\t\t\t\t  \n\t\t\t\t\t\t\t  <a  href=\"https:\/\/blogs.nabu.de\/naturschaetze-retten\/gap-konsultation\/\"  >\n\t\t\t\t\t\t\t\t\t  <div class=\"yuzo-img-wrap \" style=\"width: 125px;height:90px;\">\n\t\t\t\t\t\t\t\t\t\t\n\t\t\t\t\t\t\t\t\t\t<div class=\"yuzo-img\" style=\"background:url('https:\/\/blogs.nabu.de\/naturschaetze-retten\/wp-content\/uploads\/sites\/3\/2017\/02\/BirdLife2-340x226.png') 50% 50% no-repeat;width: 125px;height:90px;margin-bottom: 5px;background-size: cover; \"><\/div>\n\t\t\t\t\t\t\t\t\t  <\/div>\n\t\t\t\t\t\t\t\t\t  \n\t\t\t\t\t\t\t\t   <span class=\"yuzo__text--title\" style=\"font-size:13px;\">Die Agrardebatte ist er\u00f6ffnet!<\/span>\n\t\t\t\t\t\t\t  \n\t\t\t\t\t\t\t  \n\t\t\t\t\t\t\t  <\/a>\n\n\t\t\t\t\t\t  <\/div>\n\t\t\t\t\t\t  <div class=\"relatedthumb \" style=\"width:125px;float:left;overflow:hidden;\">  \n\t\t\t\t\t\t\t  \n\t\t\t\t\t\t\t  <a  href=\"https:\/\/blogs.nabu.de\/naturschaetze-retten\/nabu-gap-ticker-2018-10-24\/\"  >\n\t\t\t\t\t\t\t\t\t  <div class=\"yuzo-img-wrap \" style=\"width: 125px;height:90px;\">\n\t\t\t\t\t\t\t\t\t\t\n\t\t\t\t\t\t\t\t\t\t<div class=\"yuzo-img\" style=\"background:url('https:\/\/blogs.nabu.de\/naturschaetze-retten\/wp-content\/uploads\/sites\/3\/2018\/06\/nabu-agrar-ticker-340x226.jpg') 50% 50% no-repeat;width: 125px;height:90px;margin-bottom: 5px;background-size: cover; \"><\/div>\n\t\t\t\t\t\t\t\t\t  <\/div>\n\t\t\t\t\t\t\t\t\t  \n\t\t\t\t\t\t\t\t   <span class=\"yuzo__text--title\" style=\"font-size:13px;\">NABU-GAP-Ticker: Mehr Umweltambition bitte! &#8211...<\/span>\n\t\t\t\t\t\t\t  \n\t\t\t\t\t\t\t  \n\t\t\t\t\t\t\t  <\/a>\n\n\t\t\t\t\t\t  <\/div>\n<\/div> <style>\n\t\t\t\t\t\t\t\t.yuzo_related_post img{width:120px !important; height:110px !important;}\n\t\t\t\t\t\t\t\t.yuzo_related_post .relatedthumb{line-height:15px;background: !important;color:!important;}\n\t\t\t\t\t\t\t\t.yuzo_related_post .relatedthumb:hover{background:#fcfcf4 !important; -webkit-transition: background 0.2s linear; -moz-transition: background 0.2s linear; -o-transition: background 0.2s linear; transition: background 0.2s linear;;color:!important;}\n\t\t\t\t\t\t\t\t.yuzo_related_post .relatedthumb a{color:!important;}\n\t\t\t\t\t\t\t\t.yuzo_related_post .relatedthumb a:hover{ color:}!important;}\n\t\t\t\t\t\t\t\t.yuzo_related_post .relatedthumb:hover a{ color:!important;}\n\t\t\t\t\t\t\t\t.yuzo_related_post .yuzo_text {color:!important;}\n\t\t\t\t\t\t\t\t.yuzo_related_post .relatedthumb:hover .yuzo_text {color:!important;}\n\t\t\t\t\t\t\t\t.yuzo_related_post .relatedthumb{  margin: 0px  0px  0px  0px;   padding: 5px  5px  5px  5px;  }\n\t\t\t\t\t\t\t\t\n\t\t\t\t\t\t\t\t<\/style> <script>\n\t\t\t\t\t\t  jQuery(document).ready(function( $ ){\n\t\t\t\t\t\t\t\/\/jQuery('.yuzo_related_post').equalizer({ overflow : 'relatedthumb' });\n\t\t\t\t\t\t\tjQuery('.yuzo_related_post .yuzo_wraps').equalizer({ columns : '> div' });\n\t\t\t\t\t\t   })\n\t\t\t\t\t\t  <\/script> <!-- End Yuzo :) -->","protected":false},"excerpt":{"rendered":"<p>Die letzten 48 Stunden der Verhandlungen zeigen: Auf der Weltnaturschutzkonferenz geht es um knallharte Interessen aber auch den starken Willen zur Einigung.<\/p>\n","protected":false},"author":23,"featured_media":4477,"comment_status":"open","ping_status":"closed","sticky":false,"template":"","format":"image","meta":{"jetpack_post_was_ever_published":false},"categories":[63,1],"tags":[35,44,21],"jetpack_featured_media_url":"https:\/\/blogs.nabu.de\/naturschaetze-retten\/wp-content\/uploads\/sites\/3\/2018\/11\/DSCN5731.jpg","jetpack-related-posts":[{"id":4505,"url":"https:\/\/blogs.nabu.de\/naturschaetze-retten\/cop-corner-meeresschutz\/","url_meta":{"origin":4465,"position":0},"title":"COP-CORNER: R\u00fcckschlag f\u00fcr den Meeresschutz","date":"29. November 2018","format":"image","excerpt":"Die ansonsten erfolgreiche Weltnaturschutzkonferenz in \u00c4gypten endete f\u00fcr den Meeresschutz mit einem entt\u00e4uschenden Ergebnis. Schuld sind Territorialstreitigkeiten vieler Staaten.","rel":"","context":"In &quot;Globales&quot;","img":{"alt_text":"","src":"https:\/\/i0.wp.com\/blogs.nabu.de\/naturschaetze-retten\/wp-content\/uploads\/sites\/3\/2018\/11\/Egypt_COP14_Logo_Final_Horizontal_Text_Beside-1.png?resize=350%2C200&ssl=1","width":350,"height":200},"classes":[]},{"id":2688,"url":"https:\/\/blogs.nabu.de\/naturschaetze-retten\/nervenkrieg\/","url_meta":{"origin":4465,"position":1},"title":"COP-Corner: Die Seeschlacht von Canc\u00fan","date":"17. Dezember 2016","format":"image","excerpt":"In Canc\u00fan spielt sich auf den letzten Metern der Konferenz ein Nervenkrieg \u00fcber den Meeresschutz ab.","rel":"","context":"In &quot;Globales&quot;","img":{"alt_text":"","src":"https:\/\/i0.wp.com\/blogs.nabu.de\/naturschaetze-retten\/wp-content\/uploads\/sites\/3\/2016\/12\/Wei\u00dfspitzenhochseehai_Autor_Raimund-Paris.jpg?resize=350%2C200&ssl=1","width":350,"height":200},"classes":[]},{"id":4492,"url":"https:\/\/blogs.nabu.de\/naturschaetze-retten\/cop-corner-finale\/","url_meta":{"origin":4465,"position":2},"title":"COP-Corner: Das Finale am Roten Meer","date":"29. November 2018","format":"image","excerpt":"Nahezu alle Entscheidungen der Weltnaturschutzkonferenz sind teilweise unter gro\u00dfen M\u00fchen gefallen. Doch der Meeresschutz h\u00e4ngt noch in der Luft.","rel":"","context":"In &quot;Globales&quot;","img":{"alt_text":"","src":"https:\/\/i0.wp.com\/blogs.nabu.de\/naturschaetze-retten\/wp-content\/uploads\/sites\/3\/2018\/11\/Minister.jpg?resize=350%2C200&ssl=1","width":350,"height":200},"classes":[]},{"id":8606,"url":"https:\/\/blogs.nabu.de\/naturschaetze-retten\/meeresschutz-kein-land-in-sicht\/","url_meta":{"origin":4465,"position":3},"title":"Meeresschutz: (noch) kein Land in Sicht","date":"11. November 2025","format":"image","excerpt":"Aktuelle Gesetzgebungsverfahren zeigen: Deutschland muss das Sektordenken \u00fcberwinden, um beim Meeresschutz endlich voranzukommen. Die im November 2025 im Bundestag und Bundeskabinett beratenen Gesetzentw\u00fcrfe stehen symptomatisch f\u00fcr die Zersplitterung der deutschen Meerespolitik. Mit gleich f\u00fcnf Gesetzen werden die Weichen in den Meeren gestellt, aber eine klare Zielrichtung ist nicht erkennbar. Werfen\u2026","rel":"","context":"In &quot;Meeresschutz&quot;","img":{"alt_text":"Eine Luftaufnahme des Wattenmeeres zeigt die feinen Ver\u00e4stelungen von Land und Meer","src":"https:\/\/i0.wp.com\/blogs.nabu.de\/naturschaetze-retten\/wp-content\/uploads\/sites\/3\/2025\/11\/jjmmdd-Wattstrukturen-im-Wattenmeer-imageBROKER.com-Holger-Weitzel-766x383-1.jpg?resize=350%2C200&ssl=1","width":350,"height":200},"classes":[]},{"id":2962,"url":"https:\/\/blogs.nabu.de\/naturschaetze-retten\/meeresschutzgebiete-vor-dem-aus\/","url_meta":{"origin":4465,"position":4},"title":"Schutzgebiete vor dem Aus?","date":"24. M\u00e4rz 2017","format":"image","excerpt":"Deutschlands Meeresschutz steht auf der Kippe. Es droht der Ausverkauf der Meere. Unterst\u00fctzen Sie den Appell der Umweltverb\u00e4nde und schreiben Sie der Kanzlerin eine Protestmail!","rel":"","context":"In &quot;Naturschutzpolitik &amp; Praxis&quot;","img":{"alt_text":"","src":"https:\/\/i0.wp.com\/blogs.nabu.de\/naturschaetze-retten\/wp-content\/uploads\/sites\/3\/2017\/03\/SOS-no-2-Website_Banner_extern.png?resize=350%2C200&ssl=1","width":350,"height":200},"classes":[]},{"id":8110,"url":"https:\/\/blogs.nabu.de\/naturschaetze-retten\/hhe25\/","url_meta":{"origin":4465,"position":5},"title":"Haushaltsentwurf 2025 &#8211; Welche \u00c4nderungen gibt es im Naturschutz","date":"10. September 2024","format":"image","excerpt":"Mitte August hat die Bundesregierung ihren Entwurf f\u00fcr den Haushaltsplan 2025 vorgelegt. Dieser wird Mitte September in erster Lesung im Bundestag beraten. Zu dieser Haushaltswoche, geben wir hier einen \u00dcberblick f\u00fcr den Naturschutz. Eine \u00dcberlegung vorab\u00a0 Auch der Naturschutz ist von Inflation betroffen, sei es durch Personalkosten, steigende Mieten oder\u2026","rel":"","context":"In &quot;Natursch\u00e4tze.Retten&quot;","img":{"alt_text":"","src":"https:\/\/i0.wp.com\/blogs.nabu.de\/naturschaetze-retten\/wp-content\/uploads\/sites\/3\/2024\/09\/Artikel-zum-Haushalt-Quelle-BirdLife-Europe-and-Central-Asia-3.jpg?resize=350%2C200&ssl=1","width":350,"height":200},"classes":[]}],"jetpack_shortlink":"https:\/\/wp.me\/p67kDA-1a1","_links":{"self":[{"href":"https:\/\/blogs.nabu.de\/naturschaetze-retten\/wp-json\/wp\/v2\/posts\/4465"}],"collection":[{"href":"https:\/\/blogs.nabu.de\/naturschaetze-retten\/wp-json\/wp\/v2\/posts"}],"about":[{"href":"https:\/\/blogs.nabu.de\/naturschaetze-retten\/wp-json\/wp\/v2\/types\/post"}],"author":[{"embeddable":true,"href":"https:\/\/blogs.nabu.de\/naturschaetze-retten\/wp-json\/wp\/v2\/users\/23"}],"replies":[{"embeddable":true,"href":"https:\/\/blogs.nabu.de\/naturschaetze-retten\/wp-json\/wp\/v2\/comments?post=4465"}],"version-history":[{"count":8,"href":"https:\/\/blogs.nabu.de\/naturschaetze-retten\/wp-json\/wp\/v2\/posts\/4465\/revisions"}],"predecessor-version":[{"id":4488,"href":"https:\/\/blogs.nabu.de\/naturschaetze-retten\/wp-json\/wp\/v2\/posts\/4465\/revisions\/4488"}],"wp:featuredmedia":[{"embeddable":true,"href":"https:\/\/blogs.nabu.de\/naturschaetze-retten\/wp-json\/wp\/v2\/media\/4477"}],"wp:attachment":[{"href":"https:\/\/blogs.nabu.de\/naturschaetze-retten\/wp-json\/wp\/v2\/media?parent=4465"}],"wp:term":[{"taxonomy":"category","embeddable":true,"href":"https:\/\/blogs.nabu.de\/naturschaetze-retten\/wp-json\/wp\/v2\/categories?post=4465"},{"taxonomy":"post_tag","embeddable":true,"href":"https:\/\/blogs.nabu.de\/naturschaetze-retten\/wp-json\/wp\/v2\/tags?post=4465"}],"curies":[{"name":"wp","href":"https:\/\/api.w.org\/{rel}","templated":true}]}}