{"id":4314,"date":"2018-10-24T13:28:22","date_gmt":"2018-10-24T11:28:22","guid":{"rendered":"http:\/\/blogs.nabu.de\/naturschaetze-retten\/?p=4314"},"modified":"2018-10-24T13:28:22","modified_gmt":"2018-10-24T11:28:22","slug":"nabu-gap-ticker-2018-10-24","status":"publish","type":"post","link":"https:\/\/blogs.nabu.de\/naturschaetze-retten\/nabu-gap-ticker-2018-10-24\/","title":{"rendered":"NABU-GAP-Ticker: Mehr Umweltambition bitte! &#8211;  Bundesrat gibt Bundesregierung Auftrag f\u00fcr GAP-Verhandlungen"},"content":{"rendered":"<p><img decoding=\"async\" src=\"https:\/\/blogs.nabu.de\/naturschaetze-retten\/wp-content\/uploads\/sites\/3\/2018\/06\/Gap_Ticker_Head_schmal.jpg\" \/><\/p>\n<p><strong>24. Oktober 2018.\u00a0<\/strong>Am vergangenen Freitag hat der Bundesrat einen Beschluss zu den GAP-Vorschl\u00e4gen der EU-Kommission gefasst und damit einen wichtigen Beitrag f\u00fcr die deutsche Regierungsposition geliefert. Die Forderungen der L\u00e4nder sind als klares Mandat f\u00fcr Agrarministerin Julia Kl\u00f6ckner zu verstehen, sich bei den Verhandlungen in Br\u00fcssel f\u00fcr eine St\u00e4rkung zielgerichteter Zahlungen f\u00fcr Umwelt- Klima- und Naturschutz einzusetzen.<\/p>\n<p><!--more--><\/p>\n<p>Bereits vor zwei Wochen hatten sich ausschlie\u00dflich <a href=\"https:\/\/blogs.nabu.de\/naturschaetze-retten\/nabu-gap-ticker-agrarministern-gelingt-kunststueck\/\" target=\"_blank\" rel=\"noopener\">die Agrarminister der L\u00e4nder auf der Agrarministerkonferenz (AMK) in Bad Sassendorf zur GAP positioniert<\/a>\u00a0. Die nun im Bundesrat abgestimmte Position erfolgte allerdings auch unter Mitsprache der relevanten Akteure in Umwelt- Finanz- und EU-Ausschuss. So kam eine sehr umfangreiche und aus Umwelt- und Naturschutzsicht vielversprechende <a href=\"https:\/\/www.bundesrat.de\/SharedDocs\/drucksachen\/2018\/0201-0300\/246-1-18.pdf?__blob=publicationFile&amp;v=1\" target=\"_blank\" rel=\"noopener\">Beschlussempfehlung der Aussch\u00fcsse<\/a> am Freitag im Plenum Ziffer f\u00fcr Ziffer zur Abstimmung. Zugestimmt wurde den Ziff. 1, 2, 4, 6 \u2013 10, 12 \u2013 19, 21 \u2013 29, 31 \u2013 33, 37, 38, 40, 44 \u2013 66, 68, 70 \u2013 82.<\/p>\n<p>Im finalen Beschluss (Protokoll und Beschluss noch nicht ver\u00f6ffentlicht) deutlich benannt ist beispielsweise die Kritik des Bundesrats an den geplanten \u00fcberproportionalen K\u00fcrzungen in der 2. S\u00e4ule. Die bisher bestehende eklatante <a href=\"http:\/\/www.spiegel.de\/wissenschaft\/natur\/umweltministerium-finanzierungsluecke-beim-naturschutz-a-1210444.html\" target=\"_blank\" rel=\"noopener\">Finanzierungsl\u00fccke f\u00fcr den Naturschutz<\/a> wird vom Bundesrat best\u00e4tigt und daraus resultierend gefordert, dass die Bundesregierung sich f\u00fcr eine Verbesserung der EU-Naturschutzfinanzierung (&#8222;sp\u00fcrbar&#8220; bessere Mittelausstattung f\u00fcr die Umsetzung von Natura2000 in der 2. S\u00e4ule) einsetzen sollte. Au\u00dferdem soll auch mit der 1. S\u00e4ule k\u00fcnftig ein zielgerichteter und ambitionierterer Beitrag zur St\u00e4rkung der biologischen Vielfalt und zum Klima- und Ressourcenschutz erreicht werden k\u00f6nnen. In diesem Zusammenhang wird klar betont, dass finanzielle Anreize f\u00fcr die Landwirte erforderlich sind, um die Biodiversit\u00e4t zu verbessern.<\/p>\n<p>Die Konditionalit\u00e4t bzw. Grundanforderung f\u00fcr den Erhalt der Direktzahlungen soll Umweltziele besser erreichen als bisher. Hierzu wird vermerkt, dass europaweit einheitliche ambitionierte Mindeststandards im Bereich des Natur- und Umweltschutzes signifikant dazu beitragen, ein Wettbewerb um die niedrigsten Standards in der EU zu verhindern. Damit verbunden wird der Apell, eindeutige EU-weite Regelungen\/Konditionalit\u00e4ten zu schaffen und dies nicht den nationalen Ausgestaltungen der Mitgliedsstaaten zu \u00fcberlassen. Weiterhin sollen in der sog. &#8222;Gr\u00fcnen Architektur&#8220; Konditionalit\u00e4t, Eco-Schemes und Agrarumwelt- und Klimaschutzma\u00dfnahmen zielgerichtet ausgestalten und kombiniert werden, um die Landwirtschaft zuk\u00fcnftig umwelt-, klima-, tier- und naturvertr\u00e4glicher zu gestalten. Vom Bundesrat begr\u00fc\u00dft wird hierf\u00fcr die Beteiligung von Umweltverwaltungen bei der Erstellung der Strategiepl\u00e4ne und bei der Umsetzung der GAP.<\/p>\n<p>Aus Naturschutzsicht bedenklich ist der Wunsch des Bundesrats, die Indikatoren und die j\u00e4hrliche \u00dcberpr\u00fcfung der Zielerreichung der GAP in den Mitgliedsstaaten zu Zwecken des B\u00fcrokratieabbaus einzuschr\u00e4nken. Hier ist eine Verw\u00e4sserung der \u00dcberpr\u00fcfbarkeit der Umweltleistungen unter dem Deckmantel der Vereinfachung zu bef\u00fcrchten.<\/p>\n<p>Au\u00dferdem kritisiert der NABU, dass die Formulierung mit einem deutlichen Bekenntnis zum Grundsatz &#8222;\u00f6ffentliches Geld f\u00fcr \u00f6ffentliche Leistungen&#8220; sowie zum Ende der umweltsch\u00e4dlichen Subventionen, erstaunlicherweise nicht die erforderliche Mehrheit der Bundesl\u00e4nder gewinnen konnte. Leider konnten sich die Bundesl\u00e4nder auch nicht zu einer Forderung nach einem Mindestbudget f\u00fcr die Eco Schemes in der 1. S\u00e4ule durchringen. Die grunds\u00e4tzlich von ihnen bef\u00fcrwortete anreizbezogenen Zahlungen f\u00fcr solche Eco Scheme-Ma\u00dfnahmen wollten die L\u00e4nder leider nicht konsequent genauer festlegen und lie\u00dfen die dazugeh\u00f6rige vorgeschlagene Formulierung in der Abstimmung durchfallen. Auch die an anderen Stellen stehenden konkreten Empfehlungen der Aussch\u00fcsse zur verbesserten Mittelausstattung f\u00fcr die Bereiche Umwelt-, Natur-, Tier- und Klimaschutz erhielten keine Mehrheit der L\u00e4nder. Hier zeigt sich leider an einigen Stellen ein Z\u00f6gern der Bundesl\u00e4nder, ihre allgemeinen W\u00fcnsche nach Verbesserungen in der GAP mit tats\u00e4chlich greifbaren Forderungen zu untermauern. Aus Sicht des NABU wurde hier die Chance verpasst, der Bundesregierung noch deutlichere Auftr\u00e4ge mitzugeben f\u00fcr die derzeit laufenden Verhandlungen in Br\u00fcssel.<\/p>\n<p>Auch wenn einige \u00a0detailliertere Punkte das Mandat noch klarer h\u00e4tten machen k\u00f6nnen, so ist das Abstimmungsergebnis aus Sicht des NABU ein eindeutiges Zeichnen an Frau Kl\u00f6ckner: Die L\u00e4nder fordern mehr Ambition beim Umwelt- Natur- und Klimaschutz! Die Agrarministerin steht jetzt mehr denn je in der Pflicht, die Interessen der deutschen Bundesl\u00e4nder in Br\u00fcssel deutlich zu vertreten. Schon beim n\u00e4chsten Agrarrat am 19.11. sollte Julia Kl\u00f6ckner alles daran setzen, ihre europ\u00e4ischen Agrarministerkolleginnen und -kollegen davon zu \u00fcberzeugen, dass die zuk\u00fcnftige GAP nur mit EU-weit einheitlichen und ambitionierten Standards und Zielen die Chance hat, eine Erfolgsstory f\u00fcr Natur &amp; Landwirtschaft zu werden!<\/p>\n<p>&nbsp;<\/p>\n<blockquote>\n<h3><strong><em>Der NABU-GAP-Ticker<\/em><\/strong><\/h3>\n<p><em>Was steht auf dem Spiel f\u00fcr Insekten, Bauernh\u00f6fe und unsere l\u00e4ndlichen R\u00e4ume? Was sagt Julia Kl\u00f6ckner in Br\u00fcssel? Wie stimmen unsere Abgeordneten ab? Was passiert hinter den Kullissen? Im NABU-GAP-Ticker informieren wir \u00fcber die Verhandlungen zur k\u00fcnftigen EU-Agrarpolitik &#8211; denn wir meinen, die Zeit der Hinterzimmerdeals ist vorbei. Es geht um viel &#8211; und die \u00d6ffentlichkeit hat ein Recht zu wissen, wie der Milliardenpoker um die Gemeinsame Agrarpolitik der EU abl\u00e4uft. Abonnieren Sie diesen Blog um auf dem Laufenden zu bleiben, stellen Sie Fragen und diskutieren Sie mit uns \u00fcber die Kommentarfunktion. Hintergrundinfos auf <a href=\"http:\/\/www.NeueAgrarpolitik.eu\" target=\"_blank\" rel=\"noopener\">www.NABU.de\/agrarreform2021<\/a>. Folgen Sie uns auch auf Twitter: <a href=\"https:\/\/twitter.com\/NABU_Biodiv\" target=\"_blank\" rel=\"noopener\">@NABU_biodiv<\/a> &#8211; <a href=\"https:\/\/twitter.com\/hashtag\/FutureofCAP\" target=\"_blank\" rel=\"noopener\">#FutureOfCAP<\/a><\/em><\/p><\/blockquote>\n<p>Titefoto: Europ\u00e4ische Union 2013<\/p>\n<!-- Begin Yuzo --><div class='yuzo_related_post style-1'  data-version='5.12.74'><!-- without result --><div class='yuzo_clearfixed yuzo__title yuzo__title'><h3>Das k\u00f6nnte Sie auch interessieren<\/h3><\/div>\n\t\t\t\t\t\t  <div class=\"relatedthumb \" style=\"width:125px;float:left;overflow:hidden;\">  \n\t\t\t\t\t\t\t  \n\t\t\t\t\t\t\t  <a  href=\"https:\/\/blogs.nabu.de\/naturschaetze-retten\/umweltrat-aktionsplan\/\"  >\n\t\t\t\t\t\t\t\t\t  <div class=\"yuzo-img-wrap \" style=\"width: 125px;height:90px;\">\n\t\t\t\t\t\t\t\t\t\t\n\t\t\t\t\t\t\t\t\t\t<div class=\"yuzo-img\" style=\"background:url('https:\/\/blogs.nabu.de\/naturschaetze-retten\/wp-content\/uploads\/sites\/3\/2017\/06\/AKtionsplan-340x226.jpg') 50% 50% no-repeat;width: 125px;height:90px;margin-bottom: 5px;background-size: cover; \"><\/div>\n\t\t\t\t\t\t\t\t\t  <\/div>\n\t\t\t\t\t\t\t\t\t  \n\t\t\t\t\t\t\t\t   <span class=\"yuzo__text--title\" style=\"font-size:13px;\">Starkes Signal der Umweltminister zum EU-Aktionspl...<\/span>\n\t\t\t\t\t\t\t  \n\t\t\t\t\t\t\t  \n\t\t\t\t\t\t\t  <\/a>\n\n\t\t\t\t\t\t  <\/div>\n\t\t\t\t\t\t  <div class=\"relatedthumb \" style=\"width:125px;float:left;overflow:hidden;\">  \n\t\t\t\t\t\t\t  \n\t\t\t\t\t\t\t  <a  href=\"https:\/\/blogs.nabu.de\/naturschaetze-retten\/wissenschaftler-fordern-verbot-bleihaltiger-jagdmunition\/\"  >\n\t\t\t\t\t\t\t\t\t  <div class=\"yuzo-img-wrap \" style=\"width: 125px;height:90px;\">\n\t\t\t\t\t\t\t\t\t\t\n\t\t\t\t\t\t\t\t\t\t<div class=\"yuzo-img\" style=\"background:url('https:\/\/blogs.nabu.de\/naturschaetze-retten\/wp-content\/plugins\/yuzo-related-post\/assets\/images\/default.png') 50% 50% no-repeat;width: 125px;height:90px;margin-bottom: 5px;background-size: cover; \"><\/div>\n\t\t\t\t\t\t\t\t\t  <\/div>\n\t\t\t\t\t\t\t\t\t  \n\t\t\t\t\t\t\t\t   <span class=\"yuzo__text--title\" style=\"font-size:13px;\">Wissenschaftler fordern Verbot bleihaltiger Jagdmu...<\/span>\n\t\t\t\t\t\t\t  \n\t\t\t\t\t\t\t  \n\t\t\t\t\t\t\t  <\/a>\n\n\t\t\t\t\t\t  <\/div>\n\t\t\t\t\t\t  <div class=\"relatedthumb \" style=\"width:125px;float:left;overflow:hidden;\">  \n\t\t\t\t\t\t\t  \n\t\t\t\t\t\t\t  <a  href=\"https:\/\/blogs.nabu.de\/naturschaetze-retten\/aktionsplan\/\"  >\n\t\t\t\t\t\t\t\t\t  <div class=\"yuzo-img-wrap \" style=\"width: 125px;height:90px;\">\n\t\t\t\t\t\t\t\t\t\t\n\t\t\t\t\t\t\t\t\t\t<div class=\"yuzo-img\" style=\"background:url('https:\/\/blogs.nabu.de\/naturschaetze-retten\/wp-content\/uploads\/sites\/3\/2017\/03\/BetterFunding_NatureAlert-340x226.jpg') 50% 50% no-repeat;width: 125px;height:90px;margin-bottom: 5px;background-size: cover; \"><\/div>\n\t\t\t\t\t\t\t\t\t  <\/div>\n\t\t\t\t\t\t\t\t\t  \n\t\t\t\t\t\t\t\t   <span class=\"yuzo__text--title\" style=\"font-size:13px;\">Nature, People and the Economy<\/span>\n\t\t\t\t\t\t\t  \n\t\t\t\t\t\t\t  \n\t\t\t\t\t\t\t  <\/a>\n\n\t\t\t\t\t\t  <\/div>\n\t\t\t\t\t\t  <div class=\"relatedthumb \" style=\"width:125px;float:left;overflow:hidden;\">  \n\t\t\t\t\t\t\t  \n\t\t\t\t\t\t\t  <a  href=\"https:\/\/blogs.nabu.de\/naturschaetze-retten\/wegfall-der-brache-studie-belegt-rueckschritt-fuer-den-naturschutz\/\"  >\n\t\t\t\t\t\t\t\t\t  <div class=\"yuzo-img-wrap \" style=\"width: 125px;height:90px;\">\n\t\t\t\t\t\t\t\t\t\t\n\t\t\t\t\t\t\t\t\t\t<div class=\"yuzo-img\" style=\"background:url('https:\/\/blogs.nabu.de\/naturschaetze-retten\/wp-content\/uploads\/sites\/3\/2024\/11\/Rebhuhn-Jan-Piecha-5-340x226.jpg') 50% 50% no-repeat;width: 125px;height:90px;margin-bottom: 5px;background-size: cover; \"><\/div>\n\t\t\t\t\t\t\t\t\t  <\/div>\n\t\t\t\t\t\t\t\t\t  \n\t\t\t\t\t\t\t\t   <span class=\"yuzo__text--title\" style=\"font-size:13px;\">Wegfall der Brache \u2013 Studie belegt R\u00fcckschritt f\u00fcr...<\/span>\n\t\t\t\t\t\t\t  \n\t\t\t\t\t\t\t  \n\t\t\t\t\t\t\t  <\/a>\n\n\t\t\t\t\t\t  <\/div>\n<\/div> <style>\n\t\t\t\t\t\t\t\t.yuzo_related_post img{width:120px !important; height:110px !important;}\n\t\t\t\t\t\t\t\t.yuzo_related_post .relatedthumb{line-height:15px;background: !important;color:!important;}\n\t\t\t\t\t\t\t\t.yuzo_related_post .relatedthumb:hover{background:#fcfcf4 !important; -webkit-transition: background 0.2s linear; -moz-transition: background 0.2s linear; -o-transition: background 0.2s linear; transition: background 0.2s linear;;color:!important;}\n\t\t\t\t\t\t\t\t.yuzo_related_post .relatedthumb a{color:!important;}\n\t\t\t\t\t\t\t\t.yuzo_related_post .relatedthumb a:hover{ color:}!important;}\n\t\t\t\t\t\t\t\t.yuzo_related_post .relatedthumb:hover a{ color:!important;}\n\t\t\t\t\t\t\t\t.yuzo_related_post .yuzo_text {color:!important;}\n\t\t\t\t\t\t\t\t.yuzo_related_post .relatedthumb:hover .yuzo_text {color:!important;}\n\t\t\t\t\t\t\t\t.yuzo_related_post .relatedthumb{  margin: 0px  0px  0px  0px;   padding: 5px  5px  5px  5px;  }\n\t\t\t\t\t\t\t\t\n\t\t\t\t\t\t\t\t<\/style> <script>\n\t\t\t\t\t\t  jQuery(document).ready(function( $ ){\n\t\t\t\t\t\t\t\/\/jQuery('.yuzo_related_post').equalizer({ overflow : 'relatedthumb' });\n\t\t\t\t\t\t\tjQuery('.yuzo_related_post .yuzo_wraps').equalizer({ columns : '> div' });\n\t\t\t\t\t\t   })\n\t\t\t\t\t\t  <\/script> <!-- End Yuzo :) -->","protected":false},"excerpt":{"rendered":"<p>24. Oktober 2018.\u00a0Am vergangenen Freitag hat der Bundesrat einen Beschluss zu den GAP-Vorschl\u00e4gen der EU-Kommission gefasst und damit einen wichtigen Beitrag f\u00fcr die deutsche Regierungsposition geliefert. Die Forderungen [&hellip;]<\/p>\n","protected":false},"author":66,"featured_media":3829,"comment_status":"open","ping_status":"closed","sticky":false,"template":"","format":"standard","meta":{"jetpack_post_was_ever_published":false},"categories":[66,107,1],"tags":[18,29,117],"jetpack_featured_media_url":"https:\/\/blogs.nabu.de\/naturschaetze-retten\/wp-content\/uploads\/sites\/3\/2018\/06\/nabu-agrar-ticker.jpg","jetpack-related-posts":[{"id":6281,"url":"https:\/\/blogs.nabu.de\/naturschaetze-retten\/nabu-agrar-blog-2021-10-06\/","url_meta":{"origin":4314,"position":0},"title":"Vom NABU-GAP-Ticker zum NABU-Agrar-Blog","date":"6. Oktober 2021","format":false,"excerpt":"Seit 2018 begleiten wir in diesem Blog die GAP. Auch nach den GAP-Verhandlungen wollen wir die Themen rund um Naturschutz und Landnutzung hochhalten: Der GAP-Ticker wird zum NABU-Agrar-Blog.","rel":"","context":"In &quot;NABU-Agrar-Blog&quot;","img":{"alt_text":"","src":"","width":0,"height":0},"classes":[]},{"id":6052,"url":"https:\/\/blogs.nabu.de\/naturschaetze-retten\/nabu-gap-ticker-gesetze-im-kabinett-licht-und-schatten\/","url_meta":{"origin":4314,"position":1},"title":"NABU-GAP-Ticker: Gesetze im Kabinett \u2013 Licht und Schatten","date":"16. April 2021","format":false,"excerpt":"16.04.2021: Nach wochenlangem Hin und Her zwischen dem Bundesministerium f\u00fcr Ern\u00e4hrung und Landwirtschaft (BMEL) und dem Bundesministerium f\u00fcr Umwelt (BMU) \u00fcber die Ausgestaltung der Gemeinsamen Agrarpolitik (GAP) in Deutschland haben sich die Ressorts auf einen Kompromiss einigen k\u00f6nnen. Die daraus entstandenen Gesetzesentw\u00fcrfe sind am vergangenen Dienstag im Kabinett abgestimmt worden\u2026","rel":"","context":"In &quot;Landwirtschaft &amp; Ern\u00e4hrung&quot;","img":{"alt_text":"","src":"https:\/\/i0.wp.com\/blogs.nabu.de\/naturschaetze-retten\/wp-content\/uploads\/sites\/3\/2018\/05\/gap_ticker.jpg?resize=350%2C200&ssl=1","width":350,"height":200},"classes":[]},{"id":4529,"url":"https:\/\/blogs.nabu.de\/naturschaetze-retten\/nabu-gap-ticker-2018-12-03\/","url_meta":{"origin":4314,"position":2},"title":"NABU-GAP-Ticker: Vom Kiebitz zur EU-Agrarpolitik: Wie muss die GAP zum Schutz der Biodiversit\u00e4t weiterentwickelt werden?","date":"3. Dezember 2018","format":false,"excerpt":"3. Dezember 2018.\u00a0Der Kiebitzbestand in Deutschland ist seit 1992 um 88 Prozent zur\u00fcckgegangen. Seit 2014 gibt es das F\u00f6rderprojekt \u201eDer Sympathietr\u00e4ger Kiebitz als Botschafter: Umsetzung eines Artenschutz-Projektes zur F\u00f6rderung des Kiebitzes in der Agrarlandschaft\u201c, das der NABU im Rahmen des Bundesprogramms Biologische Vielfalt durchf\u00fchrt. Wenn aber die EU-Agrarpolitik jetzt nicht\u2026","rel":"","context":"In &quot;Landwirtschaft &amp; Ern\u00e4hrung&quot;","img":{"alt_text":"","src":"https:\/\/i0.wp.com\/blogs.nabu.de\/naturschaetze-retten\/wp-content\/uploads\/sites\/3\/2018\/06\/nabu-agrar-ticker.jpg?resize=350%2C200&ssl=1","width":350,"height":200},"classes":[]},{"id":4070,"url":"https:\/\/blogs.nabu.de\/naturschaetze-retten\/gap-ticker-bund-laender-treffen-in-bruessel-umwelt-und-naturschutz-darf-auf-dem-heimweg-nicht-auf-der-strecke-bleiben\/","url_meta":{"origin":4314,"position":3},"title":"GAP-Ticker: Bund-L\u00e4nder-Treffen in Br\u00fcssel &#8211; Umwelt- und Naturschutz darf auf dem Heimweg nicht auf der Strecke bleiben","date":"11. Juli 2018","format":false,"excerpt":"11. Juli 2018 Anfang der Woche setzte sich eine Karawane bestehend aus der Landesagrarministern und Julia Kl\u00f6ckner nach Br\u00fcssel in Bewegung. Dort trafen die Minister auf EU-Landwirtschafskommissar Phil Hogan und EU-Haushaltskommissar G\u00fcnther Oettinger zu einem ersten Meinungsaustausch zu den Vorschl\u00e4gen der Kommission zur n\u00e4chsten GAP und dem n\u00e4chsten EU-Haushalt nach\u2026","rel":"","context":"In &quot;NABU-Agrar-Blog&quot;","img":{"alt_text":"","src":"https:\/\/i0.wp.com\/blogs.nabu.de\/naturschaetze-retten\/wp-content\/uploads\/sites\/3\/2018\/06\/nabu-agrar-ticker.jpg?resize=350%2C200&ssl=1","width":350,"height":200},"classes":[]},{"id":4318,"url":"https:\/\/blogs.nabu.de\/naturschaetze-retten\/nabu-gap-ticker-2018-10-26\/","url_meta":{"origin":4314,"position":4},"title":"NABU-GAP-Ticker: Mind the GAP: Naturschutzfinanzierung und die europ\u00e4ische Agrarpolitik","date":"26. Oktober 2018","format":false,"excerpt":"26. Oktober 2018. Im Oktober-Heft der Fachzeitschrift \u201eNaturschutz und Landschaftsplanung\u201c (Ulmer-Verlag, Stuttgart) hat Konstantin Kreiser, Leiter des Fachbereichs Globale und EU-Umweltpolitik, einen sehr lesenswerten Artikel zur besseren Finanzierung des Naturschutzes aus den Finanzquellen der Europ\u00e4ischen Union (EU) ver\u00f6ffentlicht, insbesondere der Gemeinsamen Agrarpolitik (GAP). \u00dcber diesen Beitrag hinaus enth\u00e4lt Heft 10\/2018\u2026","rel":"","context":"In &quot;Landwirtschaft &amp; Ern\u00e4hrung&quot;","img":{"alt_text":"","src":"https:\/\/i0.wp.com\/blogs.nabu.de\/naturschaetze-retten\/wp-content\/uploads\/sites\/3\/2018\/06\/nabu-agrar-ticker.jpg?resize=350%2C200&ssl=1","width":350,"height":200},"classes":[]},{"id":5363,"url":"https:\/\/blogs.nabu.de\/naturschaetze-retten\/nabu-gap-ticker-corona-und-umweltschutz\/","url_meta":{"origin":4314,"position":5},"title":"NABU-GAP-Ticker: K\u00f6nnen wir uns Umweltschutz in der Agrarpolitik jetzt noch leisten?","date":"29. M\u00e4rz 2020","format":"image","excerpt":"Forderungen, angesichts der Corona-Krise jetzt Umweltauflagen der Landwirtschaft zur\u00fcckzudrehen, gef\u00e4hrden langfristig die Zukunft der Lebensmittelproduktion.","rel":"","context":"In &quot;Landwirtschaft &amp; Ern\u00e4hrung&quot;","img":{"alt_text":"","src":"https:\/\/i0.wp.com\/blogs.nabu.de\/naturschaetze-retten\/wp-content\/uploads\/sites\/3\/2018\/06\/nabu-agrar-ticker.jpg?resize=350%2C200&ssl=1","width":350,"height":200},"classes":[]}],"jetpack_shortlink":"https:\/\/wp.me\/p67kDA-17A","_links":{"self":[{"href":"https:\/\/blogs.nabu.de\/naturschaetze-retten\/wp-json\/wp\/v2\/posts\/4314"}],"collection":[{"href":"https:\/\/blogs.nabu.de\/naturschaetze-retten\/wp-json\/wp\/v2\/posts"}],"about":[{"href":"https:\/\/blogs.nabu.de\/naturschaetze-retten\/wp-json\/wp\/v2\/types\/post"}],"author":[{"embeddable":true,"href":"https:\/\/blogs.nabu.de\/naturschaetze-retten\/wp-json\/wp\/v2\/users\/66"}],"replies":[{"embeddable":true,"href":"https:\/\/blogs.nabu.de\/naturschaetze-retten\/wp-json\/wp\/v2\/comments?post=4314"}],"version-history":[{"count":3,"href":"https:\/\/blogs.nabu.de\/naturschaetze-retten\/wp-json\/wp\/v2\/posts\/4314\/revisions"}],"predecessor-version":[{"id":4317,"href":"https:\/\/blogs.nabu.de\/naturschaetze-retten\/wp-json\/wp\/v2\/posts\/4314\/revisions\/4317"}],"wp:featuredmedia":[{"embeddable":true,"href":"https:\/\/blogs.nabu.de\/naturschaetze-retten\/wp-json\/wp\/v2\/media\/3829"}],"wp:attachment":[{"href":"https:\/\/blogs.nabu.de\/naturschaetze-retten\/wp-json\/wp\/v2\/media?parent=4314"}],"wp:term":[{"taxonomy":"category","embeddable":true,"href":"https:\/\/blogs.nabu.de\/naturschaetze-retten\/wp-json\/wp\/v2\/categories?post=4314"},{"taxonomy":"post_tag","embeddable":true,"href":"https:\/\/blogs.nabu.de\/naturschaetze-retten\/wp-json\/wp\/v2\/tags?post=4314"}],"curies":[{"name":"wp","href":"https:\/\/api.w.org\/{rel}","templated":true}]}}