{"id":364,"date":"2015-07-10T12:41:20","date_gmt":"2015-07-10T10:41:20","guid":{"rendered":"http:\/\/blogs.nabu.de\/naturschaetze-retten\/?p=364"},"modified":"2016-08-08T15:48:59","modified_gmt":"2016-08-08T13:48:59","slug":"endspurt","status":"publish","type":"post","link":"https:\/\/blogs.nabu.de\/naturschaetze-retten\/endspurt\/","title":{"rendered":"NatureAlert Countdown &#8211; Aufruf zum Endspurt!"},"content":{"rendered":"<h3><a href=\"http:\/\/www.naturealert.eu\/de\" target=\"_blank\"><img data-attachment-id=\"399\" data-permalink=\"https:\/\/blogs.nabu.de\/naturschaetze-retten\/endspurt\/naturealert-20-juli\/\" data-orig-file=\"https:\/\/blogs.nabu.de\/naturschaetze-retten\/wp-content\/uploads\/sites\/3\/2015\/07\/NatureAlert-20-Juli.jpg\" data-orig-size=\"821,359\" data-comments-opened=\"1\" data-image-meta=\"{&quot;aperture&quot;:&quot;0&quot;,&quot;credit&quot;:&quot;kkreiser&quot;,&quot;camera&quot;:&quot;&quot;,&quot;caption&quot;:&quot;&quot;,&quot;created_timestamp&quot;:&quot;1437400864&quot;,&quot;copyright&quot;:&quot;&quot;,&quot;focal_length&quot;:&quot;0&quot;,&quot;iso&quot;:&quot;0&quot;,&quot;shutter_speed&quot;:&quot;0&quot;,&quot;title&quot;:&quot;&quot;,&quot;orientation&quot;:&quot;0&quot;}\" data-image-title=\"NatureAlert 20 Juli\" data-image-description=\"\" data-image-caption=\"\" data-medium-file=\"https:\/\/blogs.nabu.de\/naturschaetze-retten\/wp-content\/uploads\/sites\/3\/2015\/07\/NatureAlert-20-Juli-300x131.jpg\" data-large-file=\"https:\/\/blogs.nabu.de\/naturschaetze-retten\/wp-content\/uploads\/sites\/3\/2015\/07\/NatureAlert-20-Juli.jpg\" decoding=\"async\" loading=\"lazy\" class=\"alignnone size-full wp-image-399\" src=\"https:\/\/blogs.nabu.de\/naturschaetze-retten\/wp-content\/uploads\/sites\/3\/2015\/07\/NatureAlert-20-Juli.jpg\" alt=\"NatureAlert 20 Juli\" width=\"821\" height=\"359\" \/><\/a><\/h3>\n<p>Seit Ende April stellen wir jede Woche einen deutschen Naturschatz vor, der vom EU-Schutz abh\u00e4ngt (<strong><a href=\"https:\/\/www.nabu.de\/natur-und-landschaft\/aktionen-und-projekte\/naturschaetze\/18880.html\" target=\"_blank\">hier eine sch\u00f6ne \u00dcbersicht<\/a><\/strong>). Seitdem haben weit \u00fcber 400.000 Menschen den Aufruf der Umweltverb\u00e4nde zum Erhalt der EU-Naturschutzrichtlinien unterst\u00fctzt. Gleichzeitig sammeln in Deutschland und anderen L\u00e4ndern nun aber auch diejenigen Unterschriften, die den EU-Schutz am liebsten abschaffen w\u00fcrden. Helfen Sie daher mit, dass die EU-Kommission ein eindeutigen Eindruck von der Meinung der europ\u00e4ischen \u00d6ffentlichkeit bekommt. Wenige Tage sind noch Zeit\u00a0 &#8211; die Befragung endet am Freitag, dem 24.Juli Mitternacht.<\/p>\n<h3>Was k\u00f6nnen Sie tun, damit wir die halbe Million erreichen?<\/h3>\n<ol>\n<ol>\n<li><strong>Wenn Sie nur drei Minuten Zeit haben und der vorausgef\u00fcllten Antwort der europ\u00e4ischen Umweltverb\u00e4nde zustimmen: <\/strong>Mit ein paar Klicks k\u00f6nnen sie diese in Ihrem Namen nach Br\u00fcssel senden, und zwar \u00fcber <a href=\"http:\/\/www.naturealert.eu\/de\">www.naturealert.eu\/de<\/a>. Dort sehen Sie auch einen Z\u00e4hler mit dem aktuellen Stand der Kampagne.<br \/>\nAchtung: Hierbei wird jedoch nur der erste, nicht-fachliche, Teil der EU-Fragen ausgef\u00fcllt, und Sie k\u00f6nnen die Antworten nicht ab\u00e4ndern!<br \/>\n.<\/li>\n<li><strong>ALTERNATIV: Wenn Sie 15-30 Minuten Zeit haben<\/strong>: F\u00fcllen Sie bitte den EU-Fragebogen zum Fitness-Check der Naturschutzrichtlinien selbst komplett aus (31 Fragen und freies Textfeld am Ende): <a href=\"https:\/\/ec.europa.eu\/eusurvey\/runner\/EUNatureDirectives\" target=\"_blank\">https:\/\/ec.europa.eu\/eusurvey\/runner\/EUNatureDirectives<\/a>. Eine Musterantwort finden Sie <a href=\"http:\/\/blogs.nabu.de\/naturschaetze-retten\/wp-content\/uploads\/sites\/3\/2015\/07\/Antwortvorlage-Fitness-Check.pdf\">hier (PDF)<\/a><a href=\"http:\/\/blogs.nabu.de\/naturschaetze-retten\/endspurt\/antwortvorlage-fitness-check\/\" target=\"_blank\" rel=\"attachment wp-att-365\">.<\/a> Sie k\u00f6nnen dies im Namen ihrer Organisation oder\/und als Einzelperson tun.<br \/>\nDie Standpunkte der deutschen Umweltverb\u00e4nde und weitere Hintergrundinformationen finden Sie unten auf dieser <a href=\"https:\/\/www.nabu.de\/natur-und-landschaft\/aktionen-und-projekte\/naturschaetze\/18812.html\" target=\"_blank\">Seite des NABU<\/a>.<br \/>\n.<\/li>\n<li><strong>Wenn Sie mehr tun wollen:<\/strong> Bitte leiten Sie diesen Aufruf (<a href=\"http:\/\/blogs.nabu.de\/naturschaetze-retten\/wp-content\/uploads\/sites\/3\/2015\/07\/NatureAlert-DE-Expertenaufruf-14-Juli.docx\">hier als DOC<\/a>) weiter an andere Naturschutzexperten (Kolleginnen und Kollegen, Projektpartner und befreundete Organisationen), von denen Sie sich eine Unterst\u00fctzung der Naturschutzrichtlinien erwarten.<br \/>\n.<\/li>\n<li><strong>Wenn Sie noch mehr tun wollen:<\/strong> Rufen Sie Freunde, Verwandte und alle anderen EU-B\u00fcrger, die Sie erreichen k\u00f6nnen, zur Teilnahme am unter 1. genannten vereinfachten Verfahren auf, z.B. \u00fcber Facebook, E-Mails, Newsletter etc. Textbausteine und ein Bild finden Sie dazu <a href=\"http:\/\/blogs.nabu.de\/naturschaetze-retten\/wp-content\/uploads\/sites\/3\/2015\/07\/NatureAlert-Aufruf-Deutschland-14-Juli.docx\">hier (DOC)<\/a>.<\/li>\n<\/ol>\n<\/ol>\n<p><strong>Vielen Dank f\u00fcr Ihre Hilfe! Wenn Sie auf dem Laufenden gehalten werden wollen, abonnieren Sie diesen Blog (Fenster rechts oben auf dieser Seite).<br \/>\n<\/strong><\/p>\n<!-- Begin Yuzo --><div class='yuzo_related_post style-1'  data-version='5.12.74'><!-- without result --><div class='yuzo_clearfixed yuzo__title yuzo__title'><h3>Das k\u00f6nnte Sie auch interessieren<\/h3><\/div>\n\t\t\t\t\t\t  <div class=\"relatedthumb \" style=\"width:125px;float:left;overflow:hidden;\">  \n\t\t\t\t\t\t\t  \n\t\t\t\t\t\t\t  <a  href=\"https:\/\/blogs.nabu.de\/naturschaetze-retten\/jahresausblick-2023\/\"  >\n\t\t\t\t\t\t\t\t\t  <div class=\"yuzo-img-wrap \" style=\"width: 125px;height:90px;\">\n\t\t\t\t\t\t\t\t\t\t\n\t\t\t\t\t\t\t\t\t\t<div class=\"yuzo-img\" style=\"background:url('https:\/\/blogs.nabu.de\/naturschaetze-retten\/wp-content\/uploads\/sites\/3\/2023\/01\/20221023_132458-340x226.jpg') 50% 50% no-repeat;width: 125px;height:90px;margin-bottom: 5px;background-size: cover; \"><\/div>\n\t\t\t\t\t\t\t\t\t  <\/div>\n\t\t\t\t\t\t\t\t\t  \n\t\t\t\t\t\t\t\t   <span class=\"yuzo__text--title\" style=\"font-size:13px;\">Zusatzkrisen als Katalysator f\u00fcr Transformation!<\/span>\n\t\t\t\t\t\t\t  \n\t\t\t\t\t\t\t  \n\t\t\t\t\t\t\t  <\/a>\n\n\t\t\t\t\t\t  <\/div>\n\t\t\t\t\t\t  <div class=\"relatedthumb \" style=\"width:125px;float:left;overflow:hidden;\">  \n\t\t\t\t\t\t\t  \n\t\t\t\t\t\t\t  <a  href=\"https:\/\/blogs.nabu.de\/naturschaetze-retten\/nabu-gap-ticker-corona-und-umweltschutz\/\"  >\n\t\t\t\t\t\t\t\t\t  <div class=\"yuzo-img-wrap \" style=\"width: 125px;height:90px;\">\n\t\t\t\t\t\t\t\t\t\t\n\t\t\t\t\t\t\t\t\t\t<div class=\"yuzo-img\" style=\"background:url('https:\/\/blogs.nabu.de\/naturschaetze-retten\/wp-content\/uploads\/sites\/3\/2018\/06\/nabu-agrar-ticker-340x226.jpg') 50% 50% no-repeat;width: 125px;height:90px;margin-bottom: 5px;background-size: cover; \"><\/div>\n\t\t\t\t\t\t\t\t\t  <\/div>\n\t\t\t\t\t\t\t\t\t  \n\t\t\t\t\t\t\t\t   <span class=\"yuzo__text--title\" style=\"font-size:13px;\">NABU-GAP-Ticker: K\u00f6nnen wir uns Umweltschutz in de...<\/span>\n\t\t\t\t\t\t\t  \n\t\t\t\t\t\t\t  \n\t\t\t\t\t\t\t  <\/a>\n\n\t\t\t\t\t\t  <\/div>\n\t\t\t\t\t\t  <div class=\"relatedthumb \" style=\"width:125px;float:left;overflow:hidden;\">  \n\t\t\t\t\t\t\t  \n\t\t\t\t\t\t\t  <a  href=\"https:\/\/blogs.nabu.de\/naturschaetze-retten\/time-to-go-for-neonics-co\/\"  >\n\t\t\t\t\t\t\t\t\t  <div class=\"yuzo-img-wrap \" style=\"width: 125px;height:90px;\">\n\t\t\t\t\t\t\t\t\t\t\n\t\t\t\t\t\t\t\t\t\t<div class=\"yuzo-img\" style=\"background:url('https:\/\/blogs.nabu.de\/naturschaetze-retten\/wp-content\/uploads\/sites\/3\/2017\/02\/Bienenstoecke-an-Rapsfeld-NABU_Helge-May-340x226.jpg') 50% 50% no-repeat;width: 125px;height:90px;margin-bottom: 5px;background-size: cover; \"><\/div>\n\t\t\t\t\t\t\t\t\t  <\/div>\n\t\t\t\t\t\t\t\t\t  \n\t\t\t\t\t\t\t\t   <span class=\"yuzo__text--title\" style=\"font-size:13px;\">Time to go \u2013 for Neonics & Co.<\/span>\n\t\t\t\t\t\t\t  \n\t\t\t\t\t\t\t  \n\t\t\t\t\t\t\t  <\/a>\n\n\t\t\t\t\t\t  <\/div>\n\t\t\t\t\t\t  <div class=\"relatedthumb \" style=\"width:125px;float:left;overflow:hidden;\">  \n\t\t\t\t\t\t\t  \n\t\t\t\t\t\t\t  <a  href=\"https:\/\/blogs.nabu.de\/naturschaetze-retten\/showdown\/\"  >\n\t\t\t\t\t\t\t\t\t  <div class=\"yuzo-img-wrap \" style=\"width: 125px;height:90px;\">\n\t\t\t\t\t\t\t\t\t\t\n\t\t\t\t\t\t\t\t\t\t<div class=\"yuzo-img\" style=\"background:url('https:\/\/blogs.nabu.de\/naturschaetze-retten\/wp-content\/uploads\/sites\/3\/2015\/07\/Nature-Alert-Vorschaubild-340x226.jpg') 50% 50% no-repeat;width: 125px;height:90px;margin-bottom: 5px;background-size: cover; \"><\/div>\n\t\t\t\t\t\t\t\t\t  <\/div>\n\t\t\t\t\t\t\t\t\t  \n\t\t\t\t\t\t\t\t   <span class=\"yuzo__text--title\" style=\"font-size:13px;\">Showdown f\u00fcr die Natur: 20. November in Br\u00fcssel<\/span>\n\t\t\t\t\t\t\t  \n\t\t\t\t\t\t\t  \n\t\t\t\t\t\t\t  <\/a>\n\n\t\t\t\t\t\t  <\/div>\n<\/div> <style>\n\t\t\t\t\t\t\t\t.yuzo_related_post img{width:120px !important; height:110px !important;}\n\t\t\t\t\t\t\t\t.yuzo_related_post .relatedthumb{line-height:15px;background: !important;color:!important;}\n\t\t\t\t\t\t\t\t.yuzo_related_post .relatedthumb:hover{background:#fcfcf4 !important; -webkit-transition: background 0.2s linear; -moz-transition: background 0.2s linear; -o-transition: background 0.2s linear; transition: background 0.2s linear;;color:!important;}\n\t\t\t\t\t\t\t\t.yuzo_related_post .relatedthumb a{color:!important;}\n\t\t\t\t\t\t\t\t.yuzo_related_post .relatedthumb a:hover{ color:}!important;}\n\t\t\t\t\t\t\t\t.yuzo_related_post .relatedthumb:hover a{ color:!important;}\n\t\t\t\t\t\t\t\t.yuzo_related_post .yuzo_text {color:!important;}\n\t\t\t\t\t\t\t\t.yuzo_related_post .relatedthumb:hover .yuzo_text {color:!important;}\n\t\t\t\t\t\t\t\t.yuzo_related_post .relatedthumb{  margin: 0px  0px  0px  0px;   padding: 5px  5px  5px  5px;  }\n\t\t\t\t\t\t\t\t\n\t\t\t\t\t\t\t\t<\/style> <script>\n\t\t\t\t\t\t  jQuery(document).ready(function( $ ){\n\t\t\t\t\t\t\t\/\/jQuery('.yuzo_related_post').equalizer({ overflow : 'relatedthumb' });\n\t\t\t\t\t\t\tjQuery('.yuzo_related_post .yuzo_wraps').equalizer({ columns : '> div' });\n\t\t\t\t\t\t   })\n\t\t\t\t\t\t  <\/script> <!-- End Yuzo :) -->","protected":false},"excerpt":{"rendered":"<p>Helfen Sie jetzt mit, dass der EU-Kommission klar wird: Europ\u00e4erinnnen und Europ\u00e4er wollen starke Naturschutzgesetze. Wenige Tage sind noch Zeit  &#8211; die Befragung endet am Freitag, dem 24.Juli Mitternacht.<\/p>\n","protected":false},"author":23,"featured_media":367,"comment_status":"open","ping_status":"open","sticky":false,"template":"","format":"standard","meta":{"jetpack_post_was_ever_published":false},"categories":[64],"tags":[34,19,17,15,16],"jetpack_featured_media_url":"https:\/\/blogs.nabu.de\/naturschaetze-retten\/wp-content\/uploads\/sites\/3\/2015\/07\/NatureAlert-14Juli.jpg","jetpack-related-posts":[{"id":580,"url":"https:\/\/blogs.nabu.de\/naturschaetze-retten\/showdown\/","url_meta":{"origin":364,"position":0},"title":"Showdown f\u00fcr die Natur: 20. November in Br\u00fcssel","date":"17. November 2015","format":false,"excerpt":"Am 20.11. findet in Br\u00fcssel die letzte Anh\u00f6rung zu den EU-Naturschutzrichtlinien statt. Wir machen die Konferenz zu einer Demonstration f\u00fcr die Natur. Helfen Sie mit!","rel":"","context":"In &quot;Naturschutzpolitik &amp; Praxis&quot;","img":{"alt_text":"","src":"https:\/\/i0.wp.com\/blogs.nabu.de\/naturschaetze-retten\/wp-content\/uploads\/sites\/3\/2015\/07\/Nature-Alert-Vorschaubild.jpg?resize=350%2C200&ssl=1","width":350,"height":200},"classes":[]},{"id":5349,"url":"https:\/\/blogs.nabu.de\/naturschaetze-retten\/renaturierung\/","url_meta":{"origin":364,"position":1},"title":"Eine Renaturierungs-Agenda f\u00fcr Europa","date":"19. M\u00e4rz 2020","format":false,"excerpt":"Mit Spannung wird die neue EU-Biodiversit\u00e4tsstrategie erwartet. Diese muss sich der Wiederherstellung der Natur widmen. Forscher zeigen hierf\u00fcr nun m\u00f6glichen Renaturierungs-Korridore auf.","rel":"","context":"In &quot;Lekt\u00fcre&quot;","img":{"alt_text":"","src":"https:\/\/i0.wp.com\/blogs.nabu.de\/naturschaetze-retten\/wp-content\/uploads\/sites\/3\/2020\/02\/Superjahr-der-Artenvielfalt1.png?resize=350%2C200&ssl=1","width":350,"height":200},"classes":[]},{"id":401,"url":"https:\/\/blogs.nabu.de\/naturschaetze-retten\/frist-verlaengert\/","url_meta":{"origin":364,"position":2},"title":"NatureAlert &#8211; \u00fcberw\u00e4ltigender Andrang \/Frist verl\u00e4ngert","date":"24. Juli 2015","format":false,"excerpt":"Die EU-Naturschutzbefragung sollte eigentlich heute enden, doch die EU-Kommission hat verl\u00e4ngert. Ein vorl\u00e4ufiges Fazit der Kampagne mit kleiner Presseschau.","rel":"","context":"In &quot;Naturschutzpolitik &amp; Praxis&quot;","img":{"alt_text":"","src":"https:\/\/i0.wp.com\/blogs.nabu.de\/naturschaetze-retten\/wp-content\/uploads\/sites\/3\/2015\/07\/Abb.5-Mittelspecht-Siegi-Klaus.jpg?resize=350%2C200&ssl=1","width":350,"height":200},"classes":[]},{"id":1372,"url":"https:\/\/blogs.nabu.de\/naturschaetze-retten\/mdep-brief\/","url_meta":{"origin":364,"position":3},"title":"EU-Naturschutz: Klemmt es in der Kommission?","date":"26. Mai 2016","format":false,"excerpt":"Die EU-Kommission darf ihre Entscheidung \u00fcber das EU-Naturschutzrecht nicht verschleppen. NABU, BUND, WWF und DNR bitten jetzt die deutschen EU-Abgeordneten um Hilfe.","rel":"","context":"In &quot;Naturschutzpolitik &amp; Praxis&quot;","img":{"alt_text":"","src":"https:\/\/i0.wp.com\/blogs.nabu.de\/naturschaetze-retten\/wp-content\/uploads\/sites\/3\/2016\/02\/berlaymont-Foto-EU.jpg?resize=350%2C200&ssl=1","width":350,"height":200},"classes":[]},{"id":1225,"url":"https:\/\/blogs.nabu.de\/naturschaetze-retten\/thunderclapstart\/","url_meta":{"origin":364,"position":4},"title":"Donnerschl\u00e4ge f\u00fcr den EU-Naturschutz","date":"2. Mai 2016","format":false,"excerpt":"#NatureAlert geht in die n\u00e4chste Runde: Der NABU und seine Partner starten europaweit einen Thunderclap zur Rettung der EU-Naturschutzgesetze - und gegen Deregulierung \u00e0 la TTIP.","rel":"","context":"In &quot;Naturschutzpolitik &amp; Praxis&quot;","img":{"alt_text":"","src":"https:\/\/i0.wp.com\/blogs.nabu.de\/naturschaetze-retten\/wp-content\/uploads\/sites\/3\/2016\/05\/RZ_Illu_Tiere_vs._Maschienen__1200_x_627px.jpg?resize=350%2C200&ssl=1","width":350,"height":200},"classes":[]},{"id":1408,"url":"https:\/\/blogs.nabu.de\/naturschaetze-retten\/kleine-und-mittlere-unternehmen-gegen-aufweichung-von-eu-naturschutzgesetzen\/","url_meta":{"origin":364,"position":5},"title":"Wirtschaft pro Naturschutz","date":"1. Juni 2016","format":false,"excerpt":"In Br\u00fcssel wurde eine Erkl\u00e4rung von 286 kleinen und mittleren Unternehmen ver\u00f6ffentlicht, in der sie die EU-Kommission dazu aufrufen, die Naturschutzrichtlinien zu erhalten.","rel":"","context":"In &quot;Naturschutzpolitik &amp; Praxis&quot;","img":{"alt_text":"","src":"https:\/\/i0.wp.com\/blogs.nabu.de\/naturschaetze-retten\/wp-content\/uploads\/sites\/3\/2016\/06\/SME_3.jpg?resize=350%2C200&ssl=1","width":350,"height":200},"classes":[]}],"jetpack_shortlink":"https:\/\/wp.me\/s67kDA-endspurt","_links":{"self":[{"href":"https:\/\/blogs.nabu.de\/naturschaetze-retten\/wp-json\/wp\/v2\/posts\/364"}],"collection":[{"href":"https:\/\/blogs.nabu.de\/naturschaetze-retten\/wp-json\/wp\/v2\/posts"}],"about":[{"href":"https:\/\/blogs.nabu.de\/naturschaetze-retten\/wp-json\/wp\/v2\/types\/post"}],"author":[{"embeddable":true,"href":"https:\/\/blogs.nabu.de\/naturschaetze-retten\/wp-json\/wp\/v2\/users\/23"}],"replies":[{"embeddable":true,"href":"https:\/\/blogs.nabu.de\/naturschaetze-retten\/wp-json\/wp\/v2\/comments?post=364"}],"version-history":[{"count":22,"href":"https:\/\/blogs.nabu.de\/naturschaetze-retten\/wp-json\/wp\/v2\/posts\/364\/revisions"}],"predecessor-version":[{"id":400,"href":"https:\/\/blogs.nabu.de\/naturschaetze-retten\/wp-json\/wp\/v2\/posts\/364\/revisions\/400"}],"wp:featuredmedia":[{"embeddable":true,"href":"https:\/\/blogs.nabu.de\/naturschaetze-retten\/wp-json\/wp\/v2\/media\/367"}],"wp:attachment":[{"href":"https:\/\/blogs.nabu.de\/naturschaetze-retten\/wp-json\/wp\/v2\/media?parent=364"}],"wp:term":[{"taxonomy":"category","embeddable":true,"href":"https:\/\/blogs.nabu.de\/naturschaetze-retten\/wp-json\/wp\/v2\/categories?post=364"},{"taxonomy":"post_tag","embeddable":true,"href":"https:\/\/blogs.nabu.de\/naturschaetze-retten\/wp-json\/wp\/v2\/tags?post=364"}],"curies":[{"name":"wp","href":"https:\/\/api.w.org\/{rel}","templated":true}]}}