{"id":3553,"date":"2018-01-19T11:26:41","date_gmt":"2018-01-19T10:26:41","guid":{"rendered":"http:\/\/blogs.nabu.de\/naturschaetze-retten\/?p=3553"},"modified":"2018-03-01T11:29:16","modified_gmt":"2018-03-01T10:29:16","slug":"nordstream2stoppen","status":"publish","type":"post","link":"https:\/\/blogs.nabu.de\/naturschaetze-retten\/nordstream2stoppen\/","title":{"rendered":"F\u00fcr Klima und Naturschutz: Stoppt Nord Stream 2!"},"content":{"rendered":"<p>Das Genehmigungsverfahren f\u00fcr die Gaspipeline Nord Stream 2 steht derzeit vermutlich kurz vor dem Abschluss. Wird die Genehmigung erteilt, kann sofort mit dem Bau begonnen werden. Gazprom will auf rund 1200 Kilometern j\u00e4hrlich 55 Milliarden Kubikmeter russisches Gas mitten durch die Ostsee transportieren.\u00a0 Es scheint eine so einfache, saubere L\u00f6sung zu sein: Gas str\u00f6mt durch Rohre von der Lagerst\u00e4tte bis in unsere H\u00e4user. Hier heizt das Gas CO<sub>2<\/sub>-arm und damit klimafreundlich. W\u00e4re es so einfach, w\u00e4re Erdgas wom\u00f6glich Teil der L\u00f6sung beim Klimaschutz, w\u00e4re es die erhoffte Br\u00fcckentechnologie hinein in das Zeitalter jenseits fossiler Energietr\u00e4ger. Tats\u00e4chlich jedoch ist Erdgas ein Teil des Problems. Denn Erdgas besteht haupts\u00e4chlich aus Methan. Methan aber ist ein sehr potentes Treibhausgas: in den ersten 20 Jahren ist es etwa 87 Mal klimasch\u00e4dlicher als CO<sub>2<\/sub>. Deshalb reichen kleinste Leckagen, um dessen positive Klimabilanz zu Nichte zu machen. Erdgas ist dann nicht besser als Kohle oder \u00d6l. <a href=\"https:\/\/www.nabu.de\/landingpages\/23740.html\">Die Gasepipeline Nord Stream 2 ist eine klimapolitische Sackgasse und muss verhindert werden.<\/a><\/p>\n<p><!--more--><\/p>\n<h3>Erdgas ist keine L\u00f6sung<\/h3>\n<p>Das hei\u00dft: Auch mit Erdgas erreichen wir das Pariser Klimaziel nicht, die Erderw\u00e4rmung auf deutlich unter zwei Grad Celsius zu begrenzen. Wir m\u00fcssen stattdessen insgesamt weg von fossilen Energietr\u00e4gern und zwar in allen Bereichen. Sonst ist die \u201eBalance aus anthropogenen Emissionen und Senken\u201c, wie sie im <a href=\"https:\/\/www.nabu.de\/umwelt-und-ressourcen\/klima-und-luft\/klimaschutz-weltweit\/paris2015\/20454.html\">Pariser Klimaschutzabkommen<\/a> festgehalten ist, nicht zu erreichen. Der weitere Ausbau der Gasinfrastruktur, sei es mit Nord Stream 2 oder auch mit <a href=\"https:\/\/www.nabu.de\/umwelt-und-ressourcen\/energie\/fossile-energien\/erdgas\/18573.html\">Fracking-Projekten<\/a>, durchkreuzt die Klimaziele. Nord Stream 2 wird mit einer Betriebsdauer von 50 Jahren geplant. Sollte tats\u00e4chlich solange die gesamte Kapazit\u00e4t ausgelastet sein, k\u00f6nnen wir schon heute die Klimaziele von Paris beerdigen.<\/p>\n<p>Der Verzicht auf Nord Stream 2 bedeutet dabei noch lange keinen Ausstieg aus dem Energietr\u00e4ger Gas. Der Verzicht w\u00e4re vielmehr ein Zeichen, dass die Energiewende tats\u00e4chlich angepackt wird. Denn jede neue Investition in Gasinfrastruktur blockiert durch gebundene Finanzmittel auch die Transformation des Energiesystems hin zu erneuerbaren Energietr\u00e4gern. Auch ohne Nord Stream 2 ist die Gasversorgung in Deutschland gesichert, denn die Import- und Speicherkapazit\u00e4ten betragen das Dreifache des Bedarfs sodass auch die schon bestehende Pipeline Nord Stream l\u00e4ngst nicht ausgelastet ist.<\/p>\n<h3>Massive Umweltsch\u00e4den werden in Kauf genommen<\/h3>\n<p>Umso dramatischer ist es, dass trotz des offensichtlich fehlenden Bedarfs beim Bau der geplanten Nord Stream 2 massive Umweltsch\u00e4den an der Ostsee hingenommen werden sollen. Im deutschen Zust\u00e4ndigkeitsbereich verl\u00e4uft die Pipeline fl\u00e4chendeckend auf einer Strecke von \u00fcber 80 Kilometern durch Schutzgebiete des <a href=\"https:\/\/www.nabu.de\/imperia\/md\/content\/nabude\/meeresschutz\/140131-nabu-broschuerenatura2000.pdf\">Natura 2000-Netzwerks<\/a>. Insgesamt sind f\u00fcnf Schutzgebiete betroffen. F\u00fcr Meeresenten und Ostseehering werden beispielsweise sch\u00e4dliche Effekte erwartet. Das Bundesamt f\u00fcr Naturschutz und das Th\u00fcnen Institut haben deshalb eine Anpassung der Bauzeiten gefordert &#8211; bisher erfolglos. Im deutschen K\u00fcstenmeer wird die Pipeline in einem Graben verlegt und die Ostsee kilometerweit aufgebaggert. Lebensr\u00e4ume am Meeresboden werden dabei zerst\u00f6rt. Inwiefern sich diese schnell wieder regenerieren k\u00f6nnen, wie von Nord Stream 2 behauptet, bleibt unklar. Denn die Daten dazu sind nicht \u00f6ffentlich und liegen laut schriftlicher Auskunft nicht einmal der Genehmigungsbeh\u00f6rde Bundesamt f\u00fcr Seeschifffahrt und Hydrographie vor. Nur eins von mehreren Vers\u00e4umnissen im Genehmigungsverfahren, die der NABU scharf kritisiert.<\/p>\n<p>Nicht zuletzt ist die Pipeline auch EU-politisch umstritten. So will etwa die EU-Kommission bei der Entscheidung \u00fcber Nord Stream 2 mitreden, denn sie sieht Konflikte mit der gemeinsamen EU-Energiepolitik.<\/p>\n<!-- Begin Yuzo --><div class='yuzo_related_post style-1'  data-version='5.12.74'><!-- without result --><div class='yuzo_clearfixed yuzo__title yuzo__title'><h3>Das k\u00f6nnte Sie auch interessieren<\/h3><\/div>\n\t\t\t\t\t\t  <div class=\"relatedthumb \" style=\"width:125px;float:left;overflow:hidden;\">  \n\t\t\t\t\t\t\t  \n\t\t\t\t\t\t\t  <a  href=\"https:\/\/blogs.nabu.de\/naturschaetze-retten\/fitnesscheck-final\/\"  >\n\t\t\t\t\t\t\t\t\t  <div class=\"yuzo-img-wrap \" style=\"width: 125px;height:90px;\">\n\t\t\t\t\t\t\t\t\t\t\n\t\t\t\t\t\t\t\t\t\t<div class=\"yuzo-img\" style=\"background:url('https:\/\/blogs.nabu.de\/naturschaetze-retten\/wp-content\/uploads\/sites\/3\/2016\/07\/FCstudycoverfinal-340x226.jpg') 50% 50% no-repeat;width: 125px;height:90px;margin-bottom: 5px;background-size: cover; \"><\/div>\n\t\t\t\t\t\t\t\t\t  <\/div>\n\t\t\t\t\t\t\t\t\t  \n\t\t\t\t\t\t\t\t   <span class=\"yuzo__text--title\" style=\"font-size:13px;\">BREAKING NEWS: EU-Kommission ver\u00f6ffentlicht Fitnes...<\/span>\n\t\t\t\t\t\t\t  \n\t\t\t\t\t\t\t  \n\t\t\t\t\t\t\t  <\/a>\n\n\t\t\t\t\t\t  <\/div>\n\t\t\t\t\t\t  <div class=\"relatedthumb \" style=\"width:125px;float:left;overflow:hidden;\">  \n\t\t\t\t\t\t\t  \n\t\t\t\t\t\t\t  <a  href=\"https:\/\/blogs.nabu.de\/naturschaetze-retten\/nabu-gap-ticker-2018-10-24\/\"  >\n\t\t\t\t\t\t\t\t\t  <div class=\"yuzo-img-wrap \" style=\"width: 125px;height:90px;\">\n\t\t\t\t\t\t\t\t\t\t\n\t\t\t\t\t\t\t\t\t\t<div class=\"yuzo-img\" style=\"background:url('https:\/\/blogs.nabu.de\/naturschaetze-retten\/wp-content\/uploads\/sites\/3\/2018\/06\/nabu-agrar-ticker-340x226.jpg') 50% 50% no-repeat;width: 125px;height:90px;margin-bottom: 5px;background-size: cover; \"><\/div>\n\t\t\t\t\t\t\t\t\t  <\/div>\n\t\t\t\t\t\t\t\t\t  \n\t\t\t\t\t\t\t\t   <span class=\"yuzo__text--title\" style=\"font-size:13px;\">NABU-GAP-Ticker: Mehr Umweltambition bitte! &#8211...<\/span>\n\t\t\t\t\t\t\t  \n\t\t\t\t\t\t\t  \n\t\t\t\t\t\t\t  <\/a>\n\n\t\t\t\t\t\t  <\/div>\n\t\t\t\t\t\t  <div class=\"relatedthumb \" style=\"width:125px;float:left;overflow:hidden;\">  \n\t\t\t\t\t\t\t  \n\t\t\t\t\t\t\t  <a  href=\"https:\/\/blogs.nabu.de\/naturschaetze-retten\/qualitaet-erstgutachten\/\"  >\n\t\t\t\t\t\t\t\t\t  <div class=\"yuzo-img-wrap \" style=\"width: 125px;height:90px;\">\n\t\t\t\t\t\t\t\t\t\t\n\t\t\t\t\t\t\t\t\t\t<div class=\"yuzo-img\" style=\"background:url('https:\/\/blogs.nabu.de\/naturschaetze-retten\/wp-content\/uploads\/sites\/3\/2016\/06\/Spende-1-Spektiv-2011_Christoph-Hein-340x226.jpg') 50% 50% no-repeat;width: 125px;height:90px;margin-bottom: 5px;background-size: cover; \"><\/div>\n\t\t\t\t\t\t\t\t\t  <\/div>\n\t\t\t\t\t\t\t\t\t  \n\t\t\t\t\t\t\t\t   <span class=\"yuzo__text--title\" style=\"font-size:13px;\">Warum spielt die Qualit\u00e4t der Erstgutachten in der...<\/span>\n\t\t\t\t\t\t\t  \n\t\t\t\t\t\t\t  \n\t\t\t\t\t\t\t  <\/a>\n\n\t\t\t\t\t\t  <\/div>\n\t\t\t\t\t\t  <div class=\"relatedthumb \" style=\"width:125px;float:left;overflow:hidden;\">  \n\t\t\t\t\t\t\t  \n\t\t\t\t\t\t\t  <a  href=\"https:\/\/blogs.nabu.de\/naturschaetze-retten\/fitness-check-gap\/\"  >\n\t\t\t\t\t\t\t\t\t  <div class=\"yuzo-img-wrap \" style=\"width: 125px;height:90px;\">\n\t\t\t\t\t\t\t\t\t\t\n\t\t\t\t\t\t\t\t\t\t<div class=\"yuzo-img\" style=\"background:url('https:\/\/blogs.nabu.de\/naturschaetze-retten\/wp-content\/uploads\/sites\/3\/2016\/03\/cap-fitnesscheck-100-ngos-circle-340x226.jpg') 50% 50% no-repeat;width: 125px;height:90px;margin-bottom: 5px;background-size: cover; \"><\/div>\n\t\t\t\t\t\t\t\t\t  <\/div>\n\t\t\t\t\t\t\t\t\t  \n\t\t\t\t\t\t\t\t   <span class=\"yuzo__text--title\" style=\"font-size:13px;\">Fitness-Check f\u00fcr die EU-Agrarpolitik<\/span>\n\t\t\t\t\t\t\t  \n\t\t\t\t\t\t\t  \n\t\t\t\t\t\t\t  <\/a>\n\n\t\t\t\t\t\t  <\/div>\n<\/div> <style>\n\t\t\t\t\t\t\t\t.yuzo_related_post img{width:120px !important; height:110px !important;}\n\t\t\t\t\t\t\t\t.yuzo_related_post .relatedthumb{line-height:15px;background: !important;color:!important;}\n\t\t\t\t\t\t\t\t.yuzo_related_post .relatedthumb:hover{background:#fcfcf4 !important; -webkit-transition: background 0.2s linear; -moz-transition: background 0.2s linear; -o-transition: background 0.2s linear; transition: background 0.2s linear;;color:!important;}\n\t\t\t\t\t\t\t\t.yuzo_related_post .relatedthumb a{color:!important;}\n\t\t\t\t\t\t\t\t.yuzo_related_post .relatedthumb a:hover{ color:}!important;}\n\t\t\t\t\t\t\t\t.yuzo_related_post .relatedthumb:hover a{ color:!important;}\n\t\t\t\t\t\t\t\t.yuzo_related_post .yuzo_text {color:!important;}\n\t\t\t\t\t\t\t\t.yuzo_related_post .relatedthumb:hover .yuzo_text {color:!important;}\n\t\t\t\t\t\t\t\t.yuzo_related_post .relatedthumb{  margin: 0px  0px  0px  0px;   padding: 5px  5px  5px  5px;  }\n\t\t\t\t\t\t\t\t\n\t\t\t\t\t\t\t\t<\/style> <script>\n\t\t\t\t\t\t  jQuery(document).ready(function( $ ){\n\t\t\t\t\t\t\t\/\/jQuery('.yuzo_related_post').equalizer({ overflow : 'relatedthumb' });\n\t\t\t\t\t\t\tjQuery('.yuzo_related_post .yuzo_wraps').equalizer({ columns : '> div' });\n\t\t\t\t\t\t   })\n\t\t\t\t\t\t  <\/script> <!-- End Yuzo :) -->","protected":false},"excerpt":{"rendered":"<p>Gazprom will auf 1200 Kilometern j\u00e4hrlich 55 Milliarden Kubikmeter Gas mitten durch die Ostsee transportieren. Nord Stream 2 ist eine klimapolitische Sackgasse und sch\u00e4digt die Meeresumwelt.<\/p>\n","protected":false},"author":65,"featured_media":3652,"comment_status":"open","ping_status":"closed","sticky":false,"template":"","format":"image","meta":{"jetpack_post_was_ever_published":false},"categories":[1],"tags":[20,34,19,44,21],"jetpack_featured_media_url":"https:\/\/blogs.nabu.de\/naturschaetze-retten\/wp-content\/uploads\/sites\/3\/2018\/01\/IMAGE_1.jpeg","jetpack-related-posts":[{"id":5850,"url":"https:\/\/blogs.nabu.de\/naturschaetze-retten\/einigung-zum-eu-haushalt-staerkt-naturschutzfinanzierung\/","url_meta":{"origin":3553,"position":0},"title":"Einigung zum EU Haushalt st\u00e4rkt Naturschutzfinanzierung","date":"12. November 2020","format":false,"excerpt":"Mehr als zwei Jahre ist es her, als der damalige EU Haushaltskommissar G\u00fcnther Oettinger den Vorschlag der EU Kommission f\u00fcr den n\u00e4chsten EU Haushalt 2021-2027 pr\u00e4sentierte (siehe hier). Viel ist seitdem passiert: Fridays for Future, die gr\u00fcne Welle bei den Europawahlen, der European Green Deal, initiiert von der neuen EU\u2026","rel":"","context":"In &quot;Lekt\u00fcre&quot;","img":{"alt_text":"","src":"https:\/\/i0.wp.com\/blogs.nabu.de\/naturschaetze-retten\/wp-content\/uploads\/sites\/3\/2020\/09\/nabu-euromuenzen.jpeg?resize=350%2C200&ssl=1","width":350,"height":200},"classes":[]},{"id":7407,"url":"https:\/\/blogs.nabu.de\/naturschaetze-retten\/planungsbeschleunigung\/","url_meta":{"origin":3553,"position":1},"title":"\u00dcberholspur oder Sackgasse? Der neue Pakt f\u00fcr Planungsbeschleunigung","date":"8. November 2023","format":"image","excerpt":"Der Beitrag bildet den Auftakt des neuen NABU-Tickers \"Planung und Naturschutz\" in dem in unregelm\u00e4\u00dfigen Abst\u00e4nden \u00fcber Chancen und Risiken der Planungsbeschleunigung berichtet wird.","rel":"","context":"In &quot;Natursch\u00e4tze.Retten&quot;","img":{"alt_text":"","src":"https:\/\/i0.wp.com\/blogs.nabu.de\/naturschaetze-retten\/wp-content\/uploads\/sites\/3\/2023\/11\/deutschlandtempo1200x800.png?resize=350%2C200&ssl=1","width":350,"height":200},"classes":[]},{"id":7675,"url":"https:\/\/blogs.nabu.de\/naturschaetze-retten\/die-nordsee-ist-keine-muellhalde\/","url_meta":{"origin":3553,"position":2},"title":"Die Nordsee ist keine M\u00fcllhalde","date":"25. Januar 2024","format":"image","excerpt":"Welche verheerenden Auswirkungen Fehlplanungen nicht nur an Land sondern auch im Meer haben k\u00f6nnen, zeigen wir in einem aktuellen Fall am Beispiel der Nordsee.","rel":"","context":"In &quot;Natursch\u00e4tze.Retten&quot;","img":{"alt_text":"","src":"https:\/\/i0.wp.com\/blogs.nabu.de\/naturschaetze-retten\/wp-content\/uploads\/sites\/3\/2023\/11\/Blogs-1200x8001-1.png?resize=350%2C200&ssl=1","width":350,"height":200},"classes":[]},{"id":7331,"url":"https:\/\/blogs.nabu.de\/naturschaetze-retten\/nfg\/","url_meta":{"origin":3553,"position":3},"title":"Beschleunigung f\u00fcr den Naturschutz? Stand des Natur-Fl\u00e4chen-Gesetzes","date":"11. Oktober 2023","format":false,"excerpt":"Die Koalitionspartner haben im Fr\u00fchjahr ein Natur-Fl\u00e4chen-Gesetz angek\u00fcndigt. Bisher sind weder erste Eckpunkte ver\u00f6ffentlicht, noch ist der angedachte Beratungsprozess gestartet.","rel":"","context":"In &quot;Natursch\u00e4tze.Retten&quot;","img":{"alt_text":"","src":"","width":0,"height":0},"classes":[]},{"id":7662,"url":"https:\/\/blogs.nabu.de\/naturschaetze-retten\/energiewende-meere\/","url_meta":{"origin":3553,"position":4},"title":"Weniger Naturschutz und Geld: Werden die Meere zum Verlierer der Energiewende?","date":"16. Januar 2024","format":"image","excerpt":"Beim Bundeshaushalt geht\u2019s um Geld. Besonders stark hat das aus dem Urteil des Bundesverfassungsgerichtes resultierende Spardiktat die Fischerei und den Meeresschutz getroffen. Satte 60 Prozent, 780 Millionen Euro, sollen das Bundesumwelt- und das Bundeslandwirtschaftsministerium aus den Offshore-Winderl\u00f6sen f\u00fcr die Konsolidierung des Bundeshaushaltes abgeben. Geld, das f\u00fcr Nord- und Ostsee und\u2026","rel":"","context":"In &quot;Meeresschutz&quot;","img":{"alt_text":"Blick auf Windr\u00e4der in der Ostsee.","src":"https:\/\/i0.wp.com\/blogs.nabu.de\/naturschaetze-retten\/wp-content\/uploads\/sites\/3\/2024\/01\/230710_Segelreise_Offshore_NABU-Volker-Gehrmann_1200x667.jpg?resize=350%2C200&ssl=1","width":350,"height":200},"classes":[]},{"id":8075,"url":"https:\/\/blogs.nabu.de\/naturschaetze-retten\/ohne-gute-beteiligung-und-umweltpruefungen-wird-die-energiewende-nicht-gelingen\/","url_meta":{"origin":3553,"position":5},"title":"Ohne gute Beteiligung und Umweltpr\u00fcfungen wird die Energiewende nicht gelingen","date":"8. August 2024","format":"image","excerpt":"Was haben die Abschaffung von Umweltpr\u00fcfungen, R\u00fcckhalt f\u00fcr die Energiewende und Planungsbeschleunigung miteinander zu tun? Dieser Frage wollen wir in diesem Beitrag auf den Grund gehen.","rel":"","context":"In &quot;Natursch\u00e4tze.Retten&quot;","img":{"alt_text":"","src":"https:\/\/i0.wp.com\/blogs.nabu.de\/naturschaetze-retten\/wp-content\/uploads\/sites\/3\/2023\/11\/Blogs-1200x8001-1.png?resize=350%2C200&ssl=1","width":350,"height":200},"classes":[]}],"jetpack_shortlink":"https:\/\/wp.me\/p67kDA-Vj","_links":{"self":[{"href":"https:\/\/blogs.nabu.de\/naturschaetze-retten\/wp-json\/wp\/v2\/posts\/3553"}],"collection":[{"href":"https:\/\/blogs.nabu.de\/naturschaetze-retten\/wp-json\/wp\/v2\/posts"}],"about":[{"href":"https:\/\/blogs.nabu.de\/naturschaetze-retten\/wp-json\/wp\/v2\/types\/post"}],"author":[{"embeddable":true,"href":"https:\/\/blogs.nabu.de\/naturschaetze-retten\/wp-json\/wp\/v2\/users\/65"}],"replies":[{"embeddable":true,"href":"https:\/\/blogs.nabu.de\/naturschaetze-retten\/wp-json\/wp\/v2\/comments?post=3553"}],"version-history":[{"count":12,"href":"https:\/\/blogs.nabu.de\/naturschaetze-retten\/wp-json\/wp\/v2\/posts\/3553\/revisions"}],"predecessor-version":[{"id":3655,"href":"https:\/\/blogs.nabu.de\/naturschaetze-retten\/wp-json\/wp\/v2\/posts\/3553\/revisions\/3655"}],"wp:featuredmedia":[{"embeddable":true,"href":"https:\/\/blogs.nabu.de\/naturschaetze-retten\/wp-json\/wp\/v2\/media\/3652"}],"wp:attachment":[{"href":"https:\/\/blogs.nabu.de\/naturschaetze-retten\/wp-json\/wp\/v2\/media?parent=3553"}],"wp:term":[{"taxonomy":"category","embeddable":true,"href":"https:\/\/blogs.nabu.de\/naturschaetze-retten\/wp-json\/wp\/v2\/categories?post=3553"},{"taxonomy":"post_tag","embeddable":true,"href":"https:\/\/blogs.nabu.de\/naturschaetze-retten\/wp-json\/wp\/v2\/tags?post=3553"}],"curies":[{"name":"wp","href":"https:\/\/api.w.org\/{rel}","templated":true}]}}