{"id":2939,"date":"2017-04-05T10:11:27","date_gmt":"2017-04-05T08:11:27","guid":{"rendered":"http:\/\/blogs.nabu.de\/naturschaetze-retten\/?p=2939"},"modified":"2017-05-31T20:56:35","modified_gmt":"2017-05-31T18:56:35","slug":"abstimmen","status":"publish","type":"post","link":"https:\/\/blogs.nabu.de\/naturschaetze-retten\/abstimmen\/","title":{"rendered":"F\u00fcr eine andere Agrarpolitik"},"content":{"rendered":"<h3><strong>Stellt Euch vor<\/strong>, es gibt eine B\u00fcrgerbefragung und alle machen mit!<\/h3>\n<p>Der f\u00fcr Landwirtschaft zust\u00e4ndige EU-Kommissar Phil Hogan hat <a href=\"http:\/\/blogs.nabu.de\/naturschaetze-retten\/gap-konsultation\/\" target=\"_blank\" rel=\"noopener noreferrer\">am 2.Februar eine B\u00fcrgerbefragung<\/a> gestartet. Bis zum 2. Mai gibt er uns allen die M\u00f6glichkeit, uns zur Zukunft der EU-Agrarpolitik zu \u00e4u\u00dfern. Allerdings ist der Fragebogen, wie bei solchen Konsultationen leider \u00fcblich, sehr technisch und schwer verst\u00e4ndlich. Normalerweise nehmen an derartigen &#8222;Pflicht\u00fcbungen&#8220; europaweit nur ein paar Dutzend Experten der einschl\u00e4gigen Interessensgruppen teil.<!--more--><\/p>\n<div id=\"attachment_3018\" style=\"width: 588px\" class=\"wp-caption aligncenter\"><a href=\"http:\/\/www.NABU.de\/abstimmen\" target=\"_blank\" rel=\"noopener noreferrer\"><img aria-describedby=\"caption-attachment-3018\" data-attachment-id=\"3018\" data-permalink=\"https:\/\/blogs.nabu.de\/naturschaetze-retten\/abstimmen\/nabu_facebook-sharepics_1200x627px_01zeichenfla%e2%95%a0eche-2\/\" data-orig-file=\"https:\/\/blogs.nabu.de\/naturschaetze-retten\/wp-content\/uploads\/sites\/3\/2017\/04\/NABU_Facebook-Sharepics_1200x627px_01Zeichenfla\u2560\u00eache-2.jpg\" data-orig-size=\"800,418\" data-comments-opened=\"1\" data-image-meta=\"{&quot;aperture&quot;:&quot;0&quot;,&quot;credit&quot;:&quot;&quot;,&quot;camera&quot;:&quot;&quot;,&quot;caption&quot;:&quot;&quot;,&quot;created_timestamp&quot;:&quot;0&quot;,&quot;copyright&quot;:&quot;&quot;,&quot;focal_length&quot;:&quot;0&quot;,&quot;iso&quot;:&quot;0&quot;,&quot;shutter_speed&quot;:&quot;0&quot;,&quot;title&quot;:&quot;&quot;,&quot;orientation&quot;:&quot;0&quot;}\" data-image-title=\"NABU_Facebook-Sharepics_1200x627px_01Zeichenfla\u2560\u00eache 2\" data-image-description=\"\" data-image-caption=\"\" data-medium-file=\"https:\/\/blogs.nabu.de\/naturschaetze-retten\/wp-content\/uploads\/sites\/3\/2017\/04\/NABU_Facebook-Sharepics_1200x627px_01Zeichenfla\u2560\u00eache-2-300x157.jpg\" data-large-file=\"https:\/\/blogs.nabu.de\/naturschaetze-retten\/wp-content\/uploads\/sites\/3\/2017\/04\/NABU_Facebook-Sharepics_1200x627px_01Zeichenfla\u2560\u00eache-2.jpg\" decoding=\"async\" loading=\"lazy\" class=\"wp-image-3018\" src=\"https:\/\/blogs.nabu.de\/naturschaetze-retten\/wp-content\/uploads\/sites\/3\/2017\/04\/NABU_Facebook-Sharepics_1200x627px_01Zeichenfla\u2560\u00eache-2.jpg\" alt=\"\" width=\"578\" height=\"302\" \/><\/a><p id=\"caption-attachment-3018\" class=\"wp-caption-text\">Der Feldhamster steht in Deutschland vor dem Aussterben &#8211; die EU-Agrarpolitik hat einen gro\u00dfen Anteil daran.<\/p><\/div>\n<p>Im Sommer 2015 haben wir aber gezeigt: man kann diese Befragungen auch in eine echte Beteiligung vewandeln. Damals hat sich, \u00fcber unsere Kampagne <a href=\"http:\/\/blogs.nabu.de\/naturschaetze-retten\/naturealert-erfolgreich\/\" target=\"_blank\" rel=\"noopener noreferrer\">#NatureAlert,<\/a> \u00fcber eine halbe Million Menschen gegen die \u00c4nderung des EU-Naturschutzrechts ausgesprochen &#8211; mit Erfolg. EU-Parlament und zust\u00e4ndige Minister haben sich an diesem Votum orientiert. Schlie\u00dflich geht es darum, Europa b\u00fcrgern\u00e4her zu machen.<\/p>\n<p>Ab heute besteht wieder eine<strong> Chance unsere Zukunft mitzugestalten<\/strong>: Auf <a href=\"http:\/\/www.NABU.de\/abstimmen\" target=\"_blank\" rel=\"noopener noreferrer\">www.NABU.de\/abstimmen<\/a> lassen sich vorfomulierte Antworten auf f\u00fcnf der 33 Fragen von Phil Hogan mit wenigen Klicks einreichen. Die anderen Fragen werden bei dieser Beteiligungshilfe neutral beantwortet.<\/p>\n<h3>Was soll Herr Hogan von uns h\u00f6ren?<\/h3>\n<p>Die vorgeschlagenen Antworten wurden von den Umweltverb\u00e4nden BirdLife Europe (in Deutschland: der NABU), dem Europ\u00e4ischen Umweltb\u00fcro (in Deutschland unter anderem der NABU, der BUND und der Deutsche Naturschutzring) sowie dem WWF entwickelt.<\/p>\n<p><strong>FRAGE DER EU-Kommission:<\/strong> <em>\u201eWelches sind die gr\u00f6\u00dften Probleme\/Hindernisse, weshalb mit der derzeitigen Politik die Ziele nicht erreicht werden? Was sind die Ursachen f\u00fcr diese Probleme?\u201c<\/em><\/p>\n<div id=\"attachment_2936\" style=\"width: 310px\" class=\"wp-caption alignleft\"><img aria-describedby=\"caption-attachment-2936\" data-attachment-id=\"2936\" data-permalink=\"https:\/\/blogs.nabu.de\/naturschaetze-retten\/imagine\/phil-hogan-s\/\" data-orig-file=\"https:\/\/blogs.nabu.de\/naturschaetze-retten\/wp-content\/uploads\/sites\/3\/2017\/03\/Phil-Hogan-s.jpg\" data-orig-size=\"448,298\" data-comments-opened=\"1\" data-image-meta=\"{&quot;aperture&quot;:&quot;5.6&quot;,&quot;credit&quot;:&quot;Mauro Bottaro&quot;,&quot;camera&quot;:&quot;NIKON D4S&quot;,&quot;caption&quot;:&quot;&quot;,&quot;created_timestamp&quot;:&quot;1486041646&quot;,&quot;copyright&quot;:&quot;EU&quot;,&quot;focal_length&quot;:&quot;140&quot;,&quot;iso&quot;:&quot;8000&quot;,&quot;shutter_speed&quot;:&quot;0.004&quot;,&quot;title&quot;:&quot;&quot;,&quot;orientation&quot;:&quot;0&quot;}\" data-image-title=\"Phil Hogan-s\" data-image-description=\"\" data-image-caption=\"&lt;p&gt;Phil Hogan, EU-Agrarkommissar. Foto: European Union, 2017&lt;\/p&gt;\n\" data-medium-file=\"https:\/\/blogs.nabu.de\/naturschaetze-retten\/wp-content\/uploads\/sites\/3\/2017\/03\/Phil-Hogan-s-300x200.jpg\" data-large-file=\"https:\/\/blogs.nabu.de\/naturschaetze-retten\/wp-content\/uploads\/sites\/3\/2017\/03\/Phil-Hogan-s.jpg\" decoding=\"async\" loading=\"lazy\" class=\"size-medium wp-image-2936\" src=\"http:\/\/blogs.nabu.de\/naturschaetze-retten\/wp-content\/uploads\/sites\/3\/2017\/03\/Phil-Hogan-s-300x200.jpg\" alt=\"\" width=\"300\" height=\"200\" \/><p id=\"caption-attachment-2936\" class=\"wp-caption-text\">Phil Hogan, EU-Agrarkommissar. Foto: European Union, 2017<\/p><\/div>\n<p style=\"padding-left: 30px\"><strong>UNSERE ANTWORT:<\/strong> &#8222;Die GAP f\u00f6rdert keine nachhaltige Landwirtschaft, da sie haupts\u00e4chlich darauf ausgerichtet ist, einer kleinen Zahl von gro\u00dfen Betrieben zugute zu kommen. Sie scheitert auch dabei, die Umsetzung und Durchsetzung der EU-Umweltgesetzgebung und weiterer, den Ern\u00e4hrungs- und Landwirtschaftssektor betreffenden Bestimmungen zu unterst\u00fctzen, wie beispielsweise im Bereich Tierwohl und Gesundheit.&#8220;<\/p>\n<p><strong>FRAGE DER EU-Kommission:<\/strong> \u201e<em>Welche Elemente der derzeitigen GAP sind am komplexesten bzw. mit dem gr\u00f6\u00dften Aufwand und warum?<\/em>\u201c<\/p>\n<p style=\"padding-left: 30px\"><strong>UNSERE ANTWORT:<\/strong> &#8222;Die derzeitige Politik (haupts\u00e4chlich Direktzahlungen aus der 1. S\u00e4ule) ist eine Belastung sowohl f\u00fcr die B\u00fcrgerinnen und B\u00fcrger der EU, als auch f\u00fcr die Natur. Trotz des immensen Budgets scheitert sie bei der Erbringung von konkreten Umwelt- und sozialen Leistungen in Schl\u00fcsselbereichen, wie beispielsweise Arbeitspl\u00e4tze, Wirtschaft im l\u00e4ndlichen Raum, Gesundheitswesen, Lebensmittel, Klima und Biodiversit\u00e4t.&#8220;<\/p>\n<p><strong>FRAGE DER EU-Kommisson:<\/strong> \u201e<em>Halten Sie es f\u00fcr eine modernisierte GAP f\u00fcr erforderlich, weitere Ziele hinzuzuf\u00fcgen? Wenn ja, welche?<\/em>\u201c<strong><a href=\"http:\/\/www.NABU.de\/abstimmen\" target=\"_blank\" rel=\"noopener noreferrer\"><img data-attachment-id=\"3029\" data-permalink=\"https:\/\/blogs.nabu.de\/naturschaetze-retten\/abstimmen\/nabu_facebook-sharepics_1200x627px_01zeichenfla%e2%95%a0eche-4\/\" data-orig-file=\"https:\/\/blogs.nabu.de\/naturschaetze-retten\/wp-content\/uploads\/sites\/3\/2017\/04\/NABU_Facebook-Sharepics_1200x627px_01Zeichenfla\u2560\u00eache-4.jpg\" data-orig-size=\"800,418\" data-comments-opened=\"1\" data-image-meta=\"{&quot;aperture&quot;:&quot;0&quot;,&quot;credit&quot;:&quot;&quot;,&quot;camera&quot;:&quot;&quot;,&quot;caption&quot;:&quot;&quot;,&quot;created_timestamp&quot;:&quot;0&quot;,&quot;copyright&quot;:&quot;&quot;,&quot;focal_length&quot;:&quot;0&quot;,&quot;iso&quot;:&quot;0&quot;,&quot;shutter_speed&quot;:&quot;0&quot;,&quot;title&quot;:&quot;&quot;,&quot;orientation&quot;:&quot;0&quot;}\" data-image-title=\"NABU_Facebook-Sharepics_1200x627px_01Zeichenfla\u2560\u00eache 4\" data-image-description=\"\" data-image-caption=\"\" data-medium-file=\"https:\/\/blogs.nabu.de\/naturschaetze-retten\/wp-content\/uploads\/sites\/3\/2017\/04\/NABU_Facebook-Sharepics_1200x627px_01Zeichenfla\u2560\u00eache-4-300x157.jpg\" data-large-file=\"https:\/\/blogs.nabu.de\/naturschaetze-retten\/wp-content\/uploads\/sites\/3\/2017\/04\/NABU_Facebook-Sharepics_1200x627px_01Zeichenfla\u2560\u00eache-4.jpg\" decoding=\"async\" loading=\"lazy\" class=\"alignright wp-image-3029 size-medium\" src=\"https:\/\/blogs.nabu.de\/naturschaetze-retten\/wp-content\/uploads\/sites\/3\/2017\/04\/NABU_Facebook-Sharepics_1200x627px_01Zeichenfla\u2560\u00eache-4-300x157.jpg\" alt=\"\" width=\"300\" height=\"157\" \/><\/a><\/strong><\/p>\n<p style=\"padding-left: 30px\"><strong>UNSERE ANTWORT:<\/strong> &#8222;Eine modernisierte GAP sollte die Transformation hin zu einem nachhaltigen Ern\u00e4hrungs- und Landwirtschaftssektor unterst\u00fctzen, die Umwelt sch\u00fctzen und tats\u00e4chliche gesellschaftliche Leistungen f\u00fcr alle B\u00fcrgerinnen und B\u00fcrger, inklusive der Landwirte, erm\u00f6glichen. Sch\u00e4dliche Subventionen m\u00fcssen beendet werden und die GAP muss zur Erreichung der Globalen Nachhaltigkeitsziele der UN (SDGs) beitragen, dies schlie\u00dft die Bek\u00e4mpfung des Klimawandels mit ein.&#8220;<\/p>\n<p><strong>FRAGE DER EU-Kommission:<\/strong> \u201e<em>Haben Sie konkrete Vorschl\u00e4ge, wie die GAP vereinfacht und der Verwaltungsaufwand f\u00fcr Landwirte\/Beg\u00fcnstigte (oder \u00f6ffentliche Verwaltungen) verringert werden k\u00f6nnte? Bitte f\u00fchren Sie Ihre Vorschl\u00e4ge n\u00e4her aus und erl\u00e4utern Sie die Gr\u00fcnde<\/em>.\u201c<\/p>\n<div class=\"answer\">\n<p style=\"padding-left: 30px\"><strong>UNSERE ANTWORT:<\/strong> &#8222;Die Subventionen der 1. S\u00e4ule sollten ersetzt werden durch Anreize, die an zielgerichtete (und messbare) gesellschaftliche und umwelt- \/naturschutzfachliche Anforderungen gekn\u00fcpft sind.&#8220;<\/p>\n<p><strong><a href=\"www.NABU.de\/abstimmen\" target=\"_blank\" rel=\"noopener noreferrer\"><img data-attachment-id=\"3032\" data-permalink=\"https:\/\/blogs.nabu.de\/naturschaetze-retten\/abstimmen\/nabu_facebook-sharepics_1200x627px_01zeichenfla%e2%95%a0eche-3\/\" data-orig-file=\"https:\/\/blogs.nabu.de\/naturschaetze-retten\/wp-content\/uploads\/sites\/3\/2017\/04\/NABU_Facebook-Sharepics_1200x627px_01Zeichenfla\u2560\u00eache-3.jpg\" data-orig-size=\"800,418\" data-comments-opened=\"1\" data-image-meta=\"{&quot;aperture&quot;:&quot;0&quot;,&quot;credit&quot;:&quot;&quot;,&quot;camera&quot;:&quot;&quot;,&quot;caption&quot;:&quot;&quot;,&quot;created_timestamp&quot;:&quot;0&quot;,&quot;copyright&quot;:&quot;&quot;,&quot;focal_length&quot;:&quot;0&quot;,&quot;iso&quot;:&quot;0&quot;,&quot;shutter_speed&quot;:&quot;0&quot;,&quot;title&quot;:&quot;&quot;,&quot;orientation&quot;:&quot;0&quot;}\" data-image-title=\"NABU_Facebook-Sharepics_1200x627px_01Zeichenfla\u2560\u00eache 3\" data-image-description=\"\" data-image-caption=\"\" data-medium-file=\"https:\/\/blogs.nabu.de\/naturschaetze-retten\/wp-content\/uploads\/sites\/3\/2017\/04\/NABU_Facebook-Sharepics_1200x627px_01Zeichenfla\u2560\u00eache-3-300x157.jpg\" data-large-file=\"https:\/\/blogs.nabu.de\/naturschaetze-retten\/wp-content\/uploads\/sites\/3\/2017\/04\/NABU_Facebook-Sharepics_1200x627px_01Zeichenfla\u2560\u00eache-3.jpg\" decoding=\"async\" loading=\"lazy\" class=\"alignleft wp-image-3032 size-medium\" src=\"https:\/\/blogs.nabu.de\/naturschaetze-retten\/wp-content\/uploads\/sites\/3\/2017\/04\/NABU_Facebook-Sharepics_1200x627px_01Zeichenfla\u2560\u00eache-3-300x157.jpg\" alt=\"\" width=\"300\" height=\"157\" \/><\/a>FRAGE DER EU-Kommission:<\/strong><em>\u201eHaben Sie weitere Anregungen zur Modernisierung der GAP?\u201c<\/em><\/p>\n<p style=\"padding-left: 30px\"><strong>UNSERE ANTWORT:<\/strong> &#8222;Ich stimme der LivingLand-Vision (<a href=\"http:\/\/www.living-land.org\/ourvision\" target=\"_blank\" rel=\"noopener noreferrer\">www.living-land.org<\/a>) zu. Die neue Agrarpolitik der EU muss fair, \u00f6kologisch nachhaltig, gesund und mit globaler Verantwortung gestaltet werden. Der politische Prozess sollte offen und transparent sein und alle relevanten Sektoren\/Beh\u00f6rden (insbesondere Naturschutz, aber auch Klimaschutz, Entwicklungshilfe, Gesundheit etc.) mit einbeziehen.<\/p>\n<\/div>\n<h3 style=\"padding-left: 30px\">Bitte mitmachen: drei einfache Schritte zu einer neuen Agrarpolitik<\/h3>\n<p style=\"padding-left: 30px\"><strong>Es gibt drei M\u00f6glichkeiten, sich bis zum 2.Mai f\u00fcr eine neue Agrarpolitik stark zu machen:<\/strong><\/p>\n<ol>\n<li style=\"padding-left: 30px\">Alle Fragen der EU-Konsultation selbst ausf\u00fcllen, dauert mit der NABU-Antwortempfehlung 20-30 Minuten &#8211; hat aber den gr\u00f6\u00dften Einfluss (<a href=\"https:\/\/ec.europa.eu\/eusurvey\/runner\/FutureCAP?surveylanguage=DE\" target=\"_blank\" rel=\"noopener noreferrer\">Zugang zur Konsultation hier<\/a>, <a href=\"https:\/\/www.living-land.org\/s\/Recommended-consultation-responses-v6-German.docx\" target=\"_blank\" rel=\"noopener noreferrer\">Antwortempfehlungen hier<\/a>). Wer die Zeit nicht hat: in verk\u00fcrzter Form unter <a href=\"http:\/\/www.nabu.de\/abstimmen\" target=\"_blank\" rel=\"noopener noreferrer\">www.NABU.de\/abstimmen<\/a>!<\/li>\n<li style=\"padding-left: 30px\">Die Aktion im Kreis von Familie, Bekannten und Mitarbeitern bekannt machen &#8211; zum Beispiel via E-Mail, Newsletter oder die sozialen Medien. Der NABU wird hierf\u00fcr in K\u00fcrze weiteres Material zur Verf\u00fcgung stellen. Die Natur braucht jede Stimme auf <a href=\"http:\/\/www.nabu.de\/abstimmen\" target=\"_blank\" rel=\"noopener noreferrer\">www.NABU.de\/abstimmen<\/a> &#8211; teilnahmeberechtigt sind B\u00fcrgerinnen und B\u00fcrger jeden Alters und jeder Nationalit\u00e4t!<\/li>\n<li style=\"padding-left: 30px\">Das Logo der eigenen Organisation zur Unterst\u00fctzung der &#8222;LivingLand-Vision&#8220; hochladen &#8211; und Unternehmen und Vereine werben, das gleiche zu tun. Unter <a href=\"http:\/\/www.living-land.de\" target=\"_blank\" rel=\"noopener noreferrer\">www.living-land.de<\/a> finden sich alle Informationen hierzu. Es sind bereits \u00fcber 200 Unterst\u00fctzer aus ganz Europa dabei, vom Bioladen bis zum Gro\u00dfunternehmen, vom Tourismusverband bis zur wissenschaftlichen Einrichtung (<a href=\"http:\/\/www.living-land.org\/ourvision\" target=\"_blank\" rel=\"noopener noreferrer\">hier der aktuelle Stand<\/a>).<\/li>\n<\/ol>\n<p>Am 11.Mai werden die Logos und hoffentlich eine sehr gro\u00dfe Zahl an Teilnehmern dem EU-Agrarkommissar Phil Hogan pers\u00f6nlich in Br\u00fcssel \u00fcberreicht. Dann wird er hoffentlich nicht mehr anders k\u00f6nnen, als im November einen ambitionierten Vorschlag f\u00fcr die EU-Agrarpolitik vorzulegen&#8230;<\/p>\n<p>&nbsp;<\/p>\n<p><a href=\"http:\/\/www.NABU.de\/abstimmen\" target=\"_blank\" rel=\"noopener noreferrer\"><img data-attachment-id=\"3009\" data-permalink=\"https:\/\/blogs.nabu.de\/naturschaetze-retten\/abstimmen\/nabu_fb_header_828x315px_01zeichenfla%e2%95%a0eche-1\/\" data-orig-file=\"https:\/\/blogs.nabu.de\/naturschaetze-retten\/wp-content\/uploads\/sites\/3\/2017\/03\/NABU_FB_Header_828x315px_01Zeichenfla\u2560\u00eache-1.jpg\" data-orig-size=\"800,304\" data-comments-opened=\"1\" data-image-meta=\"{&quot;aperture&quot;:&quot;0&quot;,&quot;credit&quot;:&quot;&quot;,&quot;camera&quot;:&quot;&quot;,&quot;caption&quot;:&quot;&quot;,&quot;created_timestamp&quot;:&quot;0&quot;,&quot;copyright&quot;:&quot;&quot;,&quot;focal_length&quot;:&quot;0&quot;,&quot;iso&quot;:&quot;0&quot;,&quot;shutter_speed&quot;:&quot;0&quot;,&quot;title&quot;:&quot;&quot;,&quot;orientation&quot;:&quot;0&quot;}\" data-image-title=\"NABU_FB_Header_828x315px_01Zeichenfla\u2560\u00eache 1\" data-image-description=\"\" data-image-caption=\"\" data-medium-file=\"https:\/\/blogs.nabu.de\/naturschaetze-retten\/wp-content\/uploads\/sites\/3\/2017\/03\/NABU_FB_Header_828x315px_01Zeichenfla\u2560\u00eache-1-300x114.jpg\" data-large-file=\"https:\/\/blogs.nabu.de\/naturschaetze-retten\/wp-content\/uploads\/sites\/3\/2017\/03\/NABU_FB_Header_828x315px_01Zeichenfla\u2560\u00eache-1.jpg\" decoding=\"async\" loading=\"lazy\" class=\"aligncenter wp-image-3009 size-full\" src=\"https:\/\/blogs.nabu.de\/naturschaetze-retten\/wp-content\/uploads\/sites\/3\/2017\/03\/NABU_FB_Header_828x315px_01Zeichenfla\u2560\u00eache-1.jpg\" alt=\"\" width=\"800\" height=\"304\" \/><\/a><\/p>\n<p>&nbsp;<\/p>\n<!-- Begin Yuzo --><div class='yuzo_related_post style-1'  data-version='5.12.74'><!-- without result --><div class='yuzo_clearfixed yuzo__title yuzo__title'><h3>Das k\u00f6nnte Sie auch interessieren<\/h3><\/div>\n\t\t\t\t\t\t  <div class=\"relatedthumb \" style=\"width:125px;float:left;overflow:hidden;\">  \n\t\t\t\t\t\t\t  \n\t\t\t\t\t\t\t  <a  href=\"https:\/\/blogs.nabu.de\/naturschaetze-retten\/kommissionsvorschlag-verfehlt\/\"  >\n\t\t\t\t\t\t\t\t\t  <div class=\"yuzo-img-wrap \" style=\"width: 125px;height:90px;\">\n\t\t\t\t\t\t\t\t\t\t\n\t\t\t\t\t\t\t\t\t\t<div class=\"yuzo-img\" style=\"background:url('https:\/\/blogs.nabu.de\/naturschaetze-retten\/wp-content\/uploads\/sites\/3\/2015\/05\/140911-nabu-wolf-2-340x226.jpg') 50% 50% no-repeat;width: 125px;height:90px;margin-bottom: 5px;background-size: cover; \"><\/div>\n\t\t\t\t\t\t\t\t\t  <\/div>\n\t\t\t\t\t\t\t\t\t  \n\t\t\t\t\t\t\t\t   <span class=\"yuzo__text--title\" style=\"font-size:13px;\">Kommissionsvorschlag zur Herabstufung des Wolfs is...<\/span>\n\t\t\t\t\t\t\t  \n\t\t\t\t\t\t\t  \n\t\t\t\t\t\t\t  <\/a>\n\n\t\t\t\t\t\t  <\/div>\n\t\t\t\t\t\t  <div class=\"relatedthumb \" style=\"width:125px;float:left;overflow:hidden;\">  \n\t\t\t\t\t\t\t  \n\t\t\t\t\t\t\t  <a  href=\"https:\/\/blogs.nabu.de\/naturschaetze-retten\/mdep-brief\/\"  >\n\t\t\t\t\t\t\t\t\t  <div class=\"yuzo-img-wrap \" style=\"width: 125px;height:90px;\">\n\t\t\t\t\t\t\t\t\t\t\n\t\t\t\t\t\t\t\t\t\t<div class=\"yuzo-img\" style=\"background:url('https:\/\/blogs.nabu.de\/naturschaetze-retten\/wp-content\/uploads\/sites\/3\/2016\/02\/berlaymont-Foto-EU-340x226.jpg') 50% 50% no-repeat;width: 125px;height:90px;margin-bottom: 5px;background-size: cover; \"><\/div>\n\t\t\t\t\t\t\t\t\t  <\/div>\n\t\t\t\t\t\t\t\t\t  \n\t\t\t\t\t\t\t\t   <span class=\"yuzo__text--title\" style=\"font-size:13px;\">EU-Naturschutz: Klemmt es in der Kommission?<\/span>\n\t\t\t\t\t\t\t  \n\t\t\t\t\t\t\t  \n\t\t\t\t\t\t\t  <\/a>\n\n\t\t\t\t\t\t  <\/div>\n\t\t\t\t\t\t  <div class=\"relatedthumb \" style=\"width:125px;float:left;overflow:hidden;\">  \n\t\t\t\t\t\t\t  \n\t\t\t\t\t\t\t  <a  href=\"https:\/\/blogs.nabu.de\/naturschaetze-retten\/insektenrueckgang-in-den-niederlanden\/\"  >\n\t\t\t\t\t\t\t\t\t  <div class=\"yuzo-img-wrap \" style=\"width: 125px;height:90px;\">\n\t\t\t\t\t\t\t\t\t\t\n\t\t\t\t\t\t\t\t\t\t<div class=\"yuzo-img\" style=\"background:url('https:\/\/blogs.nabu.de\/naturschaetze-retten\/wp-content\/uploads\/sites\/3\/2018\/08\/Amethysteule_Eucarta-amethystina_starkgef\u00e4hrdet_AndrejMakara.jpg') 50% 50% no-repeat;width: 125px;height:90px;margin-bottom: 5px;background-size: cover; \"><\/div>\n\t\t\t\t\t\t\t\t\t  <\/div>\n\t\t\t\t\t\t\t\t\t  \n\t\t\t\t\t\t\t\t   <span class=\"yuzo__text--title\" style=\"font-size:13px;\">Insektenr\u00fcckgang in den Niederlanden<\/span>\n\t\t\t\t\t\t\t  \n\t\t\t\t\t\t\t  \n\t\t\t\t\t\t\t  <\/a>\n\n\t\t\t\t\t\t  <\/div>\n\t\t\t\t\t\t  <div class=\"relatedthumb \" style=\"width:125px;float:left;overflow:hidden;\">  \n\t\t\t\t\t\t\t  \n\t\t\t\t\t\t\t  <a  href=\"https:\/\/blogs.nabu.de\/naturschaetze-retten\/nabu-gap-ticker-backhaus-spd\/\"  >\n\t\t\t\t\t\t\t\t\t  <div class=\"yuzo-img-wrap \" style=\"width: 125px;height:90px;\">\n\t\t\t\t\t\t\t\t\t\t\n\t\t\t\t\t\t\t\t\t\t<div class=\"yuzo-img\" style=\"background:url('https:\/\/blogs.nabu.de\/naturschaetze-retten\/wp-content\/uploads\/sites\/3\/2018\/06\/Gap_Ticker_Head_schmal.jpg') 50% 50% no-repeat;width: 125px;height:90px;margin-bottom: 5px;background-size: cover; \"><\/div>\n\t\t\t\t\t\t\t\t\t  <\/div>\n\t\t\t\t\t\t\t\t\t  \n\t\t\t\t\t\t\t\t   <span class=\"yuzo__text--title\" style=\"font-size:13px;\">NABU-GAP-Ticker: Backhaus macht einen ersten Schri...<\/span>\n\t\t\t\t\t\t\t  \n\t\t\t\t\t\t\t  \n\t\t\t\t\t\t\t  <\/a>\n\n\t\t\t\t\t\t  <\/div>\n<\/div> <style>\n\t\t\t\t\t\t\t\t.yuzo_related_post img{width:120px !important; height:110px !important;}\n\t\t\t\t\t\t\t\t.yuzo_related_post .relatedthumb{line-height:15px;background: !important;color:!important;}\n\t\t\t\t\t\t\t\t.yuzo_related_post .relatedthumb:hover{background:#fcfcf4 !important; -webkit-transition: background 0.2s linear; -moz-transition: background 0.2s linear; -o-transition: background 0.2s linear; transition: background 0.2s linear;;color:!important;}\n\t\t\t\t\t\t\t\t.yuzo_related_post .relatedthumb a{color:!important;}\n\t\t\t\t\t\t\t\t.yuzo_related_post .relatedthumb a:hover{ color:}!important;}\n\t\t\t\t\t\t\t\t.yuzo_related_post .relatedthumb:hover a{ color:!important;}\n\t\t\t\t\t\t\t\t.yuzo_related_post .yuzo_text {color:!important;}\n\t\t\t\t\t\t\t\t.yuzo_related_post .relatedthumb:hover .yuzo_text {color:!important;}\n\t\t\t\t\t\t\t\t.yuzo_related_post .relatedthumb{  margin: 0px  0px  0px  0px;   padding: 5px  5px  5px  5px;  }\n\t\t\t\t\t\t\t\t\n\t\t\t\t\t\t\t\t<\/style> <script>\n\t\t\t\t\t\t  jQuery(document).ready(function( $ ){\n\t\t\t\t\t\t\t\/\/jQuery('.yuzo_related_post').equalizer({ overflow : 'relatedthumb' });\n\t\t\t\t\t\t\tjQuery('.yuzo_related_post .yuzo_wraps').equalizer({ columns : '> div' });\n\t\t\t\t\t\t   })\n\t\t\t\t\t\t  <\/script> <!-- End Yuzo :) -->","protected":false},"excerpt":{"rendered":"<p>Mobilisierungskampagne zur Zukunft der Landwirtschaft: Unter www.NABU.de\/abstimmen jetzt eine Agrarpolitik einfordern, die Mensch und Natur gerecht wird!<\/p>\n","protected":false},"author":23,"featured_media":3046,"comment_status":"open","ping_status":"closed","sticky":false,"template":"","format":"image","meta":{"jetpack_post_was_ever_published":false},"categories":[66,1],"tags":[20,34,57,35,43,19,44,60,29,31],"jetpack_featured_media_url":"https:\/\/blogs.nabu.de\/naturschaetze-retten\/wp-content\/uploads\/sites\/3\/2017\/04\/NABU_Facebook-Sharepics_rebhuhn.jpg","jetpack-related-posts":[{"id":2761,"url":"https:\/\/blogs.nabu.de\/naturschaetze-retten\/gap-konsultation\/","url_meta":{"origin":2939,"position":0},"title":"Die Agrardebatte ist er\u00f6ffnet!","date":"2. Februar 2017","format":"image","excerpt":"Die Debatte \u00fcber die k\u00fcnftige Agrarpolitik ist er\u00f6ffnet. Der NABU ruft zu breiter Beteiligung an der EU-B\u00fcrgerbefragung auf.","rel":"","context":"In &quot;Landwirtschaft &amp; Ern\u00e4hrung&quot;","img":{"alt_text":"","src":"https:\/\/i0.wp.com\/blogs.nabu.de\/naturschaetze-retten\/wp-content\/uploads\/sites\/3\/2017\/02\/BirdLife2.png?resize=350%2C200&ssl=1","width":350,"height":200},"classes":[]},{"id":3051,"url":"https:\/\/blogs.nabu.de\/naturschaetze-retten\/100000-livingland\/","url_meta":{"origin":2939,"position":1},"title":"100.000 fordern eine neue Agrarpolitik!","date":"20. April 2017","format":"image","excerpt":"Jetzt sind es schon \u00fcber 100.000 B\u00fcrgerinnen und B\u00fcrger, die von Phil Hogan, dem EU-Agrarkommissar einen Politikwechsel fordern. Noch bis 2.Mai l\u00e4uft die B\u00fcrgerbefragung.","rel":"","context":"In &quot;Landwirtschaft &amp; Ern\u00e4hrung&quot;","img":{"alt_text":"","src":"https:\/\/i0.wp.com\/blogs.nabu.de\/naturschaetze-retten\/wp-content\/uploads\/sites\/3\/2017\/03\/Logo-LivingLand-300x287.jpg?resize=350%2C200","width":350,"height":200},"classes":[]},{"id":3112,"url":"https:\/\/blogs.nabu.de\/naturschaetze-retten\/ueber-eine-viertelmillionen-stimmen-fuer-eine-bessere-agrarpolitik\/","url_meta":{"origin":2939,"position":2},"title":"F\u00fcr eine bessere Agrarpolitik","date":"3. Mai 2017","format":"image","excerpt":"\u00dcber eine Viertelmillion Teilnehmer an der Umfrage der EU-Kommission zur Agrarpolitik fordern den Wandel zu einer fairen und nachhaltigen Landwirtschaft.","rel":"","context":"In &quot;Landwirtschaft &amp; Ern\u00e4hrung&quot;","img":{"alt_text":"","src":"https:\/\/i0.wp.com\/blogs.nabu.de\/naturschaetze-retten\/wp-content\/uploads\/sites\/3\/2017\/05\/NABU_Standartformat_Danke_680X453_v01Zeichenflaeche-4_1.jpg?resize=350%2C200&ssl=1","width":350,"height":200},"classes":[]},{"id":2810,"url":"https:\/\/blogs.nabu.de\/naturschaetze-retten\/dbv\/","url_meta":{"origin":2939,"position":3},"title":"Wessen Interessen vertritt der Bauernverband wirklich?","date":"6. Februar 2017","format":false,"excerpt":"Angesichts der j\u00fcngsten \u00c4u\u00dferungen des Deutschen Bauernverbands zur Agrarpolitik fragt sich der NABU, ob damit wirklich den Bauernfamilien gedient ist.","rel":"","context":"In &quot;Landwirtschaft &amp; Ern\u00e4hrung&quot;","img":{"alt_text":"","src":"https:\/\/i0.wp.com\/blogs.nabu.de\/naturschaetze-retten\/wp-content\/uploads\/sites\/3\/2016\/06\/151111-nabu-pestizideinsatz-landwirtschaft-arndt-mueller.jpeg?resize=350%2C200&ssl=1","width":350,"height":200},"classes":[]},{"id":7483,"url":"https:\/\/blogs.nabu.de\/naturschaetze-retten\/welche-zukunft-hat-die-agrarpolitik-verbaendebuendnis-veroeffentlicht-position-zur-gemeinsamen-agrarpolitik-nach-2027\/","url_meta":{"origin":2939,"position":4},"title":"Welche Zukunft hat die Agrarpolitik? Verb\u00e4ndeb\u00fcndnis ver\u00f6ffentlicht Position zur Gemeinsamen Agrarpolitik nach 2027","date":"13. November 2023","format":false,"excerpt":"Am Mittwoch, den 8. November 2023, hat die Verb\u00e4ndeplattform, eine breites B\u00fcndnis von Organisationen aus Landwirtschaft, Umwelt-, Natur-, Klima-, Verbraucher- und Tierschutz sowie der Entwicklungszusammenarbeit, ein gemeinsames Papier zu Zielen, Forderungen und Vorschl\u00e4gen f\u00fcr eine krisenfeste, \u00f6kologischere und gerechte Agrarpolitik ver\u00f6ffentlicht und an die beiden Staatssekret\u00e4rinnen Claudia M\u00fcller (Bundeslandwirtschaftsministerium) und\u2026","rel":"","context":"In &quot;Landwirtschaft &amp; Ern\u00e4hrung&quot;","img":{"alt_text":"","src":"https:\/\/i0.wp.com\/blogs.nabu.de\/naturschaetze-retten\/wp-content\/uploads\/sites\/3\/2023\/11\/23-11-08_PK_Verbaendeplattform_Foto_StefanieLoos_b0120-scaled.jpg?resize=350%2C200&ssl=1","width":350,"height":200},"classes":[]},{"id":3240,"url":"https:\/\/blogs.nabu.de\/naturschaetze-retten\/wer-hat-das-sagen-in-der-eu-agrarpolitik\/","url_meta":{"origin":2939,"position":5},"title":"Wer hat das Sagen&#8230;in der EU-Agrarpolitik?","date":"11. Juli 2017","format":false,"excerpt":"Auf einer gro\u00dfen Konferenz in Br\u00fcssel wurde klar: EU-Agrarkommissar Phil Hogan hat verstanden. Die Debatte \u00fcber die k\u00fcnftige Landwirtschaftspolitik wird breit gesellschaftlich gef\u00fchrt.","rel":"","context":"In &quot;Landwirtschaft &amp; Ern\u00e4hrung&quot;","img":{"alt_text":"","src":"https:\/\/i0.wp.com\/blogs.nabu.de\/naturschaetze-retten\/wp-content\/uploads\/sites\/3\/2017\/07\/CAPHaveyoursay-1.png?resize=350%2C200&ssl=1","width":350,"height":200},"classes":[]}],"jetpack_shortlink":"https:\/\/wp.me\/p67kDA-Lp","_links":{"self":[{"href":"https:\/\/blogs.nabu.de\/naturschaetze-retten\/wp-json\/wp\/v2\/posts\/2939"}],"collection":[{"href":"https:\/\/blogs.nabu.de\/naturschaetze-retten\/wp-json\/wp\/v2\/posts"}],"about":[{"href":"https:\/\/blogs.nabu.de\/naturschaetze-retten\/wp-json\/wp\/v2\/types\/post"}],"author":[{"embeddable":true,"href":"https:\/\/blogs.nabu.de\/naturschaetze-retten\/wp-json\/wp\/v2\/users\/23"}],"replies":[{"embeddable":true,"href":"https:\/\/blogs.nabu.de\/naturschaetze-retten\/wp-json\/wp\/v2\/comments?post=2939"}],"version-history":[{"count":29,"href":"https:\/\/blogs.nabu.de\/naturschaetze-retten\/wp-json\/wp\/v2\/posts\/2939\/revisions"}],"predecessor-version":[{"id":3171,"href":"https:\/\/blogs.nabu.de\/naturschaetze-retten\/wp-json\/wp\/v2\/posts\/2939\/revisions\/3171"}],"wp:featuredmedia":[{"embeddable":true,"href":"https:\/\/blogs.nabu.de\/naturschaetze-retten\/wp-json\/wp\/v2\/media\/3046"}],"wp:attachment":[{"href":"https:\/\/blogs.nabu.de\/naturschaetze-retten\/wp-json\/wp\/v2\/media?parent=2939"}],"wp:term":[{"taxonomy":"category","embeddable":true,"href":"https:\/\/blogs.nabu.de\/naturschaetze-retten\/wp-json\/wp\/v2\/categories?post=2939"},{"taxonomy":"post_tag","embeddable":true,"href":"https:\/\/blogs.nabu.de\/naturschaetze-retten\/wp-json\/wp\/v2\/tags?post=2939"}],"curies":[{"name":"wp","href":"https:\/\/api.w.org\/{rel}","templated":true}]}}