{"id":2559,"date":"2016-12-07T12:45:04","date_gmt":"2016-12-07T11:45:04","guid":{"rendered":"http:\/\/blogs.nabu.de\/naturschaetze-retten\/?p=2559"},"modified":"2016-12-20T10:05:22","modified_gmt":"2016-12-20T09:05:22","slug":"naturealert-erfolgreich","status":"publish","type":"post","link":"https:\/\/blogs.nabu.de\/naturschaetze-retten\/naturealert-erfolgreich\/","title":{"rendered":"#NatureAlert erfolgreich: EU-Naturschutzrichtlinien bleiben"},"content":{"rendered":"<h3><img data-attachment-id=\"2587\" data-permalink=\"https:\/\/blogs.nabu.de\/naturschaetze-retten\/naturealert-erfolgreich\/rz-final-tiere-mit-eu-sprungtuch-940x300-rgb-2\/\" data-orig-file=\"https:\/\/blogs.nabu.de\/naturschaetze-retten\/wp-content\/uploads\/sites\/3\/2016\/12\/RZ-final-Tiere-mit-EU-Sprungtuch-940x300-RGB-1.jpg\" data-orig-size=\"940,300\" data-comments-opened=\"1\" data-image-meta=\"{&quot;aperture&quot;:&quot;0&quot;,&quot;credit&quot;:&quot;&quot;,&quot;camera&quot;:&quot;&quot;,&quot;caption&quot;:&quot;&quot;,&quot;created_timestamp&quot;:&quot;0&quot;,&quot;copyright&quot;:&quot;&quot;,&quot;focal_length&quot;:&quot;0&quot;,&quot;iso&quot;:&quot;0&quot;,&quot;shutter_speed&quot;:&quot;0&quot;,&quot;title&quot;:&quot;&quot;,&quot;orientation&quot;:&quot;1&quot;}\" data-image-title=\"rz-final-tiere-mit-eu-sprungtuch-940&#215;300-rgb\" data-image-description=\"\" data-image-caption=\"\" data-medium-file=\"https:\/\/blogs.nabu.de\/naturschaetze-retten\/wp-content\/uploads\/sites\/3\/2016\/12\/RZ-final-Tiere-mit-EU-Sprungtuch-940x300-RGB-1-300x96.jpg\" data-large-file=\"https:\/\/blogs.nabu.de\/naturschaetze-retten\/wp-content\/uploads\/sites\/3\/2016\/12\/RZ-final-Tiere-mit-EU-Sprungtuch-940x300-RGB-1.jpg\" decoding=\"async\" loading=\"lazy\" class=\"alignnone wp-image-2587 size-full\" src=\"https:\/\/blogs.nabu.de\/naturschaetze-retten\/wp-content\/uploads\/sites\/3\/2016\/12\/RZ-final-Tiere-mit-EU-Sprungtuch-940x300-RGB-1.jpg\" alt=\"rz-final-tiere-mit-eu-sprungtuch-940x300-rgb\" width=\"940\" height=\"300\" \/><\/h3>\n<h3><strong>EU-Kommission gibt Pl\u00e4ne zur \u00c4nderung des Naturschutzrechts a<\/strong>uf<\/h3>\n<p>Soeben erreicht uns die Nachricht, dass die Europ\u00e4ische Kommission beschlossen hat, die EU-Naturschutzrichtlinien in ihrer jetzigen Form beizubehalten (<a href=\"http:\/\/europa.eu\/rapid\/press-release_MEX-16-4308_en.htm\" target=\"_blank\">Pressemitteilung der EU-Kommission<\/a>). Jean-Claude Juncker hat damit sein Vorhaben aufgegeben, die EU-Vogelschutz- und die Fauna-Flora-Habitat-Richtlinie zu &#8222;verschmelzen und zu modernisieren&#8220;.<\/p>\n<p><a href=\"http:\/\/blogs.nabu.de\/naturschaetze-retten\/wp-content\/uploads\/sites\/3\/2016\/12\/vella.png\"><img data-attachment-id=\"2618\" data-permalink=\"https:\/\/blogs.nabu.de\/naturschaetze-retten\/naturealert-erfolgreich\/vella\/\" data-orig-file=\"https:\/\/blogs.nabu.de\/naturschaetze-retten\/wp-content\/uploads\/sites\/3\/2016\/12\/vella.png\" data-orig-size=\"876,266\" data-comments-opened=\"1\" data-image-meta=\"{&quot;aperture&quot;:&quot;0&quot;,&quot;credit&quot;:&quot;&quot;,&quot;camera&quot;:&quot;&quot;,&quot;caption&quot;:&quot;&quot;,&quot;created_timestamp&quot;:&quot;0&quot;,&quot;copyright&quot;:&quot;&quot;,&quot;focal_length&quot;:&quot;0&quot;,&quot;iso&quot;:&quot;0&quot;,&quot;shutter_speed&quot;:&quot;0&quot;,&quot;title&quot;:&quot;&quot;,&quot;orientation&quot;:&quot;0&quot;}\" data-image-title=\"vella\" data-image-description=\"\" data-image-caption=\"\" data-medium-file=\"https:\/\/blogs.nabu.de\/naturschaetze-retten\/wp-content\/uploads\/sites\/3\/2016\/12\/vella-300x91.png\" data-large-file=\"https:\/\/blogs.nabu.de\/naturschaetze-retten\/wp-content\/uploads\/sites\/3\/2016\/12\/vella.png\" decoding=\"async\" loading=\"lazy\" class=\"size-medium wp-image-2618 aligncenter\" src=\"https:\/\/blogs.nabu.de\/naturschaetze-retten\/wp-content\/uploads\/sites\/3\/2016\/12\/vella-300x91.png\" alt=\"vella\" width=\"300\" height=\"91\" \/><\/a><a href=\"http:\/\/blogs.nabu.de\/naturschaetze-retten\/wp-content\/uploads\/sites\/3\/2016\/12\/timmermans.png\"><img data-attachment-id=\"2619\" data-permalink=\"https:\/\/blogs.nabu.de\/naturschaetze-retten\/naturealert-erfolgreich\/timmermans\/\" data-orig-file=\"https:\/\/blogs.nabu.de\/naturschaetze-retten\/wp-content\/uploads\/sites\/3\/2016\/12\/timmermans.png\" data-orig-size=\"902,270\" data-comments-opened=\"1\" data-image-meta=\"{&quot;aperture&quot;:&quot;0&quot;,&quot;credit&quot;:&quot;&quot;,&quot;camera&quot;:&quot;&quot;,&quot;caption&quot;:&quot;&quot;,&quot;created_timestamp&quot;:&quot;0&quot;,&quot;copyright&quot;:&quot;&quot;,&quot;focal_length&quot;:&quot;0&quot;,&quot;iso&quot;:&quot;0&quot;,&quot;shutter_speed&quot;:&quot;0&quot;,&quot;title&quot;:&quot;&quot;,&quot;orientation&quot;:&quot;0&quot;}\" data-image-title=\"timmermans\" data-image-description=\"\" data-image-caption=\"\" data-medium-file=\"https:\/\/blogs.nabu.de\/naturschaetze-retten\/wp-content\/uploads\/sites\/3\/2016\/12\/timmermans-300x90.png\" data-large-file=\"https:\/\/blogs.nabu.de\/naturschaetze-retten\/wp-content\/uploads\/sites\/3\/2016\/12\/timmermans.png\" decoding=\"async\" loading=\"lazy\" class=\"size-medium wp-image-2619 aligncenter\" src=\"https:\/\/blogs.nabu.de\/naturschaetze-retten\/wp-content\/uploads\/sites\/3\/2016\/12\/timmermans-300x90.png\" alt=\"timmermans\" width=\"300\" height=\"90\" \/><\/a><\/p>\n<p>Man kann dies durchaus einen historischen Erfolg nennen. Erstmals in der Geschichte der EU war versucht worden, bestehende Umweltstandards zur\u00fcckzudrehen &#8211; unter dem Deckmantel der &#8222;Entb\u00fcrokratisierung&#8220; und in der Zuversicht, dass der Naturschutz keine starke Stimme in der Gesellschaft hat.<\/p>\n<blockquote><p>Karmenu Vellas Kommentar zur Debatte der Kommissare (auch <a href=\"https:\/\/ec.europa.eu\/commission\/2014-2019\/vella\/announcements\/my-statement-orientation-debate-next-steps-fitness-check-birds-and-habitats-directives_en\" target=\"_blank\">HIER<\/a>):<\/p>\n<p><em><span style=\"font-family: Calibri;font-size: medium\">&#8222;Our European Commission &#8218;fitness check&#8216; has recognised that the European Birds and Habitats Directives remain relevant and fit for purpose. <span style=\"text-decoration: underline\"><span style=\"color: #008000;text-decoration: underline\">They will not be &#8218;opened&#8216;.<\/span><\/span> The Juncker Commission continues to look to connect in meaningful ways with European citizens. Protecting and investing more in nature is essential as so many depend on it also economically &#8211; It\u00a0 is literally a grassroots approach. Our focus will now be on making sure that they are implemented in the most effective and efficient way to realise their full potential for nature, people and the economy. <\/span><\/em><em><span style=\"font-family: Calibri;font-size: medium\">I am delighted that we have delivered on an essential part of the mandate given to me by President Juncker&#8220;.<\/span><\/em><\/p><\/blockquote>\n<p><span style=\"color: #ff0000\">Update: Am 16.12. ver\u00f6ffentlichte die EU-Kommission ihr &#8222;Staff Working Document&#8220; (KOM-Arbeitspapier) &#8211; download <a href=\"http:\/\/ec.europa.eu\/environment\/nature\/legislation\/fitness_check\/docs\/nature_fitness_check.pdf\" target=\"_blank\">HIER<\/a> (Englisch).<\/span><\/p>\n<h3>Wir wollen eine EU mit starken Umweltstandards<\/h3>\n<p>Der NABU, unser Dachverband BirdLife, viele weitere Verb\u00e4nde, Unternehmen, Institutionen aus ganz Europa und nicht zuletzt \u00fcber <a href=\"http:\/\/blogs.nabu.de\/naturschaetze-retten\/500000\/\" target=\"_blank\">500.000 B\u00fcrgerinnen und B\u00fcrger<\/a>, die sich aktiv zu Wort gemeldet haben, haben das Gegenteil bewiesen. Wir wollen eine EU, die mit starken Umweltstandards weltweit vorangeht. <!--more-->Jean-Claude Juncker hat verstanden, dass es eben doch viele Menschen in Europa gibt, die EU-Gesetzgebung sch\u00e4tzen und sie verteidigen.\u00a0 Dass er das Votum von Experten und B\u00fcrgern nun respektiert und seine eigene Meinung \u00e4ndert, stimmt zuversichtlich. Auf der gerade laufenden Weltkonferenz zur Biologischen Vielfalt im mexikanischen Canc\u00fan hat die EU nun ein gro\u00dfes St\u00fcck Glaubw\u00fcrdigkeitzur\u00fcck gewonnen.<\/p>\n<div id=\"attachment_622\" style=\"width: 310px\" class=\"wp-caption alignleft\"><a href=\"http:\/\/blogs.nabu.de\/naturschaetze-retten\/wp-content\/uploads\/sites\/3\/2015\/11\/CUPdwupWwAEUoMj.jpg-large.jpg\"><img aria-describedby=\"caption-attachment-622\" data-attachment-id=\"622\" data-permalink=\"https:\/\/blogs.nabu.de\/naturschaetze-retten\/konferenzticker\/cupdwupwwaeuomj-jpg-large\/\" data-orig-file=\"https:\/\/blogs.nabu.de\/naturschaetze-retten\/wp-content\/uploads\/sites\/3\/2015\/11\/CUPdwupWwAEUoMj.jpg-large.jpg\" data-orig-size=\"599,535\" data-comments-opened=\"1\" data-image-meta=\"{&quot;aperture&quot;:&quot;0&quot;,&quot;credit&quot;:&quot;&quot;,&quot;camera&quot;:&quot;&quot;,&quot;caption&quot;:&quot;&quot;,&quot;created_timestamp&quot;:&quot;0&quot;,&quot;copyright&quot;:&quot;&quot;,&quot;focal_length&quot;:&quot;0&quot;,&quot;iso&quot;:&quot;0&quot;,&quot;shutter_speed&quot;:&quot;0&quot;,&quot;title&quot;:&quot;&quot;,&quot;orientation&quot;:&quot;0&quot;}\" data-image-title=\"CUPdwupWwAEUoMj.jpg large\" data-image-description=\"&lt;p&gt;Umweltkommissar Karmenu Vella (ganz rechts) empf\u00e4ngt \u00fcber 500.000 Unterschriften&lt;\/p&gt;\n\" data-image-caption=\"\" data-medium-file=\"https:\/\/blogs.nabu.de\/naturschaetze-retten\/wp-content\/uploads\/sites\/3\/2015\/11\/CUPdwupWwAEUoMj.jpg-large-300x268.jpg\" data-large-file=\"https:\/\/blogs.nabu.de\/naturschaetze-retten\/wp-content\/uploads\/sites\/3\/2015\/11\/CUPdwupWwAEUoMj.jpg-large.jpg\" decoding=\"async\" loading=\"lazy\" class=\"wp-image-622 size-medium\" src=\"http:\/\/blogs.nabu.de\/naturschaetze-retten\/wp-content\/uploads\/sites\/3\/2015\/11\/CUPdwupWwAEUoMj.jpg-large-300x268.jpg\" alt=\"CUPdwupWwAEUoMj.jpg large\" width=\"300\" height=\"268\" \/><\/a><p id=\"caption-attachment-622\" class=\"wp-caption-text\">Symbolische \u00dcbergabe der B\u00fcrgerantworten zum Fitness-Check an den Umweltkommissar. Foto: BirdLife.<\/p><\/div>\n<h3>Umweltkommissar Vella: Vom Fitness-Check zum Aktionsplan<\/h3>\n<p>Einen gro\u00dfen Anteil an dieser Entscheidung, die sicher auch Pr\u00e4zedenzwirkung in anderen Feldern der Umweltpolitik entfalten wird, hat Umweltkommissar Karmenu Vella. Dieser f\u00fchrte einen intensiven und transparenten&#8220;Fitness-Check&#8220; der beiden Richtlinien durch, mit eindeutigem Ergebnis: den Richtlinien wurde <a href=\"http:\/\/blogs.nabu.de\/naturschaetze-retten\/fitnesscheck-final\/\" target=\"_blank\">&#8222;Wirksamkeit, Effizienz, Relevanz, Koh\u00e4rent und EU-Mehrwert&#8220;<\/a> attestiert. Gleichzeitig trat aber auch eine F\u00fclle von Umsetzungs- und Finanzierungsproblemen in den Mitgliedstaaten zutage, die nun in Angriff genommen werden m\u00fcssen. Daf\u00fcr hat Vella heute einen Aktionsplan angek\u00fcndigt. Au\u00dferdem zeigte der Fitness-Check, dass die Gemeinsame Agrarpolitik (GAP) der EU dringend reformiert werden muss, um die Artenvielfalt in Europa zu erhalten und Landnutzer f\u00fcr Naturschutzleistungen zu belohnen. Deshalb freuen wir uns auf die \u00f6ffentliche Konsultation zur GAP-Reform, die die <a href=\"https:\/\/ec.europa.eu\/agriculture\/newsroom\/315_de\" target=\"_blank\">Juncker dazu gestern<\/a> f\u00fcr Anfang n\u00e4chsten Jahres angek\u00fcndigt hat.<\/p>\n<h3>Umweltminister und EU-Parlament: gemeinsam f\u00fcr den Naturschutz<\/h3>\n<p>Stark haben sich auch viele EU-Umweltminister und Europaparlamentarier f\u00fcr die Rettung der Richtlinien eingesetzt. <a href=\"http:\/\/blogs.nabu.de\/naturschaetze-retten\/haende-weg-von-den-eu-naturschutzrichtlinien\/\" target=\"_blank\">Bundesumweltministerin Hendricks<\/a> f\u00fchrte eine starke Allianz von Ministern dazu an, der belgische Abgeordnete <a href=\"http:\/\/blogs.nabu.de\/naturschaetze-retten\/europaparlament-spricht-sich-klar-fuer-erhalt-naturschutzrichtlinien-aus\/\" target=\"_blank\">Mark Demesmaeker<\/a> tat das gleiche unter seinen Kollegen im EU-Parlament. Das f\u00fchrte zu \u00fcberw\u00e4ltigenden Mehrheiten in den beiden wichtigsten EU-Institutionen. <a href=\"https:\/\/twitter.com\/NABU_Biodiv\/status\/788987998251651072\" target=\"_blank\">Martin Schulz<\/a> schrieb dazu sogar an seinen Freund Jean-Claude Juncker. Was auch immer den Ausschlag gab &#8211; heute gibt es einmal gute Nachrichten f\u00fcr den Planeten!<\/p>\n<p><a href=\"http:\/\/blogs.nabu.de\/naturschaetze-retten\/wp-content\/uploads\/sites\/3\/2015\/11\/41.jpg\"><img data-attachment-id=\"568\" data-permalink=\"https:\/\/blogs.nabu.de\/naturschaetze-retten\/naturealert-erfolgreich\/4-2\/\" data-orig-file=\"https:\/\/blogs.nabu.de\/naturschaetze-retten\/wp-content\/uploads\/sites\/3\/2015\/11\/41.jpg\" data-orig-size=\"851,315\" data-comments-opened=\"1\" data-image-meta=\"{&quot;aperture&quot;:&quot;0&quot;,&quot;credit&quot;:&quot;&quot;,&quot;camera&quot;:&quot;&quot;,&quot;caption&quot;:&quot;&quot;,&quot;created_timestamp&quot;:&quot;0&quot;,&quot;copyright&quot;:&quot;&quot;,&quot;focal_length&quot;:&quot;0&quot;,&quot;iso&quot;:&quot;0&quot;,&quot;shutter_speed&quot;:&quot;0&quot;,&quot;title&quot;:&quot;&quot;,&quot;orientation&quot;:&quot;0&quot;}\" data-image-title=\"4\" data-image-description=\"\" data-image-caption=\"\" data-medium-file=\"https:\/\/blogs.nabu.de\/naturschaetze-retten\/wp-content\/uploads\/sites\/3\/2015\/11\/41-300x111.jpg\" data-large-file=\"https:\/\/blogs.nabu.de\/naturschaetze-retten\/wp-content\/uploads\/sites\/3\/2015\/11\/41.jpg\" decoding=\"async\" loading=\"lazy\" class=\"aligncenter wp-image-568 size-full\" src=\"https:\/\/blogs.nabu.de\/naturschaetze-retten\/wp-content\/uploads\/sites\/3\/2015\/11\/41.jpg\" alt=\"4\" width=\"851\" height=\"315\" \/><\/a><\/p>\n<p>&nbsp;<\/p>\n<!-- Begin Yuzo --><div class='yuzo_related_post style-1'  data-version='5.12.74'><!-- without result --><div class='yuzo_clearfixed yuzo__title yuzo__title'><h3>Das k\u00f6nnte Sie auch interessieren<\/h3><\/div>\n\t\t\t\t\t\t  <div class=\"relatedthumb \" style=\"width:125px;float:left;overflow:hidden;\">  \n\t\t\t\t\t\t\t  \n\t\t\t\t\t\t\t  <a  href=\"https:\/\/blogs.nabu.de\/naturschaetze-retten\/cop-corner-zwischenbilanz\/\"  >\n\t\t\t\t\t\t\t\t\t  <div class=\"yuzo-img-wrap \" style=\"width: 125px;height:90px;\">\n\t\t\t\t\t\t\t\t\t\t\n\t\t\t\t\t\t\t\t\t\t<div class=\"yuzo-img\" style=\"background:url('https:\/\/blogs.nabu.de\/naturschaetze-retten\/wp-content\/uploads\/sites\/3\/2018\/11\/Egypt_COP14_Logo_Final_Horizontal_Text_Beside-340x226.png') 50% 50% no-repeat;width: 125px;height:90px;margin-bottom: 5px;background-size: cover; \"><\/div>\n\t\t\t\t\t\t\t\t\t  <\/div>\n\t\t\t\t\t\t\t\t\t  \n\t\t\t\t\t\t\t\t   <span class=\"yuzo__text--title\" style=\"font-size:13px;\">COP-Corner: Wochenende in Sharm el Sheich<\/span>\n\t\t\t\t\t\t\t  \n\t\t\t\t\t\t\t  \n\t\t\t\t\t\t\t  <\/a>\n\n\t\t\t\t\t\t  <\/div>\n\t\t\t\t\t\t  <div class=\"relatedthumb \" style=\"width:125px;float:left;overflow:hidden;\">  \n\t\t\t\t\t\t\t  \n\t\t\t\t\t\t\t  <a  href=\"https:\/\/blogs.nabu.de\/naturschaetze-retten\/ohne-gute-beteiligung-und-umweltpruefungen-wird-die-energiewende-nicht-gelingen\/\"  >\n\t\t\t\t\t\t\t\t\t  <div class=\"yuzo-img-wrap \" style=\"width: 125px;height:90px;\">\n\t\t\t\t\t\t\t\t\t\t\n\t\t\t\t\t\t\t\t\t\t<div class=\"yuzo-img\" style=\"background:url('https:\/\/blogs.nabu.de\/naturschaetze-retten\/wp-content\/uploads\/sites\/3\/2023\/11\/Blogs-1200x8001-1-340x226.png') 50% 50% no-repeat;width: 125px;height:90px;margin-bottom: 5px;background-size: cover; \"><\/div>\n\t\t\t\t\t\t\t\t\t  <\/div>\n\t\t\t\t\t\t\t\t\t  \n\t\t\t\t\t\t\t\t   <span class=\"yuzo__text--title\" style=\"font-size:13px;\">Ohne gute Beteiligung und Umweltpr\u00fcfungen wird die...<\/span>\n\t\t\t\t\t\t\t  \n\t\t\t\t\t\t\t  \n\t\t\t\t\t\t\t  <\/a>\n\n\t\t\t\t\t\t  <\/div>\n\t\t\t\t\t\t  <div class=\"relatedthumb \" style=\"width:125px;float:left;overflow:hidden;\">  \n\t\t\t\t\t\t\t  \n\t\t\t\t\t\t\t  <a  href=\"https:\/\/blogs.nabu.de\/naturschaetze-retten\/mensch-wolf-internationale-nabu-wolfskonferenz\/\"  >\n\t\t\t\t\t\t\t\t\t  <div class=\"yuzo-img-wrap \" style=\"width: 125px;height:90px;\">\n\t\t\t\t\t\t\t\t\t\t\n\t\t\t\t\t\t\t\t\t\t<div class=\"yuzo-img\" style=\"background:url('https:\/\/blogs.nabu.de\/naturschaetze-retten\/wp-content\/uploads\/sites\/3\/2015\/05\/140911-nabu-wolf-2-340x226.jpg') 50% 50% no-repeat;width: 125px;height:90px;margin-bottom: 5px;background-size: cover; \"><\/div>\n\t\t\t\t\t\t\t\t\t  <\/div>\n\t\t\t\t\t\t\t\t\t  \n\t\t\t\t\t\t\t\t   <span class=\"yuzo__text--title\" style=\"font-size:13px;\">Mensch, Wolf! Internationale NABU-Wolfskonferenz<\/span>\n\t\t\t\t\t\t\t  \n\t\t\t\t\t\t\t  \n\t\t\t\t\t\t\t  <\/a>\n\n\t\t\t\t\t\t  <\/div>\n\t\t\t\t\t\t  <div class=\"relatedthumb \" style=\"width:125px;float:left;overflow:hidden;\">  \n\t\t\t\t\t\t\t  \n\t\t\t\t\t\t\t  <a  href=\"https:\/\/blogs.nabu.de\/naturschaetze-retten\/berner-konvention\/\"  >\n\t\t\t\t\t\t\t\t\t  <div class=\"yuzo-img-wrap \" style=\"width: 125px;height:90px;\">\n\t\t\t\t\t\t\t\t\t\t\n\t\t\t\t\t\t\t\t\t\t<div class=\"yuzo-img\" style=\"background:url('https:\/\/blogs.nabu.de\/naturschaetze-retten\/wp-content\/uploads\/sites\/3\/2015\/05\/140911-nabu-wolf-2-340x226.jpg') 50% 50% no-repeat;width: 125px;height:90px;margin-bottom: 5px;background-size: cover; \"><\/div>\n\t\t\t\t\t\t\t\t\t  <\/div>\n\t\t\t\t\t\t\t\t\t  \n\t\t\t\t\t\t\t\t   <span class=\"yuzo__text--title\" style=\"font-size:13px;\">Schutz vom Wolf: Berner Konvention wackelt<\/span>\n\t\t\t\t\t\t\t  \n\t\t\t\t\t\t\t  \n\t\t\t\t\t\t\t  <\/a>\n\n\t\t\t\t\t\t  <\/div>\n<\/div> <style>\n\t\t\t\t\t\t\t\t.yuzo_related_post img{width:120px !important; height:110px !important;}\n\t\t\t\t\t\t\t\t.yuzo_related_post .relatedthumb{line-height:15px;background: !important;color:!important;}\n\t\t\t\t\t\t\t\t.yuzo_related_post .relatedthumb:hover{background:#fcfcf4 !important; -webkit-transition: background 0.2s linear; -moz-transition: background 0.2s linear; -o-transition: background 0.2s linear; transition: background 0.2s linear;;color:!important;}\n\t\t\t\t\t\t\t\t.yuzo_related_post .relatedthumb a{color:!important;}\n\t\t\t\t\t\t\t\t.yuzo_related_post .relatedthumb a:hover{ color:}!important;}\n\t\t\t\t\t\t\t\t.yuzo_related_post .relatedthumb:hover a{ color:!important;}\n\t\t\t\t\t\t\t\t.yuzo_related_post .yuzo_text {color:!important;}\n\t\t\t\t\t\t\t\t.yuzo_related_post .relatedthumb:hover .yuzo_text {color:!important;}\n\t\t\t\t\t\t\t\t.yuzo_related_post .relatedthumb{  margin: 0px  0px  0px  0px;   padding: 5px  5px  5px  5px;  }\n\t\t\t\t\t\t\t\t\n\t\t\t\t\t\t\t\t<\/style> <script>\n\t\t\t\t\t\t  jQuery(document).ready(function( $ ){\n\t\t\t\t\t\t\t\/\/jQuery('.yuzo_related_post').equalizer({ overflow : 'relatedthumb' });\n\t\t\t\t\t\t\tjQuery('.yuzo_related_post .yuzo_wraps').equalizer({ columns : '> div' });\n\t\t\t\t\t\t   })\n\t\t\t\t\t\t  <\/script> <!-- End Yuzo :) -->","protected":false},"excerpt":{"rendered":"<p>Die EU-Kommission wird die Richtlinien nicht antasten und will mehr f\u00fcr die Umsetzung tun. Ein historischer Erfolg f\u00fcr den Naturschutz.<\/p>\n","protected":false},"author":23,"featured_media":2562,"comment_status":"open","ping_status":"closed","sticky":false,"template":"","format":"standard","meta":{"jetpack_post_was_ever_published":false},"categories":[64],"tags":[35,43,19,17,15,16],"jetpack_featured_media_url":"https:\/\/blogs.nabu.de\/naturschaetze-retten\/wp-content\/uploads\/sites\/3\/2016\/12\/RZ-final-Tiere-mit-EU-Sprungtuch-200dpi-RGB.jpg","jetpack-related-posts":[{"id":580,"url":"https:\/\/blogs.nabu.de\/naturschaetze-retten\/showdown\/","url_meta":{"origin":2559,"position":0},"title":"Showdown f\u00fcr die Natur: 20. November in Br\u00fcssel","date":"17. November 2015","format":false,"excerpt":"Am 20.11. findet in Br\u00fcssel die letzte Anh\u00f6rung zu den EU-Naturschutzrichtlinien statt. Wir machen die Konferenz zu einer Demonstration f\u00fcr die Natur. Helfen Sie mit!","rel":"","context":"In &quot;Naturschutzpolitik &amp; Praxis&quot;","img":{"alt_text":"","src":"https:\/\/i0.wp.com\/blogs.nabu.de\/naturschaetze-retten\/wp-content\/uploads\/sites\/3\/2015\/07\/Nature-Alert-Vorschaubild.jpg?resize=350%2C200&ssl=1","width":350,"height":200},"classes":[]},{"id":603,"url":"https:\/\/blogs.nabu.de\/naturschaetze-retten\/konferenzticker\/","url_meta":{"origin":2559,"position":1},"title":"Live aus Br\u00fcssel: Der NABU-Konferenzticker (Teil 1)","date":"20. November 2015","format":false,"excerpt":"Tauziehen um die Zukunft unserer Naturschutzgesetze. Live-Berichte von der EU-\"Fitness-Check\"-Konferenz am 20.November in Br\u00fcssel. #NatureAlert #NatureFit4All","rel":"","context":"In &quot;Naturschutzpolitik &amp; Praxis&quot;","img":{"alt_text":"","src":"https:\/\/i0.wp.com\/blogs.nabu.de\/naturschaetze-retten\/wp-content\/uploads\/sites\/3\/2015\/11\/IMG_20151119_230617.jpg?resize=350%2C200&ssl=1","width":350,"height":200},"classes":[]},{"id":2418,"url":"https:\/\/blogs.nabu.de\/naturschaetze-retten\/finaler-countdown-fuer-europas-naturschaetze\/","url_meta":{"origin":2559,"position":2},"title":"Finaler Countdown f\u00fcr Europas Natursch\u00e4tze","date":"30. November 2016","format":false,"excerpt":"Der Countdown zur Entscheidung der EU-Kommission zum Fitness-Check hat begonnen. Wird sich Kommissionspr\u00e4sident Juncker f\u00fcr die Naturschutzrichtlinien entscheiden?","rel":"","context":"In &quot;Naturschutzpolitik &amp; Praxis&quot;","img":{"alt_text":"","src":"https:\/\/i0.wp.com\/blogs.nabu.de\/naturschaetze-retten\/wp-content\/uploads\/sites\/3\/2016\/11\/Juncker.jpg?resize=350%2C200&ssl=1","width":350,"height":200},"classes":[]},{"id":561,"url":"https:\/\/blogs.nabu.de\/naturschaetze-retten\/naturschutzrichtlinien-fit-eu-kommission-stellt-erste-ergebnisse-des-fitness-checks-vor\/","url_meta":{"origin":2559,"position":3},"title":"Naturschutzrichtlinien fit. EU-Kommission stellt erste Ergebnisse des Fitness-Checks vor.","date":"12. November 2015","format":false,"excerpt":"Sie scheinen die Positionen des NABU auf ganzer Linie zu best\u00e4tigen. Was fehlt ist eine politische Entscheidung.","rel":"","context":"In &quot;Naturschutzpolitik &amp; Praxis&quot;","img":{"alt_text":"","src":"https:\/\/i0.wp.com\/blogs.nabu.de\/naturschaetze-retten\/wp-content\/uploads\/sites\/3\/2015\/10\/naturealert.png?resize=350%2C200&ssl=1","width":350,"height":200},"classes":[]},{"id":537,"url":"https:\/\/blogs.nabu.de\/naturschaetze-retten\/umweltminister-und-europaabgeordnete-verteidigen-die-eu-naturschutzrichtlinien\/","url_meta":{"origin":2559,"position":4},"title":"Umweltminister und Europaabgeordnete verteidigen die EU-Naturschutzrichtlinien &#8211; Weitere deutliche Signale an die EU-Kommission!","date":"30. Oktober 2015","format":false,"excerpt":"Zehn Umweltminister schmieden Allianz f\u00fcr die EU-Naturschutzrichtlinien.","rel":"","context":"In &quot;Naturschutzpolitik &amp; Praxis&quot;","img":{"alt_text":"","src":"https:\/\/i0.wp.com\/blogs.nabu.de\/naturschaetze-retten\/wp-content\/uploads\/sites\/3\/2015\/10\/Carole-Dieschbourg.jpg?resize=350%2C200&ssl=1","width":350,"height":200},"classes":[]},{"id":670,"url":"https:\/\/blogs.nabu.de\/naturschaetze-retten\/konferenzticker_teil_2\/","url_meta":{"origin":2559,"position":5},"title":"Live aus Br\u00fcssel: NABU-Konferenzticker (Teil 2)","date":"20. November 2015","format":false,"excerpt":"Das Tauziehen um die Naturschutzgesetze im Live-Kommentar aus Br\u00fcssel. Am Nachmittag erwarten wir harte Debatten mit der Agrarlobby.","rel":"","context":"In &quot;Naturschutzpolitik &amp; Praxis&quot;","img":{"alt_text":"","src":"https:\/\/i0.wp.com\/blogs.nabu.de\/naturschaetze-retten\/wp-content\/uploads\/sites\/3\/2015\/11\/IMG_20151119_230653.jpg?resize=350%2C200&ssl=1","width":350,"height":200},"classes":[]}],"jetpack_shortlink":"https:\/\/wp.me\/p67kDA-Fh","_links":{"self":[{"href":"https:\/\/blogs.nabu.de\/naturschaetze-retten\/wp-json\/wp\/v2\/posts\/2559"}],"collection":[{"href":"https:\/\/blogs.nabu.de\/naturschaetze-retten\/wp-json\/wp\/v2\/posts"}],"about":[{"href":"https:\/\/blogs.nabu.de\/naturschaetze-retten\/wp-json\/wp\/v2\/types\/post"}],"author":[{"embeddable":true,"href":"https:\/\/blogs.nabu.de\/naturschaetze-retten\/wp-json\/wp\/v2\/users\/23"}],"replies":[{"embeddable":true,"href":"https:\/\/blogs.nabu.de\/naturschaetze-retten\/wp-json\/wp\/v2\/comments?post=2559"}],"version-history":[{"count":22,"href":"https:\/\/blogs.nabu.de\/naturschaetze-retten\/wp-json\/wp\/v2\/posts\/2559\/revisions"}],"predecessor-version":[{"id":2703,"href":"https:\/\/blogs.nabu.de\/naturschaetze-retten\/wp-json\/wp\/v2\/posts\/2559\/revisions\/2703"}],"wp:featuredmedia":[{"embeddable":true,"href":"https:\/\/blogs.nabu.de\/naturschaetze-retten\/wp-json\/wp\/v2\/media\/2562"}],"wp:attachment":[{"href":"https:\/\/blogs.nabu.de\/naturschaetze-retten\/wp-json\/wp\/v2\/media?parent=2559"}],"wp:term":[{"taxonomy":"category","embeddable":true,"href":"https:\/\/blogs.nabu.de\/naturschaetze-retten\/wp-json\/wp\/v2\/categories?post=2559"},{"taxonomy":"post_tag","embeddable":true,"href":"https:\/\/blogs.nabu.de\/naturschaetze-retten\/wp-json\/wp\/v2\/tags?post=2559"}],"curies":[{"name":"wp","href":"https:\/\/api.w.org\/{rel}","templated":true}]}}