{"id":1570,"date":"2016-06-20T12:46:17","date_gmt":"2016-06-20T10:46:17","guid":{"rendered":"http:\/\/blogs.nabu.de\/naturschaetze-retten\/?p=1570"},"modified":"2016-08-08T15:43:32","modified_gmt":"2016-08-08T13:43:32","slug":"umweltminister","status":"publish","type":"post","link":"https:\/\/blogs.nabu.de\/naturschaetze-retten\/umweltminister\/","title":{"rendered":"NatureLeaks: Auch EU-Umweltminister ver\u00e4rgert \u00fcber Kommission"},"content":{"rendered":"<p>Heute versammeln sich die Umweltminister zu ihren viertelj\u00e4hrlichen Ratstreffen in Luxemburg. Obwohl die vorsitzenden Niederl\u00e4nder das Thema EU-Naturschutzrichtlinien wieder von der Tagesordnung genommen haben &#8211; nachdem klar geworden war, dass die EU-Kommission nicht rechtzeitig ihre Evaluierung der Richtlinien vorlegen w\u00fcrde &#8211; erwarten wir, dass das Thema zur Sprache kommt. Die deutsche Umweltstaatssekret\u00e4rin Rita Schwarzel\u00fchr-Sutter hat bei der Ankunft heute morgen bereits gesagt, dass sie \u00f6ffentlich Klartext gegen\u00fcber dem ebenfalls anwesenden EU-Umweltkommissar Vella reden will.<\/p>\n<p>Schon im Dezember hatten die Minister die Kommission aufgerufen, sich auf Umsetzung statt \u00c4nderung der Richtlinien zu konzentrieren. Seit Januar liegt das eindeutige Votum der Experten vor, im Februar stimmte das EU-Parlament fast einstimmig ab &#8211; alles spricht daf\u00fcr, endlich wieder an die Arbeit zu gehen, den Rechtsrahmen beizubehalten und wieder Naturschutz zu machen. Aber jetzt haben wir Juni und seit bald 1000 Tagen stehen die Naturschutzrichtlinien auf dem Pr\u00fcfstand. Die gro\u00dfe Frage ist, was oder vielmehr WER s\u00e4gt immer noch an unseren Naturschutzgesetzen?<\/p>\n<p style=\"text-align: left\">Der NABU ist vor Ort in Luxemburg und berichtet \u00fcber Twitter (<a href=\"https:\/\/twitter.com\/NABU_Biodiv\" target=\"_blank\">@NABU_biodiv<\/a>, <a href=\"https:\/\/twitter.com\/search?f=tweets&amp;vertical=default&amp;q=%23NatureAlert&amp;src=typd\" target=\"_blank\">#NatureAlert<\/a>). Die Sitzung l\u00e4sst sich teilweise <a href=\"https:\/\/protect-eu.mimecast.com\/s\/WJLSBlz6GuG\" target=\"_blank\">auch im Internet verfolgen<\/a>, vermutlich wird es gegen 15:30 Uhr besonders interessant.<\/p>\n<div id=\"attachment_540\" style=\"width: 310px\" class=\"wp-caption alignleft\"><a href=\"http:\/\/blogs.nabu.de\/naturschaetze-retten\/wp-content\/uploads\/sites\/3\/2015\/10\/Barabara-Hendricks.jpg\"><img aria-describedby=\"caption-attachment-540\" data-attachment-id=\"540\" data-permalink=\"https:\/\/blogs.nabu.de\/naturschaetze-retten\/umweltminister-und-europaabgeordnete-verteidigen-die-eu-naturschutzrichtlinien\/barabara-hendricks\/\" data-orig-file=\"https:\/\/blogs.nabu.de\/naturschaetze-retten\/wp-content\/uploads\/sites\/3\/2015\/10\/Barabara-Hendricks.jpg\" data-orig-size=\"640,443\" data-comments-opened=\"1\" data-image-meta=\"{&quot;aperture&quot;:&quot;0&quot;,&quot;credit&quot;:&quot;&quot;,&quot;camera&quot;:&quot;&quot;,&quot;caption&quot;:&quot;&quot;,&quot;created_timestamp&quot;:&quot;0&quot;,&quot;copyright&quot;:&quot;&quot;,&quot;focal_length&quot;:&quot;0&quot;,&quot;iso&quot;:&quot;0&quot;,&quot;shutter_speed&quot;:&quot;0&quot;,&quot;title&quot;:&quot;&quot;,&quot;orientation&quot;:&quot;0&quot;}\" data-image-title=\"Barabara Hendricks\" data-image-description=\"\" data-image-caption=\"&lt;p&gt;BundesumweltministerinBarabara Hendricks initiiert Allianz gegen die \u00d6ffnung der EU-Naturschutzrichtlinien ()&lt;\/p&gt;\n\" data-medium-file=\"https:\/\/blogs.nabu.de\/naturschaetze-retten\/wp-content\/uploads\/sites\/3\/2015\/10\/Barabara-Hendricks-300x208.jpg\" data-large-file=\"https:\/\/blogs.nabu.de\/naturschaetze-retten\/wp-content\/uploads\/sites\/3\/2015\/10\/Barabara-Hendricks.jpg\" decoding=\"async\" loading=\"lazy\" class=\"size-medium wp-image-540\" src=\"http:\/\/blogs.nabu.de\/naturschaetze-retten\/wp-content\/uploads\/sites\/3\/2015\/10\/Barabara-Hendricks-300x208.jpg\" alt=\"BundesumweltministerinBarabara Hendricks initiiert Allianz gegen die \u00d6ffnung der EU-Naturschutzrichtlinien ()\" width=\"300\" height=\"208\" \/><\/a><p id=\"caption-attachment-540\" class=\"wp-caption-text\">Bundesumweltministerin Barabara Hendricks initiierte schon 2015 eine Allianz gegen die \u00d6ffnung der EU-Naturschutzrichtlinien (Foto: EU)<\/p><\/div>\n<!-- Begin Yuzo --><div class='yuzo_related_post style-1'  data-version='5.12.74'><!-- without result --><div class='yuzo_clearfixed yuzo__title yuzo__title'><h3>Das k\u00f6nnte Sie auch interessieren<\/h3><\/div>\n\t\t\t\t\t\t  <div class=\"relatedthumb \" style=\"width:125px;float:left;overflow:hidden;\">  \n\t\t\t\t\t\t\t  \n\t\t\t\t\t\t\t  <a  href=\"https:\/\/blogs.nabu.de\/naturschaetze-retten\/gap-ticker-2018-09-21\/\"  >\n\t\t\t\t\t\t\t\t\t  <div class=\"yuzo-img-wrap \" style=\"width: 125px;height:90px;\">\n\t\t\t\t\t\t\t\t\t\t\n\t\t\t\t\t\t\t\t\t\t<div class=\"yuzo-img\" style=\"background:url('https:\/\/blogs.nabu.de\/naturschaetze-retten\/wp-content\/uploads\/sites\/3\/2018\/06\/nabu-agrar-ticker-340x226.jpg') 50% 50% no-repeat;width: 125px;height:90px;margin-bottom: 5px;background-size: cover; \"><\/div>\n\t\t\t\t\t\t\t\t\t  <\/div>\n\t\t\t\t\t\t\t\t\t  \n\t\t\t\t\t\t\t\t   <span class=\"yuzo__text--title\" style=\"font-size:13px;\">NABU-GAP Ticker: \u201eFood for thought\u201c f\u00fc...<\/span>\n\t\t\t\t\t\t\t  \n\t\t\t\t\t\t\t  \n\t\t\t\t\t\t\t  <\/a>\n\n\t\t\t\t\t\t  <\/div>\n\t\t\t\t\t\t  <div class=\"relatedthumb \" style=\"width:125px;float:left;overflow:hidden;\">  \n\t\t\t\t\t\t\t  \n\t\t\t\t\t\t\t  <a  href=\"https:\/\/blogs.nabu.de\/naturschaetze-retten\/cop-corner-landwirtschaft\/\"  >\n\t\t\t\t\t\t\t\t\t  <div class=\"yuzo-img-wrap \" style=\"width: 125px;height:90px;\">\n\t\t\t\t\t\t\t\t\t\t\n\t\t\t\t\t\t\t\t\t\t<div class=\"yuzo-img\" style=\"background:url('https:\/\/blogs.nabu.de\/naturschaetze-retten\/wp-content\/uploads\/sites\/3\/2016\/12\/IMG-20161205-WA0002-340x226.jpg') 50% 50% no-repeat;width: 125px;height:90px;margin-bottom: 5px;background-size: cover; \"><\/div>\n\t\t\t\t\t\t\t\t\t  <\/div>\n\t\t\t\t\t\t\t\t\t  \n\t\t\t\t\t\t\t\t   <span class=\"yuzo__text--title\" style=\"font-size:13px;\">COP-Corner: Der Krimi um die Landwirtschaft<\/span>\n\t\t\t\t\t\t\t  \n\t\t\t\t\t\t\t  \n\t\t\t\t\t\t\t  <\/a>\n\n\t\t\t\t\t\t  <\/div>\n\t\t\t\t\t\t  <div class=\"relatedthumb \" style=\"width:125px;float:left;overflow:hidden;\">  \n\t\t\t\t\t\t\t  \n\t\t\t\t\t\t\t  <a  href=\"https:\/\/blogs.nabu.de\/naturschaetze-retten\/nabu-gap-ticker-2018-10-30\/\"  >\n\t\t\t\t\t\t\t\t\t  <div class=\"yuzo-img-wrap \" style=\"width: 125px;height:90px;\">\n\t\t\t\t\t\t\t\t\t\t\n\t\t\t\t\t\t\t\t\t\t<div class=\"yuzo-img\" style=\"background:url('https:\/\/blogs.nabu.de\/naturschaetze-retten\/wp-content\/uploads\/sites\/3\/2018\/06\/nabu-agrar-ticker-340x226.jpg') 50% 50% no-repeat;width: 125px;height:90px;margin-bottom: 5px;background-size: cover; \"><\/div>\n\t\t\t\t\t\t\t\t\t  <\/div>\n\t\t\t\t\t\t\t\t\t  \n\t\t\t\t\t\t\t\t   <span class=\"yuzo__text--title\" style=\"font-size:13px;\">NABU-GAP-Ticker: Ganz Europa geht auf die Strasse ...<\/span>\n\t\t\t\t\t\t\t  \n\t\t\t\t\t\t\t  \n\t\t\t\t\t\t\t  <\/a>\n\n\t\t\t\t\t\t  <\/div>\n\t\t\t\t\t\t  <div class=\"relatedthumb \" style=\"width:125px;float:left;overflow:hidden;\">  \n\t\t\t\t\t\t\t  \n\t\t\t\t\t\t\t  <a  href=\"https:\/\/blogs.nabu.de\/naturschaetze-retten\/nabu-gap-ticker-2019-05-10\/\"  >\n\t\t\t\t\t\t\t\t\t  <div class=\"yuzo-img-wrap \" style=\"width: 125px;height:90px;\">\n\t\t\t\t\t\t\t\t\t\t\n\t\t\t\t\t\t\t\t\t\t<div class=\"yuzo-img\" style=\"background:url('https:\/\/blogs.nabu.de\/naturschaetze-retten\/wp-content\/uploads\/sites\/3\/2018\/06\/nabu-agrar-ticker-340x226.jpg') 50% 50% no-repeat;width: 125px;height:90px;margin-bottom: 5px;background-size: cover; \"><\/div>\n\t\t\t\t\t\t\t\t\t  <\/div>\n\t\t\t\t\t\t\t\t\t  \n\t\t\t\t\t\t\t\t   <span class=\"yuzo__text--title\" style=\"font-size:13px;\">NABU-GAP-Ticker: Weit verzweigt und eng gekn\u00fcpft &...<\/span>\n\t\t\t\t\t\t\t  \n\t\t\t\t\t\t\t  \n\t\t\t\t\t\t\t  <\/a>\n\n\t\t\t\t\t\t  <\/div>\n<\/div> <style>\n\t\t\t\t\t\t\t\t.yuzo_related_post img{width:120px !important; height:110px !important;}\n\t\t\t\t\t\t\t\t.yuzo_related_post .relatedthumb{line-height:15px;background: !important;color:!important;}\n\t\t\t\t\t\t\t\t.yuzo_related_post .relatedthumb:hover{background:#fcfcf4 !important; -webkit-transition: background 0.2s linear; -moz-transition: background 0.2s linear; -o-transition: background 0.2s linear; transition: background 0.2s linear;;color:!important;}\n\t\t\t\t\t\t\t\t.yuzo_related_post .relatedthumb a{color:!important;}\n\t\t\t\t\t\t\t\t.yuzo_related_post .relatedthumb a:hover{ color:}!important;}\n\t\t\t\t\t\t\t\t.yuzo_related_post .relatedthumb:hover a{ color:!important;}\n\t\t\t\t\t\t\t\t.yuzo_related_post .yuzo_text {color:!important;}\n\t\t\t\t\t\t\t\t.yuzo_related_post .relatedthumb:hover .yuzo_text {color:!important;}\n\t\t\t\t\t\t\t\t.yuzo_related_post .relatedthumb{  margin: 0px  0px  0px  0px;   padding: 5px  5px  5px  5px;  }\n\t\t\t\t\t\t\t\t\n\t\t\t\t\t\t\t\t<\/style> <script>\n\t\t\t\t\t\t  jQuery(document).ready(function( $ ){\n\t\t\t\t\t\t\t\/\/jQuery('.yuzo_related_post').equalizer({ overflow : 'relatedthumb' });\n\t\t\t\t\t\t\tjQuery('.yuzo_related_post .yuzo_wraps').equalizer({ columns : '> div' });\n\t\t\t\t\t\t   })\n\t\t\t\t\t\t  <\/script> <!-- End Yuzo :) -->","protected":false},"excerpt":{"rendered":"<p>Heute versammeln sich die Umweltminister der EU in Luxemburg. Es wird erwartet, dass Deutschland klare Worte zur EU-Naturschutzblockade finden wird.<\/p>\n","protected":false},"author":23,"featured_media":996,"comment_status":"open","ping_status":"closed","sticky":false,"template":"","format":"standard","meta":{"jetpack_post_was_ever_published":false},"categories":[64],"tags":[19,16,58],"jetpack_featured_media_url":"https:\/\/blogs.nabu.de\/naturschaetze-retten\/wp-content\/uploads\/sites\/3\/2016\/02\/berlaymont-Foto-EU.jpg","jetpack-related-posts":[{"id":537,"url":"https:\/\/blogs.nabu.de\/naturschaetze-retten\/umweltminister-und-europaabgeordnete-verteidigen-die-eu-naturschutzrichtlinien\/","url_meta":{"origin":1570,"position":0},"title":"Umweltminister und Europaabgeordnete verteidigen die EU-Naturschutzrichtlinien &#8211; Weitere deutliche Signale an die EU-Kommission!","date":"30. Oktober 2015","format":false,"excerpt":"Zehn Umweltminister schmieden Allianz f\u00fcr die EU-Naturschutzrichtlinien.","rel":"","context":"In &quot;Naturschutzpolitik &amp; Praxis&quot;","img":{"alt_text":"","src":"https:\/\/i0.wp.com\/blogs.nabu.de\/naturschaetze-retten\/wp-content\/uploads\/sites\/3\/2015\/10\/Carole-Dieschbourg.jpg?resize=350%2C200&ssl=1","width":350,"height":200},"classes":[]},{"id":3175,"url":"https:\/\/blogs.nabu.de\/naturschaetze-retten\/umweltrat-aktionsplan\/","url_meta":{"origin":1570,"position":1},"title":"Starkes Signal der Umweltminister zum EU-Aktionsplan","date":"22. Juni 2017","format":false,"excerpt":"Am 19.06.2017 schlie\u00dfen die Umweltminister der EU-Mitgliedstaaten das Kapitel Fitness Check der EU-Naturschutzrichtlinien endg\u00fcltig ab und werfen den Blick motiviert nach vorn.","rel":"","context":"In &quot;Naturschutzpolitik &amp; Praxis&quot;","img":{"alt_text":"","src":"https:\/\/i0.wp.com\/blogs.nabu.de\/naturschaetze-retten\/wp-content\/uploads\/sites\/3\/2017\/06\/AKtionsplan.jpg?resize=350%2C200&ssl=1","width":350,"height":200},"classes":[]},{"id":799,"url":"https:\/\/blogs.nabu.de\/naturschaetze-retten\/umweltrat-2\/","url_meta":{"origin":1570,"position":2},"title":"EU-Umweltminister geben Juncker einen Korb","date":"16. Dezember 2015","format":false,"excerpt":"Fast alle Minister betonten, wie wichtig die konsequente Umsetzung der Naturschutzrichtlinien und ihre bessere Finanzierung beim Kampf gegen das Artensterben sind.","rel":"","context":"In &quot;Naturschutzpolitik &amp; Praxis&quot;","img":{"alt_text":"","src":"https:\/\/i0.wp.com\/blogs.nabu.de\/naturschaetze-retten\/wp-content\/uploads\/sites\/3\/2015\/12\/juncker_1.jpg?resize=350%2C200&ssl=1","width":350,"height":200},"classes":[]},{"id":2559,"url":"https:\/\/blogs.nabu.de\/naturschaetze-retten\/naturealert-erfolgreich\/","url_meta":{"origin":1570,"position":3},"title":"#NatureAlert erfolgreich: EU-Naturschutzrichtlinien bleiben","date":"7. Dezember 2016","format":false,"excerpt":"Die EU-Kommission wird die Richtlinien nicht antasten und will mehr f\u00fcr die Umsetzung tun. Ein historischer Erfolg f\u00fcr den Naturschutz.","rel":"","context":"In &quot;Naturschutzpolitik &amp; Praxis&quot;","img":{"alt_text":"","src":"https:\/\/i0.wp.com\/blogs.nabu.de\/naturschaetze-retten\/wp-content\/uploads\/sites\/3\/2016\/12\/RZ-final-Tiere-mit-EU-Sprungtuch-200dpi-RGB.jpg?resize=350%2C200&ssl=1","width":350,"height":200},"classes":[]},{"id":1444,"url":"https:\/\/blogs.nabu.de\/naturschaetze-retten\/absage-amsterdam\/","url_meta":{"origin":1570,"position":4},"title":"Naturschutzkonferenz abgesagt","date":"8. Juni 2016","format":false,"excerpt":"Ungew\u00f6hnliche Entscheidung der EU-Ratspr\u00e4sidentschaft: Die Amsterdamer Naturschutzkonferenz wurde abgesagt, weil die EU-Kommission die Fitness-Check-Studie zur\u00fcckh\u00e4lt.","rel":"","context":"In &quot;Naturschutzpolitik &amp; Praxis&quot;","img":{"alt_text":"","src":"https:\/\/i0.wp.com\/blogs.nabu.de\/naturschaetze-retten\/wp-content\/uploads\/sites\/3\/2015\/11\/IMG_20151119_230653.jpg?resize=350%2C200&ssl=1","width":350,"height":200},"classes":[]},{"id":783,"url":"https:\/\/blogs.nabu.de\/naturschaetze-retten\/umweltrat\/","url_meta":{"origin":1570,"position":5},"title":"EU-Umweltminister beraten Naturschutzpolitik","date":"15. Dezember 2015","format":false,"excerpt":"Auf ihrem regul\u00e4rem Ministerratstreffen werden die EU-Umweltminister die Zwischenbilanz der EU-Biodiversit\u00e4tsstrategie f\u00fcr 2020 diskutieren.","rel":"","context":"In &quot;Naturschutzpolitik &amp; Praxis&quot;","img":{"alt_text":"","src":"https:\/\/i0.wp.com\/blogs.nabu.de\/naturschaetze-retten\/wp-content\/uploads\/sites\/3\/2015\/12\/EU-Flagge.jpg?resize=350%2C200&ssl=1","width":350,"height":200},"classes":[]}],"jetpack_shortlink":"https:\/\/wp.me\/p67kDA-pk","_links":{"self":[{"href":"https:\/\/blogs.nabu.de\/naturschaetze-retten\/wp-json\/wp\/v2\/posts\/1570"}],"collection":[{"href":"https:\/\/blogs.nabu.de\/naturschaetze-retten\/wp-json\/wp\/v2\/posts"}],"about":[{"href":"https:\/\/blogs.nabu.de\/naturschaetze-retten\/wp-json\/wp\/v2\/types\/post"}],"author":[{"embeddable":true,"href":"https:\/\/blogs.nabu.de\/naturschaetze-retten\/wp-json\/wp\/v2\/users\/23"}],"replies":[{"embeddable":true,"href":"https:\/\/blogs.nabu.de\/naturschaetze-retten\/wp-json\/wp\/v2\/comments?post=1570"}],"version-history":[{"count":3,"href":"https:\/\/blogs.nabu.de\/naturschaetze-retten\/wp-json\/wp\/v2\/posts\/1570\/revisions"}],"predecessor-version":[{"id":1573,"href":"https:\/\/blogs.nabu.de\/naturschaetze-retten\/wp-json\/wp\/v2\/posts\/1570\/revisions\/1573"}],"wp:featuredmedia":[{"embeddable":true,"href":"https:\/\/blogs.nabu.de\/naturschaetze-retten\/wp-json\/wp\/v2\/media\/996"}],"wp:attachment":[{"href":"https:\/\/blogs.nabu.de\/naturschaetze-retten\/wp-json\/wp\/v2\/media?parent=1570"}],"wp:term":[{"taxonomy":"category","embeddable":true,"href":"https:\/\/blogs.nabu.de\/naturschaetze-retten\/wp-json\/wp\/v2\/categories?post=1570"},{"taxonomy":"post_tag","embeddable":true,"href":"https:\/\/blogs.nabu.de\/naturschaetze-retten\/wp-json\/wp\/v2\/tags?post=1570"}],"curies":[{"name":"wp","href":"https:\/\/api.w.org\/{rel}","templated":true}]}}