{"id":741,"date":"2016-11-10T15:10:47","date_gmt":"2016-11-10T14:10:47","guid":{"rendered":"http:\/\/blogs.nabu.de\/hessen\/?p=741"},"modified":"2016-11-10T15:10:47","modified_gmt":"2016-11-10T14:10:47","slug":"last-but-not-least-der-freitag","status":"publish","type":"post","link":"https:\/\/blogs.nabu.de\/hessen\/last-but-not-least-der-freitag\/","title":{"rendered":"Last but not least &#8211; der Freitag"},"content":{"rendered":"<p>Der letzte Tag startet immer mit dem leidlichen Thema des Zimmer r\u00e4umens, was das Fegen und Gep\u00e4ck wegr\u00e4umen beinhaltet. Zum Gl\u00fcck gab es danach wieder frischen Tee und Kaffee, um uns wieder st\u00e4rken zu k\u00f6nnen. Ein sehr wichtiges Thema f\u00fcr alle stand noch auf dem Plan: &#8222;Der Bundesfreiwilligendienst von A bis Z&#8220;. Die wichtiges Inhalte wurden vorgestellt und Fragen beantwortet. Danach trafen wir uns zum Wochenfeedback im Kreis und jeder konnte seine Meinung \u00e4u\u00dfern. Die Zeit verflog schnell und so war das erste Seminar in dieser Kursreihe schon wieder vorbei! Mit eurer Hilfe hatten wir den Seminarraum auch schnell aufger\u00e4umt und so konnte sich jeder auf seine Heimreise begeben. Nicht mehr lange und die meisten sehen sich auf dem n\u00e4chsten Seminar wieder. Diesmal ist das Thema &#8222;Klima schmeckt&#8220; &#8211; lasst euch \u00fcberraschen was genau das hei\u00dfen mag!<\/p>\n<p>&nbsp;<\/p>\n<!-- Begin Yuzo --><div class='yuzo_related_post style-1'  data-version='5.12.74'><!-- without result --><div class='yuzo_clearfixed yuzo__title yuzo__title'><h3>Related Post<\/h3><\/div>\n\t\t\t\t\t\t  <div class=\"relatedthumb \" style=\"width:125px;float:left;overflow:hidden;\">  \n\t\t\t\t\t\t\t  \n\t\t\t\t\t\t\t  <a  href=\"https:\/\/blogs.nabu.de\/hessen\/bfd-seminar-naturerleben-5\/\"  >\n\t\t\t\t\t\t\t\t\t  <div class=\"yuzo-img-wrap \" style=\"width: 125px;height:90px;\">\n\t\t\t\t\t\t\t\t\t\t\n\t\t\t\t\t\t\t\t\t\t<div class=\"yuzo-img\" style=\"background:url('https:\/\/blogs.nabu.de\/hessen\/wp-content\/uploads\/sites\/6\/2016\/04\/IMG_0965-e1461931779162-150x150.jpg') 50% 50% no-repeat;width: 125px;height:90px;margin-bottom: 5px;background-size: cover; \"><\/div>\n\t\t\t\t\t\t\t\t\t  <\/div>\n\t\t\t\t\t\t\t\t\t  \n\t\t\t\t\t\t\t\t   <span class=\"yuzo__text--title\" style=\"font-size:13px;\">Letzter Tag des BFD-Kurses \u201eNaturerleben in ...<\/span>\n\t\t\t\t\t\t\t  \n\t\t\t\t\t\t\t  \n\t\t\t\t\t\t\t  <\/a>\n\n\t\t\t\t\t\t  <\/div>\n\t\t\t\t\t\t  <div class=\"relatedthumb \" style=\"width:125px;float:left;overflow:hidden;\">  \n\t\t\t\t\t\t\t  \n\t\t\t\t\t\t\t  <a  href=\"https:\/\/blogs.nabu.de\/hessen\/noah-weiter-auf-dem-weg-richtung-norden\/\"  >\n\t\t\t\t\t\t\t\t\t  <div class=\"yuzo-img-wrap \" style=\"width: 125px;height:90px;\">\n\t\t\t\t\t\t\t\t\t\t\n\t\t\t\t\t\t\t\t\t\t<div class=\"yuzo-img\" style=\"background:url('https:\/\/blogs.nabu.de\/hessen\/wp-content\/uploads\/sites\/6\/2017\/02\/Noah_Heimzug_2017_Februar-150x150.jpg') 50% 50% no-repeat;width: 125px;height:90px;margin-bottom: 5px;background-size: cover; \"><\/div>\n\t\t\t\t\t\t\t\t\t  <\/div>\n\t\t\t\t\t\t\t\t\t  \n\t\t\t\t\t\t\t\t   <span class=\"yuzo__text--title\" style=\"font-size:13px;\">Noah weiter auf dem Weg Richtung Norden<\/span>\n\t\t\t\t\t\t\t  \n\t\t\t\t\t\t\t  \n\t\t\t\t\t\t\t  <\/a>\n\n\t\t\t\t\t\t  <\/div>\n\t\t\t\t\t\t  <div class=\"relatedthumb \" style=\"width:125px;float:left;overflow:hidden;\">  \n\t\t\t\t\t\t\t  \n\t\t\t\t\t\t\t  <a  href=\"https:\/\/blogs.nabu.de\/hessen\/mein-bundesfreiwilligendienst-in-der-onlineredaktion-des-nabu-baden-wuerttemberg\/\"  >\n\t\t\t\t\t\t\t\t\t  <div class=\"yuzo-img-wrap \" style=\"width: 125px;height:90px;\">\n\t\t\t\t\t\t\t\t\t\t\n\t\t\t\t\t\t\t\t\t\t<div class=\"yuzo-img\" style=\"background:url('https:\/\/blogs.nabu.de\/hessen\/wp-content\/uploads\/sites\/6\/2016\/08\/2016-03-16-Laga-Schilder-sind-da-150x150.jpg') 50% 50% no-repeat;width: 125px;height:90px;margin-bottom: 5px;background-size: cover; \"><\/div>\n\t\t\t\t\t\t\t\t\t  <\/div>\n\t\t\t\t\t\t\t\t\t  \n\t\t\t\t\t\t\t\t   <span class=\"yuzo__text--title\" style=\"font-size:13px;\">Mein Bundesfreiwilligendienst in der Onlineredakti...<\/span>\n\t\t\t\t\t\t\t  \n\t\t\t\t\t\t\t  \n\t\t\t\t\t\t\t  <\/a>\n\n\t\t\t\t\t\t  <\/div>\n\t\t\t\t\t\t  <div class=\"relatedthumb \" style=\"width:125px;float:left;overflow:hidden;\">  \n\t\t\t\t\t\t\t  \n\t\t\t\t\t\t\t  <a  href=\"https:\/\/blogs.nabu.de\/hessen\/der-letzte-tag\/\"  >\n\t\t\t\t\t\t\t\t\t  <div class=\"yuzo-img-wrap \" style=\"width: 125px;height:90px;\">\n\t\t\t\t\t\t\t\t\t\t\n\t\t\t\t\t\t\t\t\t\t<div class=\"yuzo-img\" style=\"background:url('https:\/\/blogs.nabu.de\/hessen\/wp-content\/uploads\/sites\/6\/2017\/05\/IMG_0422-150x150.jpg') 50% 50% no-repeat;width: 125px;height:90px;margin-bottom: 5px;background-size: cover; \"><\/div>\n\t\t\t\t\t\t\t\t\t  <\/div>\n\t\t\t\t\t\t\t\t\t  \n\t\t\t\t\t\t\t\t   <span class=\"yuzo__text--title\" style=\"font-size:13px;\">Der letzte Tag<\/span>\n\t\t\t\t\t\t\t  \n\t\t\t\t\t\t\t  \n\t\t\t\t\t\t\t  <\/a>\n\n\t\t\t\t\t\t  <\/div>\n<\/div> <style>\n\t\t\t\t\t\t\t\t.yuzo_related_post img{width:120px !important; height:110px !important;}\n\t\t\t\t\t\t\t\t.yuzo_related_post .relatedthumb{line-height:15px;background: !important;color:!important;}\n\t\t\t\t\t\t\t\t.yuzo_related_post .relatedthumb:hover{background:#fcfcf4 !important; -webkit-transition: background 0.2s linear; -moz-transition: background 0.2s linear; -o-transition: background 0.2s linear; transition: background 0.2s linear;;color:!important;}\n\t\t\t\t\t\t\t\t.yuzo_related_post .relatedthumb a{color:!important;}\n\t\t\t\t\t\t\t\t.yuzo_related_post .relatedthumb a:hover{ color:}!important;}\n\t\t\t\t\t\t\t\t.yuzo_related_post .relatedthumb:hover a{ color:!important;}\n\t\t\t\t\t\t\t\t.yuzo_related_post .yuzo_text {color:!important;}\n\t\t\t\t\t\t\t\t.yuzo_related_post .relatedthumb:hover .yuzo_text {color:!important;}\n\t\t\t\t\t\t\t\t.yuzo_related_post .relatedthumb{  margin: 0px  0px  0px  0px;   padding: 5px  5px  5px  5px;  }\n\t\t\t\t\t\t\t\t\n\t\t\t\t\t\t\t\t<\/style> <script>\n\t\t\t\t\t\t  jQuery(document).ready(function( $ ){\n\t\t\t\t\t\t\t\/\/jQuery('.yuzo_related_post').equalizer({ overflow : 'relatedthumb' });\n\t\t\t\t\t\t\tjQuery('.yuzo_related_post .yuzo_wraps').equalizer({ columns : '> div' });\n\t\t\t\t\t\t   })\n\t\t\t\t\t\t  <\/script> <!-- End Yuzo :) -->","protected":false},"excerpt":{"rendered":"<p>Der letzte Tag vergeht wie im Flug&#8230;<\/p>\n","protected":false},"author":40,"featured_media":0,"comment_status":"open","ping_status":"open","sticky":false,"template":"","format":"standard","meta":{"jetpack_post_was_ever_published":false},"categories":[2],"tags":[6,83],"jetpack_featured_media_url":"","jetpack_shortlink":"https:\/\/wp.me\/p6Q2c7-bX","jetpack-related-posts":[{"id":1376,"url":"https:\/\/blogs.nabu.de\/hessen\/der-letzte-tag-3\/","url_meta":{"origin":741,"position":0},"title":"Der Letzte Tag","date":"11. August 2018","format":false,"excerpt":"Der letzte, ja der allerletzte Seminartag bricht an. Trauer und Freude liegt in der Luft, f\u00fcr viele beginnt ein neuer Abschnitt nach dem BFD.","rel":"","context":"In &quot;BFD - Ja, nat\u00fcrlich!&quot;","img":{"alt_text":"","src":"https:\/\/i0.wp.com\/blogs.nabu.de\/hessen\/wp-content\/uploads\/sites\/6\/2018\/08\/IMG_1323.jpg?resize=350%2C200&ssl=1","width":350,"height":200},"classes":[]},{"id":1334,"url":"https:\/\/blogs.nabu.de\/hessen\/der-letzte-tag-2\/","url_meta":{"origin":741,"position":1},"title":"Der letzte Tag","date":"2. Juni 2018","format":false,"excerpt":"Es war mal wieder soweit, der letzte Tag im Seminar ist angebrochen und startet damit die Zimmer zu r\u00e4umen und besenrein zu hinterlassen...","rel":"","context":"In &quot;BFD - Ja, nat\u00fcrlich!&quot;","img":{"alt_text":"","src":"https:\/\/i0.wp.com\/blogs.nabu.de\/hessen\/wp-content\/uploads\/sites\/6\/2018\/06\/IMG_3529.jpg?resize=350%2C200&ssl=1","width":350,"height":200},"classes":[]},{"id":998,"url":"https:\/\/blogs.nabu.de\/hessen\/der-letzte-tag\/","url_meta":{"origin":741,"position":2},"title":"Der letzte Tag","date":"22. Mai 2017","format":false,"excerpt":"Eine Ereignisreiche Woche geht zu Ende, so schnell verging die Zeit.","rel":"","context":"In &quot;BFD - Ja, nat\u00fcrlich!&quot;","img":{"alt_text":"","src":"https:\/\/i0.wp.com\/blogs.nabu.de\/hessen\/wp-content\/uploads\/sites\/6\/2017\/05\/IMG_0422.jpg?resize=350%2C200&ssl=1","width":350,"height":200},"classes":[]},{"id":771,"url":"https:\/\/blogs.nabu.de\/hessen\/blog-eintraege-facebook-und-finales-feedback\/","url_meta":{"origin":741,"position":3},"title":"Blog Eintr\u00e4ge, facebook und finales Feedback","date":"12. Dezember 2016","format":false,"excerpt":"Das zweite Seminar geht zu Ende, es werden noch flei\u00dfig Blogeintr\u00e4ge schrieben und ein Fotoalbum f\u00fcr unsere Facebook Seite erstellt.","rel":"","context":"In &quot;BFD - Ja, nat\u00fcrlich!&quot;","img":{"alt_text":"","src":"https:\/\/i0.wp.com\/blogs.nabu.de\/hessen\/wp-content\/uploads\/sites\/6\/2016\/12\/gruppenfoto.jpg?resize=350%2C200&ssl=1","width":350,"height":200},"classes":[]},{"id":1438,"url":"https:\/\/blogs.nabu.de\/hessen\/der-freitag-ist-schon-da\/","url_meta":{"origin":741,"position":4},"title":"Der Freitag ist schon da","date":"22. November 2018","format":false,"excerpt":"Die Zeit war wie im Flug vergangen und schon ist der Freitag da - Abreisetag! D.h. Zimmer r\u00e4umen und ab in den Seminarraum. Blogeintr\u00e4ge schreiben und Fotos der Woche durchschauen.","rel":"","context":"In &quot;BFD - Ja, nat\u00fcrlich!&quot;","img":{"alt_text":"","src":"https:\/\/i0.wp.com\/blogs.nabu.de\/hessen\/wp-content\/uploads\/sites\/6\/2018\/11\/IMG_3853.jpg?resize=350%2C200&ssl=1","width":350,"height":200},"classes":[]},{"id":531,"url":"https:\/\/blogs.nabu.de\/hessen\/komplett-rueckblick-ueber-alle-4-seminare\/","url_meta":{"origin":741,"position":5},"title":"R\u00fcckblick \u00fcber alle vier Seminare","date":"23. Juli 2016","format":false,"excerpt":"F\u00fcr viele BFDler geht bald ihre BFD Zeit zu Ende. W\u00e4hrend ihrer Zeit besuchten sie mehrere Seminare, was genau alles dabei erlebt wurde, kann man nun nachlesen.","rel":"","context":"In &quot;BFD - Ja, nat\u00fcrlich!&quot;","img":{"alt_text":"","src":"https:\/\/i0.wp.com\/blogs.nabu.de\/hessen\/wp-content\/uploads\/sites\/6\/2016\/04\/IMG_0965-e1461931779162.jpg?resize=350%2C200&ssl=1","width":350,"height":200},"classes":[]}],"_links":{"self":[{"href":"https:\/\/blogs.nabu.de\/hessen\/wp-json\/wp\/v2\/posts\/741"}],"collection":[{"href":"https:\/\/blogs.nabu.de\/hessen\/wp-json\/wp\/v2\/posts"}],"about":[{"href":"https:\/\/blogs.nabu.de\/hessen\/wp-json\/wp\/v2\/types\/post"}],"author":[{"embeddable":true,"href":"https:\/\/blogs.nabu.de\/hessen\/wp-json\/wp\/v2\/users\/40"}],"replies":[{"embeddable":true,"href":"https:\/\/blogs.nabu.de\/hessen\/wp-json\/wp\/v2\/comments?post=741"}],"version-history":[{"count":1,"href":"https:\/\/blogs.nabu.de\/hessen\/wp-json\/wp\/v2\/posts\/741\/revisions"}],"predecessor-version":[{"id":742,"href":"https:\/\/blogs.nabu.de\/hessen\/wp-json\/wp\/v2\/posts\/741\/revisions\/742"}],"wp:attachment":[{"href":"https:\/\/blogs.nabu.de\/hessen\/wp-json\/wp\/v2\/media?parent=741"}],"wp:term":[{"taxonomy":"category","embeddable":true,"href":"https:\/\/blogs.nabu.de\/hessen\/wp-json\/wp\/v2\/categories?post=741"},{"taxonomy":"post_tag","embeddable":true,"href":"https:\/\/blogs.nabu.de\/hessen\/wp-json\/wp\/v2\/tags?post=741"}],"curies":[{"name":"wp","href":"https:\/\/api.w.org\/{rel}","templated":true}]}}