{"id":725,"date":"2016-11-04T15:53:41","date_gmt":"2016-11-04T14:53:41","guid":{"rendered":"http:\/\/blogs.nabu.de\/hessen\/?p=725"},"modified":"2016-11-04T15:53:41","modified_gmt":"2016-11-04T14:53:41","slug":"ein-regenreicher-tag-und-seine-highlights","status":"publish","type":"post","link":"https:\/\/blogs.nabu.de\/hessen\/ein-regenreicher-tag-und-seine-highlights\/","title":{"rendered":"Ein regenreicher Tag und seine Highlights"},"content":{"rendered":"<p>Morgens haben wir\u00a0 einen Vortrag \u00fcber W\u00f6lfe angeh\u00f6rt. Am Nachmittag\u00a0 haben wir geholfen das Biotop der Geburtshelferkr\u00f6te umzugestalten. Im Biotop haben wir die Teiche rundherum \u00a0freigeschnitten, Steinhaufen als Unterschlupf erstellt und H\u00f6lzer aufgestapelt.<\/p>\n<div id=\"attachment_726\" style=\"width: 950px\" class=\"wp-caption aligncenter\"><a href=\"http:\/\/blogs.nabu.de\/hessen\/wp-content\/uploads\/sites\/6\/2016\/11\/IMG_1349.jpg\"><img aria-describedby=\"caption-attachment-726\" data-attachment-id=\"726\" data-permalink=\"https:\/\/blogs.nabu.de\/hessen\/ein-regenreicher-tag-und-seine-highlights\/img_1349\/\" data-orig-file=\"https:\/\/blogs.nabu.de\/hessen\/wp-content\/uploads\/sites\/6\/2016\/11\/IMG_1349.jpg\" data-orig-size=\"2048,1536\" data-comments-opened=\"1\" data-image-meta=\"{&quot;aperture&quot;:&quot;0&quot;,&quot;credit&quot;:&quot;&quot;,&quot;camera&quot;:&quot;&quot;,&quot;caption&quot;:&quot;&quot;,&quot;created_timestamp&quot;:&quot;0&quot;,&quot;copyright&quot;:&quot;&quot;,&quot;focal_length&quot;:&quot;0&quot;,&quot;iso&quot;:&quot;0&quot;,&quot;shutter_speed&quot;:&quot;0&quot;,&quot;title&quot;:&quot;&quot;,&quot;orientation&quot;:&quot;0&quot;}\" data-image-title=\"img_1349\" data-image-description=\"\" data-image-caption=\"\" data-medium-file=\"https:\/\/blogs.nabu.de\/hessen\/wp-content\/uploads\/sites\/6\/2016\/11\/IMG_1349-300x225.jpg\" data-large-file=\"https:\/\/blogs.nabu.de\/hessen\/wp-content\/uploads\/sites\/6\/2016\/11\/IMG_1349-1024x768.jpg\" decoding=\"async\" loading=\"lazy\" class=\"wp-image-726 size-large\" src=\"https:\/\/blogs.nabu.de\/hessen\/wp-content\/uploads\/sites\/6\/2016\/11\/IMG_1349-1024x768.jpg\" alt=\"img_1349\" width=\"940\" height=\"705\" \/><\/a><p id=\"caption-attachment-726\" class=\"wp-caption-text\">Ein spannendes Quiz gab es zum Abschluss von &#8222;Willkommen Wolf&#8220;<\/p><\/div>\n<div id=\"attachment_727\" style=\"width: 950px\" class=\"wp-caption aligncenter\"><a href=\"http:\/\/blogs.nabu.de\/hessen\/wp-content\/uploads\/sites\/6\/2016\/11\/IMG_0532.jpg\"><img aria-describedby=\"caption-attachment-727\" data-attachment-id=\"727\" data-permalink=\"https:\/\/blogs.nabu.de\/hessen\/ein-regenreicher-tag-und-seine-highlights\/img_0532\/\" data-orig-file=\"https:\/\/blogs.nabu.de\/hessen\/wp-content\/uploads\/sites\/6\/2016\/11\/IMG_0532.jpg\" data-orig-size=\"2048,1536\" data-comments-opened=\"1\" data-image-meta=\"{&quot;aperture&quot;:&quot;0&quot;,&quot;credit&quot;:&quot;&quot;,&quot;camera&quot;:&quot;&quot;,&quot;caption&quot;:&quot;&quot;,&quot;created_timestamp&quot;:&quot;0&quot;,&quot;copyright&quot;:&quot;&quot;,&quot;focal_length&quot;:&quot;0&quot;,&quot;iso&quot;:&quot;0&quot;,&quot;shutter_speed&quot;:&quot;0&quot;,&quot;title&quot;:&quot;&quot;,&quot;orientation&quot;:&quot;0&quot;}\" data-image-title=\"img_0532\" data-image-description=\"\" data-image-caption=\"\" data-medium-file=\"https:\/\/blogs.nabu.de\/hessen\/wp-content\/uploads\/sites\/6\/2016\/11\/IMG_0532-300x225.jpg\" data-large-file=\"https:\/\/blogs.nabu.de\/hessen\/wp-content\/uploads\/sites\/6\/2016\/11\/IMG_0532-1024x768.jpg\" decoding=\"async\" loading=\"lazy\" class=\"wp-image-727 size-large\" src=\"https:\/\/blogs.nabu.de\/hessen\/wp-content\/uploads\/sites\/6\/2016\/11\/IMG_0532-1024x768.jpg\" alt=\"img_0532\" width=\"940\" height=\"705\" \/><\/a><p id=\"caption-attachment-727\" class=\"wp-caption-text\">Gr\u00f6\u00dfere St\u00e4mme die sich nicht mehr mit der Astschere zerkleinern lie\u00dfen mussten per Hand ges\u00e4gt werden.<\/p><\/div>\n<div id=\"attachment_728\" style=\"width: 950px\" class=\"wp-caption aligncenter\"><a href=\"http:\/\/blogs.nabu.de\/hessen\/wp-content\/uploads\/sites\/6\/2016\/11\/IMG_0523.jpg\"><img aria-describedby=\"caption-attachment-728\" data-attachment-id=\"728\" data-permalink=\"https:\/\/blogs.nabu.de\/hessen\/ein-regenreicher-tag-und-seine-highlights\/img_0523\/\" data-orig-file=\"https:\/\/blogs.nabu.de\/hessen\/wp-content\/uploads\/sites\/6\/2016\/11\/IMG_0523.jpg\" data-orig-size=\"2048,1536\" data-comments-opened=\"1\" data-image-meta=\"{&quot;aperture&quot;:&quot;0&quot;,&quot;credit&quot;:&quot;&quot;,&quot;camera&quot;:&quot;&quot;,&quot;caption&quot;:&quot;&quot;,&quot;created_timestamp&quot;:&quot;0&quot;,&quot;copyright&quot;:&quot;&quot;,&quot;focal_length&quot;:&quot;0&quot;,&quot;iso&quot;:&quot;0&quot;,&quot;shutter_speed&quot;:&quot;0&quot;,&quot;title&quot;:&quot;&quot;,&quot;orientation&quot;:&quot;0&quot;}\" data-image-title=\"img_0523\" data-image-description=\"\" data-image-caption=\"\" data-medium-file=\"https:\/\/blogs.nabu.de\/hessen\/wp-content\/uploads\/sites\/6\/2016\/11\/IMG_0523-300x225.jpg\" data-large-file=\"https:\/\/blogs.nabu.de\/hessen\/wp-content\/uploads\/sites\/6\/2016\/11\/IMG_0523-1024x768.jpg\" decoding=\"async\" loading=\"lazy\" class=\"wp-image-728 size-large\" src=\"https:\/\/blogs.nabu.de\/hessen\/wp-content\/uploads\/sites\/6\/2016\/11\/IMG_0523-1024x768.jpg\" alt=\"img_0523\" width=\"940\" height=\"705\" \/><\/a><p id=\"caption-attachment-728\" class=\"wp-caption-text\">Der Steinhang wurde vom Moos befreit<\/p><\/div>\n<div id=\"attachment_729\" style=\"width: 950px\" class=\"wp-caption aligncenter\"><a href=\"http:\/\/blogs.nabu.de\/hessen\/wp-content\/uploads\/sites\/6\/2016\/11\/IMG_0553.jpg\"><img aria-describedby=\"caption-attachment-729\" data-attachment-id=\"729\" data-permalink=\"https:\/\/blogs.nabu.de\/hessen\/ein-regenreicher-tag-und-seine-highlights\/img_0553-2\/\" data-orig-file=\"https:\/\/blogs.nabu.de\/hessen\/wp-content\/uploads\/sites\/6\/2016\/11\/IMG_0553.jpg\" data-orig-size=\"2048,1536\" data-comments-opened=\"1\" data-image-meta=\"{&quot;aperture&quot;:&quot;0&quot;,&quot;credit&quot;:&quot;&quot;,&quot;camera&quot;:&quot;&quot;,&quot;caption&quot;:&quot;&quot;,&quot;created_timestamp&quot;:&quot;0&quot;,&quot;copyright&quot;:&quot;&quot;,&quot;focal_length&quot;:&quot;0&quot;,&quot;iso&quot;:&quot;0&quot;,&quot;shutter_speed&quot;:&quot;0&quot;,&quot;title&quot;:&quot;&quot;,&quot;orientation&quot;:&quot;0&quot;}\" data-image-title=\"img_0553\" data-image-description=\"\" data-image-caption=\"\" data-medium-file=\"https:\/\/blogs.nabu.de\/hessen\/wp-content\/uploads\/sites\/6\/2016\/11\/IMG_0553-300x225.jpg\" data-large-file=\"https:\/\/blogs.nabu.de\/hessen\/wp-content\/uploads\/sites\/6\/2016\/11\/IMG_0553-1024x768.jpg\" decoding=\"async\" loading=\"lazy\" class=\"wp-image-729 size-large\" src=\"https:\/\/blogs.nabu.de\/hessen\/wp-content\/uploads\/sites\/6\/2016\/11\/IMG_0553-1024x768.jpg\" alt=\"img_0553\" width=\"940\" height=\"705\" \/><\/a><p id=\"caption-attachment-729\" class=\"wp-caption-text\">Ersch\u00f6pft aber doch erfolgreiches Gruppenbild nach der Arbeit im Steinbruch<\/p><\/div>\n<!-- Begin Yuzo --><div class='yuzo_related_post style-1'  data-version='5.12.74'><!-- without result --><div class='yuzo_clearfixed yuzo__title yuzo__title'><h3>Related Post<\/h3><\/div>\n\t\t\t\t\t\t  <div class=\"relatedthumb \" style=\"width:125px;float:left;overflow:hidden;\">  \n\t\t\t\t\t\t\t  \n\t\t\t\t\t\t\t  <a  href=\"https:\/\/blogs.nabu.de\/hessen\/bfd-kurs-naturschutz-4\/\"  >\n\t\t\t\t\t\t\t\t\t  <div class=\"yuzo-img-wrap \" style=\"width: 125px;height:90px;\">\n\t\t\t\t\t\t\t\t\t\t\n\t\t\t\t\t\t\t\t\t\t<div class=\"yuzo-img\" style=\"background:url('https:\/\/blogs.nabu.de\/hessen\/wp-content\/uploads\/sites\/6\/2015\/11\/IMG_0350-150x150.jpg') 50% 50% no-repeat;width: 125px;height:90px;margin-bottom: 5px;background-size: cover; \"><\/div>\n\t\t\t\t\t\t\t\t\t  <\/div>\n\t\t\t\t\t\t\t\t\t  \n\t\t\t\t\t\t\t\t   <span class=\"yuzo__text--title\" style=\"font-size:13px;\">Ausflug in die Arche-Region am vierten BFD-Kurstag<\/span>\n\t\t\t\t\t\t\t  \n\t\t\t\t\t\t\t  \n\t\t\t\t\t\t\t  <\/a>\n\n\t\t\t\t\t\t  <\/div>\n\t\t\t\t\t\t  <div class=\"relatedthumb \" style=\"width:125px;float:left;overflow:hidden;\">  \n\t\t\t\t\t\t\t  \n\t\t\t\t\t\t\t  <a  href=\"https:\/\/blogs.nabu.de\/hessen\/neue-wildnis\/\"  >\n\t\t\t\t\t\t\t\t\t  <div class=\"yuzo-img-wrap \" style=\"width: 125px;height:90px;\">\n\t\t\t\t\t\t\t\t\t\t\n\t\t\t\t\t\t\t\t\t\t<div class=\"yuzo-img\" style=\"background:url('https:\/\/blogs.nabu.de\/hessen\/wp-content\/uploads\/sites\/6\/2023\/06\/Wildnis1-150x150.jpg') 50% 50% no-repeat;width: 125px;height:90px;margin-bottom: 5px;background-size: cover; \"><\/div>\n\t\t\t\t\t\t\t\t\t  <\/div>\n\t\t\t\t\t\t\t\t\t  \n\t\t\t\t\t\t\t\t   <span class=\"yuzo__text--title\" style=\"font-size:13px;\">Neue Wildnis \u2013 Warum wir das Wilde brauchen<\/span>\n\t\t\t\t\t\t\t  \n\t\t\t\t\t\t\t  \n\t\t\t\t\t\t\t  <\/a>\n\n\t\t\t\t\t\t  <\/div>\n\t\t\t\t\t\t  <div class=\"relatedthumb \" style=\"width:125px;float:left;overflow:hidden;\">  \n\t\t\t\t\t\t\t  \n\t\t\t\t\t\t\t  <a  href=\"https:\/\/blogs.nabu.de\/hessen\/ueberwinterung-spanien-lagune\/\"  >\n\t\t\t\t\t\t\t\t\t  <div class=\"yuzo-img-wrap \" style=\"width: 125px;height:90px;\">\n\t\t\t\t\t\t\t\t\t\t\n\t\t\t\t\t\t\t\t\t\t<div class=\"yuzo-img\" style=\"background:url('https:\/\/blogs.nabu.de\/hessen\/wp-content\/uploads\/sites\/6\/2025\/10\/Laguna_de_Fuente_de_Piedra--150x150.jpeg') 50% 50% no-repeat;width: 125px;height:90px;margin-bottom: 5px;background-size: cover; \"><\/div>\n\t\t\t\t\t\t\t\t\t  <\/div>\n\t\t\t\t\t\t\t\t\t  \n\t\t\t\t\t\t\t\t   <span class=\"yuzo__text--title\" style=\"font-size:13px;\">\u00dcberwinterung an spanischen Lagunen?<\/span>\n\t\t\t\t\t\t\t  \n\t\t\t\t\t\t\t  \n\t\t\t\t\t\t\t  <\/a>\n\n\t\t\t\t\t\t  <\/div>\n\t\t\t\t\t\t  <div class=\"relatedthumb \" style=\"width:125px;float:left;overflow:hidden;\">  \n\t\t\t\t\t\t\t  \n\t\t\t\t\t\t\t  <a  href=\"https:\/\/blogs.nabu.de\/hessen\/kraeuterkunde-und-walderleben\/\"  >\n\t\t\t\t\t\t\t\t\t  <div class=\"yuzo-img-wrap \" style=\"width: 125px;height:90px;\">\n\t\t\t\t\t\t\t\t\t\t\n\t\t\t\t\t\t\t\t\t\t<div class=\"yuzo-img\" style=\"background:url('https:\/\/blogs.nabu.de\/hessen\/wp-content\/uploads\/sites\/6\/2017\/05\/IMG_0314-150x150.jpg') 50% 50% no-repeat;width: 125px;height:90px;margin-bottom: 5px;background-size: cover; \"><\/div>\n\t\t\t\t\t\t\t\t\t  <\/div>\n\t\t\t\t\t\t\t\t\t  \n\t\t\t\t\t\t\t\t   <span class=\"yuzo__text--title\" style=\"font-size:13px;\">Kr\u00e4uterkunde und Walderleben<\/span>\n\t\t\t\t\t\t\t  \n\t\t\t\t\t\t\t  \n\t\t\t\t\t\t\t  <\/a>\n\n\t\t\t\t\t\t  <\/div>\n<\/div> <style>\n\t\t\t\t\t\t\t\t.yuzo_related_post img{width:120px !important; height:110px !important;}\n\t\t\t\t\t\t\t\t.yuzo_related_post .relatedthumb{line-height:15px;background: !important;color:!important;}\n\t\t\t\t\t\t\t\t.yuzo_related_post .relatedthumb:hover{background:#fcfcf4 !important; -webkit-transition: background 0.2s linear; -moz-transition: background 0.2s linear; -o-transition: background 0.2s linear; transition: background 0.2s linear;;color:!important;}\n\t\t\t\t\t\t\t\t.yuzo_related_post .relatedthumb a{color:!important;}\n\t\t\t\t\t\t\t\t.yuzo_related_post .relatedthumb a:hover{ color:}!important;}\n\t\t\t\t\t\t\t\t.yuzo_related_post .relatedthumb:hover a{ color:!important;}\n\t\t\t\t\t\t\t\t.yuzo_related_post .yuzo_text {color:!important;}\n\t\t\t\t\t\t\t\t.yuzo_related_post .relatedthumb:hover .yuzo_text {color:!important;}\n\t\t\t\t\t\t\t\t.yuzo_related_post .relatedthumb{  margin: 0px  0px  0px  0px;   padding: 5px  5px  5px  5px;  }\n\t\t\t\t\t\t\t\t\n\t\t\t\t\t\t\t\t<\/style> <script>\n\t\t\t\t\t\t  jQuery(document).ready(function( $ ){\n\t\t\t\t\t\t\t\/\/jQuery('.yuzo_related_post').equalizer({ overflow : 'relatedthumb' });\n\t\t\t\t\t\t\tjQuery('.yuzo_related_post .yuzo_wraps').equalizer({ columns : '> div' });\n\t\t\t\t\t\t   })\n\t\t\t\t\t\t  <\/script> <!-- End Yuzo :) -->","protected":false},"excerpt":{"rendered":"<p>Vormittags gab es einen sehr interessanten und spannenden Vortag zum Thema &#8222;Willkommen Wolf&#8220;. Nachmittags machten wir uns dann gut ger\u00fcstet auf zum Naturschutzeinsatz &#8211; wir trotzten dem Regen!<\/p>\n","protected":false},"author":41,"featured_media":729,"comment_status":"open","ping_status":"open","sticky":false,"template":"","format":"standard","meta":{"jetpack_post_was_ever_published":false},"categories":[2],"tags":[6,46,80,22],"jetpack_featured_media_url":"https:\/\/blogs.nabu.de\/hessen\/wp-content\/uploads\/sites\/6\/2016\/11\/IMG_0553.jpg","jetpack_shortlink":"https:\/\/wp.me\/p6Q2c7-bH","jetpack-related-posts":[{"id":144,"url":"https:\/\/blogs.nabu.de\/hessen\/bfd-kurs-naturschutz-3\/","url_meta":{"origin":725,"position":0},"title":"Alles \u00fcber Wolf und Naturschutz beim dritten BFD-Kurstag","date":"11. November 2015","format":false,"excerpt":"Der dritte Tag des BFD-Kurses auf der Jugendburg Hessenstein stand ganz im Zeichen des praktischen Schutzes von blumenreichen Wiesen und Obstb\u00e4umen.","rel":"","context":"In &quot;BFD - Ja, nat\u00fcrlich!&quot;","img":{"alt_text":"","src":"https:\/\/i0.wp.com\/blogs.nabu.de\/hessen\/wp-content\/uploads\/sites\/6\/2015\/11\/Marcel-baum.jpg?resize=350%2C200&ssl=1","width":350,"height":200},"classes":[]},{"id":1,"url":"https:\/\/blogs.nabu.de\/hessen\/naturschutz\/","url_meta":{"origin":725,"position":1},"title":"BFD-Kurs &#8222;Praktischer Natur- und Tierschutz&#8220;","date":"6. November 2015","format":false,"excerpt":"Beim BFD-Kurs bauen wir Nisthilfen f\u00fcr V\u00f6gel, Flederm\u00e4use und Insekten und erfahren, wie man blumenreiche Wiesen durch praktischen Naturschutz erhalten kann.","rel":"","context":"In &quot;BFD - Ja, nat\u00fcrlich!&quot;","img":{"alt_text":"","src":"https:\/\/i0.wp.com\/blogs.nabu.de\/hessen\/wp-content\/uploads\/sites\/6\/2015\/10\/Praktiker.jpg?resize=350%2C200&ssl=1","width":350,"height":200},"classes":[]},{"id":733,"url":"https:\/\/blogs.nabu.de\/hessen\/politischer-biotopschutz-und-alte-haustierrassen\/","url_meta":{"origin":725,"position":2},"title":"Politischer Biotopschutz und alte Haustierrassen","date":"7. November 2016","format":false,"excerpt":"Am Donnerstag verbrachten wir den Vormittag erst mit dem Thema politischer Biotopschutz und nachmittags machten wir uns die Arche-Region zu erkunden.","rel":"","context":"In &quot;BFD - Ja, nat\u00fcrlich!&quot;","img":{"alt_text":"","src":"https:\/\/i0.wp.com\/blogs.nabu.de\/hessen\/wp-content\/uploads\/sites\/6\/2016\/11\/IMG_1527.jpg?resize=350%2C200&ssl=1","width":350,"height":200},"classes":[]},{"id":430,"url":"https:\/\/blogs.nabu.de\/hessen\/willkommen-praedatoren\/","url_meta":{"origin":725,"position":3},"title":"Willkommen Pr\u00e4datoren!!","date":"6. Juni 2016","format":false,"excerpt":"Hallo Zusammen, heute hat f\u00fcr die meisten von uns das letzte Seminar angefangen. Im Fokus stehen diesmal Aktionen f\u00fcr die Umwelt. Immer mehr Pr\u00e4datoren wie Wolf, Luchs und B\u00e4r finden den Weg wieder zur\u00fcck nach Deutschland. Dies wird jedoch von der \u00d6ffentlichkeit h\u00e4ufig sehr kontrovers diskutiert. Aufkl\u00e4rungsarbeit ist daher immens\u2026","rel":"","context":"In &quot;BFD - Ja, nat\u00fcrlich!&quot;","img":{"alt_text":"","src":"https:\/\/i0.wp.com\/blogs.nabu.de\/hessen\/wp-content\/uploads\/sites\/6\/2016\/06\/IMG_0971-klein.jpg?resize=350%2C200&ssl=1","width":350,"height":200},"classes":[]},{"id":193,"url":"https:\/\/blogs.nabu.de\/hessen\/bfd-kurs-naturschutz-5\/","url_meta":{"origin":725,"position":4},"title":"BFD Kurs &#8222;Im Einsatz f\u00fcr die Natur&#8220; geht zu Ende","date":"13. November 2015","format":false,"excerpt":"Am letzten Tag des BFD-Kurses zum Naturschutz drehte sich alles um den Gifteinsatz in der Landwirtschaft und seine Auswirkungen auf die biologische Vielfalt.","rel":"","context":"In &quot;BFD - Ja, nat\u00fcrlich!&quot;","img":{"alt_text":"","src":"https:\/\/i0.wp.com\/blogs.nabu.de\/hessen\/wp-content\/uploads\/sites\/6\/2015\/11\/IMG_0631.jpg?resize=350%2C200&ssl=1","width":350,"height":200},"classes":[]},{"id":1248,"url":"https:\/\/blogs.nabu.de\/hessen\/nationalparkzentrum-erkunden\/","url_meta":{"origin":725,"position":5},"title":"Nationalparkzentrum erkunden","date":"11. Dezember 2017","format":false,"excerpt":"Frisch ausgeruht und bester Stimmung waren wir bereit in den Tag zu starten, leider gab es ein Hindernis: Der Bus hatte uns leider vergessen. Nach kurzer zwangspause ...","rel":"","context":"In &quot;BFD - Ja, nat\u00fcrlich!&quot;","img":{"alt_text":"","src":"https:\/\/i0.wp.com\/blogs.nabu.de\/hessen\/wp-content\/uploads\/sites\/6\/2017\/12\/IMG_0806.jpg?resize=350%2C200&ssl=1","width":350,"height":200},"classes":[]}],"_links":{"self":[{"href":"https:\/\/blogs.nabu.de\/hessen\/wp-json\/wp\/v2\/posts\/725"}],"collection":[{"href":"https:\/\/blogs.nabu.de\/hessen\/wp-json\/wp\/v2\/posts"}],"about":[{"href":"https:\/\/blogs.nabu.de\/hessen\/wp-json\/wp\/v2\/types\/post"}],"author":[{"embeddable":true,"href":"https:\/\/blogs.nabu.de\/hessen\/wp-json\/wp\/v2\/users\/41"}],"replies":[{"embeddable":true,"href":"https:\/\/blogs.nabu.de\/hessen\/wp-json\/wp\/v2\/comments?post=725"}],"version-history":[{"count":2,"href":"https:\/\/blogs.nabu.de\/hessen\/wp-json\/wp\/v2\/posts\/725\/revisions"}],"predecessor-version":[{"id":731,"href":"https:\/\/blogs.nabu.de\/hessen\/wp-json\/wp\/v2\/posts\/725\/revisions\/731"}],"wp:featuredmedia":[{"embeddable":true,"href":"https:\/\/blogs.nabu.de\/hessen\/wp-json\/wp\/v2\/media\/729"}],"wp:attachment":[{"href":"https:\/\/blogs.nabu.de\/hessen\/wp-json\/wp\/v2\/media?parent=725"}],"wp:term":[{"taxonomy":"category","embeddable":true,"href":"https:\/\/blogs.nabu.de\/hessen\/wp-json\/wp\/v2\/categories?post=725"},{"taxonomy":"post_tag","embeddable":true,"href":"https:\/\/blogs.nabu.de\/hessen\/wp-json\/wp\/v2\/tags?post=725"}],"curies":[{"name":"wp","href":"https:\/\/api.w.org\/{rel}","templated":true}]}}