{"id":464,"date":"2016-06-08T07:34:43","date_gmt":"2016-06-08T05:34:43","guid":{"rendered":"http:\/\/blogs.nabu.de\/hessen\/?p=464"},"modified":"2017-10-06T12:26:47","modified_gmt":"2017-10-06T10:26:47","slug":"2-dia-en-el-seminaro-de-wetzlar","status":"publish","type":"post","link":"https:\/\/blogs.nabu.de\/hessen\/2-dia-en-el-seminaro-de-wetzlar\/","title":{"rendered":"2 dia en el Seminaro de Wetzlar"},"content":{"rendered":"<p>Hoy dia por la ma\u00f1ana nos reunimos todo el grupo en la sala del Seminario a seguir preparando las actividades que realizaremos el dia Jueves en Gie\u00dfen.<\/p>\n<p>A medio dia, luego del almuerzo vino una persona donde nos hizo actividades para aprender las tecnicas para una mejor disertacion, tambien nos hizo ejercicios donde tubimos que poner a prueba lo ense\u00f1ado, como por ejemplo ejercicios con la boca, peque\u00f1as disertacion frente a nuestros compa\u00f1eros, etc&#8230;<\/p>\n<!-- Begin Yuzo --><div class='yuzo_related_post style-1'  data-version='5.12.74'><!-- without result --><div class='yuzo_clearfixed yuzo__title yuzo__title'><h3>Related Post<\/h3><\/div>\n\t\t\t\t\t\t  <div class=\"relatedthumb \" style=\"width:125px;float:left;overflow:hidden;\">  \n\t\t\t\t\t\t\t  \n\t\t\t\t\t\t\t  <a  href=\"https:\/\/blogs.nabu.de\/hessen\/politische-bildung-in-spiegelau\/\"  >\n\t\t\t\t\t\t\t\t\t  <div class=\"yuzo-img-wrap \" style=\"width: 125px;height:90px;\">\n\t\t\t\t\t\t\t\t\t\t\n\t\t\t\t\t\t\t\t\t\t<div class=\"yuzo-img\" style=\"background:url('https:\/\/blogs.nabu.de\/hessen\/wp-content\/uploads\/sites\/6\/2017\/01\/IMG_1586-150x150.jpg') 50% 50% no-repeat;width: 125px;height:90px;margin-bottom: 5px;background-size: cover; \"><\/div>\n\t\t\t\t\t\t\t\t\t  <\/div>\n\t\t\t\t\t\t\t\t\t  \n\t\t\t\t\t\t\t\t   <span class=\"yuzo__text--title\" style=\"font-size:13px;\">Politische Bildung in Spiegelau<\/span>\n\t\t\t\t\t\t\t  \n\t\t\t\t\t\t\t  \n\t\t\t\t\t\t\t  <\/a>\n\n\t\t\t\t\t\t  <\/div>\n\t\t\t\t\t\t  <div class=\"relatedthumb \" style=\"width:125px;float:left;overflow:hidden;\">  \n\t\t\t\t\t\t\t  \n\t\t\t\t\t\t\t  <a  href=\"https:\/\/blogs.nabu.de\/hessen\/glueckliches-fleisch\/\"  >\n\t\t\t\t\t\t\t\t\t  <div class=\"yuzo-img-wrap \" style=\"width: 125px;height:90px;\">\n\t\t\t\t\t\t\t\t\t\t\n\t\t\t\t\t\t\t\t\t\t<div class=\"yuzo-img\" style=\"background:url('https:\/\/blogs.nabu.de\/hessen\/wp-content\/uploads\/sites\/6\/2017\/05\/maststall-150x150.jpg') 50% 50% no-repeat;width: 125px;height:90px;margin-bottom: 5px;background-size: cover; \"><\/div>\n\t\t\t\t\t\t\t\t\t  <\/div>\n\t\t\t\t\t\t\t\t\t  \n\t\t\t\t\t\t\t\t   <span class=\"yuzo__text--title\" style=\"font-size:13px;\">Lust auf gl\u00fcckliches Fleisch?<\/span>\n\t\t\t\t\t\t\t  \n\t\t\t\t\t\t\t  \n\t\t\t\t\t\t\t  <\/a>\n\n\t\t\t\t\t\t  <\/div>\n\t\t\t\t\t\t  <div class=\"relatedthumb \" style=\"width:125px;float:left;overflow:hidden;\">  \n\t\t\t\t\t\t\t  \n\t\t\t\t\t\t\t  <a  href=\"https:\/\/blogs.nabu.de\/hessen\/ende-maerz-2017-neptun-deutschland\/\"  >\n\t\t\t\t\t\t\t\t\t  <div class=\"yuzo-img-wrap \" style=\"width: 125px;height:90px;\">\n\t\t\t\t\t\t\t\t\t\t\n\t\t\t\t\t\t\t\t\t\t<div class=\"yuzo-img\" style=\"background:url('https:\/\/blogs.nabu.de\/hessen\/wp-content\/uploads\/sites\/6\/2017\/03\/Neptun_Heimzug_Spanien_Maerz_2017-150x150.png') 50% 50% no-repeat;width: 125px;height:90px;margin-bottom: 5px;background-size: cover; \"><\/div>\n\t\t\t\t\t\t\t\t\t  <\/div>\n\t\t\t\t\t\t\t\t\t  \n\t\t\t\t\t\t\t\t   <span class=\"yuzo__text--title\" style=\"font-size:13px;\">Vier Wochen sp\u00e4ter als Isolde und Noah: Auch Neptu...<\/span>\n\t\t\t\t\t\t\t  \n\t\t\t\t\t\t\t  \n\t\t\t\t\t\t\t  <\/a>\n\n\t\t\t\t\t\t  <\/div>\n\t\t\t\t\t\t  <div class=\"relatedthumb \" style=\"width:125px;float:left;overflow:hidden;\">  \n\t\t\t\t\t\t\t  \n\t\t\t\t\t\t\t  <a  href=\"https:\/\/blogs.nabu.de\/hessen\/max-abzug-vogelsberg-herbst-2017\/\"  >\n\t\t\t\t\t\t\t\t\t  <div class=\"yuzo-img-wrap \" style=\"width: 125px;height:90px;\">\n\t\t\t\t\t\t\t\t\t\t\n\t\t\t\t\t\t\t\t\t\t<div class=\"yuzo-img\" style=\"background:url('https:\/\/blogs.nabu.de\/hessen\/wp-content\/uploads\/sites\/6\/2017\/09\/33190550624_0d0d4edb6c_b-150x150.jpg') 50% 50% no-repeat;width: 125px;height:90px;margin-bottom: 5px;background-size: cover; \"><\/div>\n\t\t\t\t\t\t\t\t\t  <\/div>\n\t\t\t\t\t\t\t\t\t  \n\t\t\t\t\t\t\t\t   <span class=\"yuzo__text--title\" style=\"font-size:13px;\">Rotmilan-M\u00e4nnchen Max hat sich auf den Weg gemacht...<\/span>\n\t\t\t\t\t\t\t  \n\t\t\t\t\t\t\t  \n\t\t\t\t\t\t\t  <\/a>\n\n\t\t\t\t\t\t  <\/div>\n<\/div> <style>\n\t\t\t\t\t\t\t\t.yuzo_related_post img{width:120px !important; height:110px !important;}\n\t\t\t\t\t\t\t\t.yuzo_related_post .relatedthumb{line-height:15px;background: !important;color:!important;}\n\t\t\t\t\t\t\t\t.yuzo_related_post .relatedthumb:hover{background:#fcfcf4 !important; -webkit-transition: background 0.2s linear; -moz-transition: background 0.2s linear; -o-transition: background 0.2s linear; transition: background 0.2s linear;;color:!important;}\n\t\t\t\t\t\t\t\t.yuzo_related_post .relatedthumb a{color:!important;}\n\t\t\t\t\t\t\t\t.yuzo_related_post .relatedthumb a:hover{ color:}!important;}\n\t\t\t\t\t\t\t\t.yuzo_related_post .relatedthumb:hover a{ color:!important;}\n\t\t\t\t\t\t\t\t.yuzo_related_post .yuzo_text {color:!important;}\n\t\t\t\t\t\t\t\t.yuzo_related_post .relatedthumb:hover .yuzo_text {color:!important;}\n\t\t\t\t\t\t\t\t.yuzo_related_post .relatedthumb{  margin: 0px  0px  0px  0px;   padding: 5px  5px  5px  5px;  }\n\t\t\t\t\t\t\t\t\n\t\t\t\t\t\t\t\t<\/style> <script>\n\t\t\t\t\t\t  jQuery(document).ready(function( $ ){\n\t\t\t\t\t\t\t\/\/jQuery('.yuzo_related_post').equalizer({ overflow : 'relatedthumb' });\n\t\t\t\t\t\t\tjQuery('.yuzo_related_post .yuzo_wraps').equalizer({ columns : '> div' });\n\t\t\t\t\t\t   })\n\t\t\t\t\t\t  <\/script> <!-- End Yuzo :) -->","protected":false},"excerpt":{"rendered":"<p>Hoy dia por la ma\u00f1ana nos reunimos todo el grupo en la sala del Seminario a seguir preparando las actividades que realizaremos el dia Jueves en Gie\u00dfen. A [&hellip;]<\/p>\n","protected":false},"author":41,"featured_media":0,"comment_status":"open","ping_status":"open","sticky":false,"template":"","format":"standard","meta":{"jetpack_post_was_ever_published":false},"categories":[2],"tags":[],"jetpack_featured_media_url":"","jetpack_shortlink":"https:\/\/wp.me\/p6Q2c7-7u","jetpack-related-posts":[{"id":488,"url":"https:\/\/blogs.nabu.de\/hessen\/terminando-el-seminario-de-wetzlar\/","url_meta":{"origin":464,"position":0},"title":"Terminando el seminario de Wetzlar.","date":"10. Juni 2016","format":false,"excerpt":"Ya estamos en el ultimo dia del seminario, pronto todos volveran a sus trabajos en sus respectivas areas. En resumen de la semana, podemos decir que estuvo muy activa, logramos hacer muchas actividades, como por ejemplo caminatas por parques del Nabu, debates respecto al tema de los osos y lobos\u2026","rel":"","context":"In &quot;BFD - Ja, nat\u00fcrlich!&quot;","img":{"alt_text":"","src":"","width":0,"height":0},"classes":[]},{"id":441,"url":"https:\/\/blogs.nabu.de\/hessen\/primer-dia-en-el-seminario-de-wetzlar-accion-para-el-mundo\/","url_meta":{"origin":464,"position":1},"title":"Primer dia en el Seminario de Wetzlar \u201cAccion para el Mundo\u201d","date":"7. Juni 2016","format":false,"excerpt":"Hoy dia se inicio el Seminario de Wetzlar con un total de 17 voluntarios donde nos juntamos todos en un albergue juvenil en el centro de Wetzlar. Donde lograremos hacer varias actividades durante la semana. Hoy dia Lunes 6 de Junio partio el dia con una actividad de conocerse entre\u2026","rel":"","context":"In &quot;BFD - Ja, nat\u00fcrlich!&quot;","img":{"alt_text":"","src":"","width":0,"height":0},"classes":[]},{"id":1104,"url":"https:\/\/blogs.nabu.de\/hessen\/isolde-neptun-abzug-brutreviere-oktober-2017\/","url_meta":{"origin":464,"position":2},"title":"Auch Isolde und Neptun sind unterwegs","date":"15. Oktober 2017","format":false,"excerpt":"Nachdem Max und Noah ihre Winterquartiere in Spanien bereits besetzt haben, sind nun auch Isolde sowie Neptun aufgebrochen und haben ihre diesj\u00e4hrigen Brutreviere in Mittelhessen verlassen.","rel":"","context":"In &quot;On tour mit Milan&quot;","img":{"alt_text":"","src":"https:\/\/i0.wp.com\/blogs.nabu.de\/hessen\/wp-content\/uploads\/sites\/6\/2017\/10\/Neptun_Rotmilan_Vogelsberg_M_Sommerhage.jpg?resize=350%2C200&ssl=1","width":350,"height":200},"classes":[]}],"_links":{"self":[{"href":"https:\/\/blogs.nabu.de\/hessen\/wp-json\/wp\/v2\/posts\/464"}],"collection":[{"href":"https:\/\/blogs.nabu.de\/hessen\/wp-json\/wp\/v2\/posts"}],"about":[{"href":"https:\/\/blogs.nabu.de\/hessen\/wp-json\/wp\/v2\/types\/post"}],"author":[{"embeddable":true,"href":"https:\/\/blogs.nabu.de\/hessen\/wp-json\/wp\/v2\/users\/41"}],"replies":[{"embeddable":true,"href":"https:\/\/blogs.nabu.de\/hessen\/wp-json\/wp\/v2\/comments?post=464"}],"version-history":[{"count":2,"href":"https:\/\/blogs.nabu.de\/hessen\/wp-json\/wp\/v2\/posts\/464\/revisions"}],"predecessor-version":[{"id":466,"href":"https:\/\/blogs.nabu.de\/hessen\/wp-json\/wp\/v2\/posts\/464\/revisions\/466"}],"wp:attachment":[{"href":"https:\/\/blogs.nabu.de\/hessen\/wp-json\/wp\/v2\/media?parent=464"}],"wp:term":[{"taxonomy":"category","embeddable":true,"href":"https:\/\/blogs.nabu.de\/hessen\/wp-json\/wp\/v2\/categories?post=464"},{"taxonomy":"post_tag","embeddable":true,"href":"https:\/\/blogs.nabu.de\/hessen\/wp-json\/wp\/v2\/tags?post=464"}],"curies":[{"name":"wp","href":"https:\/\/api.w.org\/{rel}","templated":true}]}}