{"id":456,"date":"2016-06-07T18:10:45","date_gmt":"2016-06-07T16:10:45","guid":{"rendered":"http:\/\/blogs.nabu.de\/hessen\/?p=456"},"modified":"2017-10-06T12:27:22","modified_gmt":"2017-10-06T10:27:22","slug":"bfd-statusbericht-tag-2","status":"publish","type":"post","link":"https:\/\/blogs.nabu.de\/hessen\/bfd-statusbericht-tag-2\/","title":{"rendered":"BFD Statusbericht Tag 2"},"content":{"rendered":"<p>Der Flyer ist endlich fertiggestellt und an die Druckerei gesendet worden. Eine Einladung zu der Aktion an die Presse wurde geschrieben und versand.<\/p>\n<p>Die NAJU Hessen konnte mit ihrem vielf\u00e4ltigen Materialen aus der Gesch\u00e4ftsstelle an vielen Ecken aushelfen um zum Gelingen der Aktion beitragen.<br \/>\nVon einer Pr\u00e4sentationstrainerin haben wir gelernt, wie wir \u00fcberzeugen und sicher auftreten k\u00f6nnen und so den Nachmittag mit Mundlockerungen, Stimmtraining und \u00dcbungen zur K\u00f6rpersprache unterhaltsam gef\u00fcllt.<br \/>\nNun sind wir bestens f\u00fcr die Gie\u00dfener Innenstadt vorbereitet, und alles ist in flei\u00dfiger Arbeit unserer hochmotivierten BFD&#8217;ler entstanden. Wir sind alle sehr gespannt auf Donnerstag und investieren sehr viel Arbeit in unsere Aufgaben, vorallem da wir als Gruppe sehr viel Spa\u00df dabei haben, etwas auf die Beine zu stellen. Und Zeit f\u00fcr ein Sonnenbad findet sich nat\u00fcrlich immer noch.<\/p>\n<p>&nbsp;<\/p>\n<p><a href=\"http:\/\/blogs.nabu.de\/hessen\/wp-content\/uploads\/sites\/6\/2016\/06\/IMG_0127-klein.jpg\"><img data-attachment-id=\"458\" data-permalink=\"https:\/\/blogs.nabu.de\/hessen\/bfd-statusbericht-tag-2\/img_0127-klein\/\" data-orig-file=\"https:\/\/blogs.nabu.de\/hessen\/wp-content\/uploads\/sites\/6\/2016\/06\/IMG_0127-klein.jpg\" data-orig-size=\"1000,750\" data-comments-opened=\"1\" data-image-meta=\"{&quot;aperture&quot;:&quot;1.8&quot;,&quot;credit&quot;:&quot;&quot;,&quot;camera&quot;:&quot;Canon PowerShot S120&quot;,&quot;caption&quot;:&quot;&quot;,&quot;created_timestamp&quot;:&quot;1465308718&quot;,&quot;copyright&quot;:&quot;&quot;,&quot;focal_length&quot;:&quot;5.2&quot;,&quot;iso&quot;:&quot;200&quot;,&quot;shutter_speed&quot;:&quot;0.001&quot;,&quot;title&quot;:&quot;&quot;,&quot;orientation&quot;:&quot;1&quot;}\" data-image-title=\"IMG_0127 klein\" data-image-description=\"\" data-image-caption=\"\" data-medium-file=\"https:\/\/blogs.nabu.de\/hessen\/wp-content\/uploads\/sites\/6\/2016\/06\/IMG_0127-klein-300x225.jpg\" data-large-file=\"https:\/\/blogs.nabu.de\/hessen\/wp-content\/uploads\/sites\/6\/2016\/06\/IMG_0127-klein.jpg\" decoding=\"async\" loading=\"lazy\" class=\"aligncenter wp-image-458 size-full\" src=\"https:\/\/blogs.nabu.de\/hessen\/wp-content\/uploads\/sites\/6\/2016\/06\/IMG_0127-klein.jpg\" alt=\"IMG_0127 klein\" width=\"1000\" height=\"750\" \/><\/a><\/p>\n<p><a href=\"http:\/\/blogs.nabu.de\/hessen\/wp-content\/uploads\/sites\/6\/2016\/06\/IMG_0189-klein.jpg\"><img data-attachment-id=\"460\" data-permalink=\"https:\/\/blogs.nabu.de\/hessen\/bfd-statusbericht-tag-2\/img_0189-klein\/\" data-orig-file=\"https:\/\/blogs.nabu.de\/hessen\/wp-content\/uploads\/sites\/6\/2016\/06\/IMG_0189-klein.jpg\" data-orig-size=\"1000,750\" data-comments-opened=\"1\" data-image-meta=\"{&quot;aperture&quot;:&quot;1.8&quot;,&quot;credit&quot;:&quot;&quot;,&quot;camera&quot;:&quot;Canon PowerShot S120&quot;,&quot;caption&quot;:&quot;&quot;,&quot;created_timestamp&quot;:&quot;1465317094&quot;,&quot;copyright&quot;:&quot;&quot;,&quot;focal_length&quot;:&quot;5.2&quot;,&quot;iso&quot;:&quot;160&quot;,&quot;shutter_speed&quot;:&quot;0.000625&quot;,&quot;title&quot;:&quot;&quot;,&quot;orientation&quot;:&quot;1&quot;}\" data-image-title=\"IMG_0189 klein\" data-image-description=\"\" data-image-caption=\"\" data-medium-file=\"https:\/\/blogs.nabu.de\/hessen\/wp-content\/uploads\/sites\/6\/2016\/06\/IMG_0189-klein-300x225.jpg\" data-large-file=\"https:\/\/blogs.nabu.de\/hessen\/wp-content\/uploads\/sites\/6\/2016\/06\/IMG_0189-klein.jpg\" decoding=\"async\" loading=\"lazy\" class=\"aligncenter wp-image-460 size-full\" src=\"https:\/\/blogs.nabu.de\/hessen\/wp-content\/uploads\/sites\/6\/2016\/06\/IMG_0189-klein.jpg\" alt=\"IMG_0189 klein\" width=\"1000\" height=\"750\" \/><\/a><\/p>\n<p><a href=\"http:\/\/blogs.nabu.de\/hessen\/wp-content\/uploads\/sites\/6\/2016\/06\/IMG_0129-klein.jpg\"><img data-attachment-id=\"459\" data-permalink=\"https:\/\/blogs.nabu.de\/hessen\/bfd-statusbericht-tag-2\/img_0129-klein\/\" data-orig-file=\"https:\/\/blogs.nabu.de\/hessen\/wp-content\/uploads\/sites\/6\/2016\/06\/IMG_0129-klein.jpg\" data-orig-size=\"1000,750\" data-comments-opened=\"1\" data-image-meta=\"{&quot;aperture&quot;:&quot;1.8&quot;,&quot;credit&quot;:&quot;&quot;,&quot;camera&quot;:&quot;Canon PowerShot S120&quot;,&quot;caption&quot;:&quot;&quot;,&quot;created_timestamp&quot;:&quot;1465308734&quot;,&quot;copyright&quot;:&quot;&quot;,&quot;focal_length&quot;:&quot;5.2&quot;,&quot;iso&quot;:&quot;160&quot;,&quot;shutter_speed&quot;:&quot;0.0005&quot;,&quot;title&quot;:&quot;&quot;,&quot;orientation&quot;:&quot;1&quot;}\" data-image-title=\"IMG_0129 klein\" data-image-description=\"\" data-image-caption=\"\" data-medium-file=\"https:\/\/blogs.nabu.de\/hessen\/wp-content\/uploads\/sites\/6\/2016\/06\/IMG_0129-klein-300x225.jpg\" data-large-file=\"https:\/\/blogs.nabu.de\/hessen\/wp-content\/uploads\/sites\/6\/2016\/06\/IMG_0129-klein.jpg\" decoding=\"async\" loading=\"lazy\" class=\"aligncenter wp-image-459 size-full\" src=\"https:\/\/blogs.nabu.de\/hessen\/wp-content\/uploads\/sites\/6\/2016\/06\/IMG_0129-klein.jpg\" alt=\"IMG_0129 klein\" width=\"1000\" height=\"750\" \/><\/a><\/p>\n<!-- Begin Yuzo --><div class='yuzo_related_post style-1'  data-version='5.12.74'><!-- without result --><div class='yuzo_clearfixed yuzo__title yuzo__title'><h3>Related Post<\/h3><\/div>\n\t\t\t\t\t\t  <div class=\"relatedthumb \" style=\"width:125px;float:left;overflow:hidden;\">  \n\t\t\t\t\t\t\t  \n\t\t\t\t\t\t\t  <a  href=\"https:\/\/blogs.nabu.de\/hessen\/ueberwinterung_max_salamanca\/\"  >\n\t\t\t\t\t\t\t\t\t  <div class=\"yuzo-img-wrap \" style=\"width: 125px;height:90px;\">\n\t\t\t\t\t\t\t\t\t\t\n\t\t\t\t\t\t\t\t\t\t<div class=\"yuzo-img\" style=\"background:url('https:\/\/blogs.nabu.de\/hessen\/wp-content\/uploads\/sites\/6\/2018\/12\/Rotmilan_Max_Ueberwinterung_Salamanca_Spanien_2017-2018_NABU_Hessen_M_Sommerhage-150x150.jpg') 50% 50% no-repeat;width: 125px;height:90px;margin-bottom: 5px;background-size: cover; \"><\/div>\n\t\t\t\t\t\t\t\t\t  <\/div>\n\t\t\t\t\t\t\t\t\t  \n\t\t\t\t\t\t\t\t   <span class=\"yuzo__text--title\" style=\"font-size:13px;\">Max\u00b4 \u00dcberwinterungsverhalten<\/span>\n\t\t\t\t\t\t\t  \n\t\t\t\t\t\t\t  \n\t\t\t\t\t\t\t  <\/a>\n\n\t\t\t\t\t\t  <\/div>\n\t\t\t\t\t\t  <div class=\"relatedthumb \" style=\"width:125px;float:left;overflow:hidden;\">  \n\t\t\t\t\t\t\t  \n\t\t\t\t\t\t\t  <a  href=\"https:\/\/blogs.nabu.de\/hessen\/glueck-im-unglueck-und-der-start-zu-einem-neuen-reise-blog\/\"  >\n\t\t\t\t\t\t\t\t\t  <div class=\"yuzo-img-wrap \" style=\"width: 125px;height:90px;\">\n\t\t\t\t\t\t\t\t\t\t\n\t\t\t\t\t\t\t\t\t\t<div class=\"yuzo-img\" style=\"background:url('https:\/\/blogs.nabu.de\/hessen\/wp-content\/uploads\/sites\/6\/2025\/09\/Schwarzstorch_Besenderung_MSommerhage_11-150x150.jpeg') 50% 50% no-repeat;width: 125px;height:90px;margin-bottom: 5px;background-size: cover; \"><\/div>\n\t\t\t\t\t\t\t\t\t  <\/div>\n\t\t\t\t\t\t\t\t\t  \n\t\t\t\t\t\t\t\t   <span class=\"yuzo__text--title\" style=\"font-size:13px;\">Gl\u00fcck im Ungl\u00fcck \u2013 und der Start zu einem ne...<\/span>\n\t\t\t\t\t\t\t  \n\t\t\t\t\t\t\t  \n\t\t\t\t\t\t\t  <\/a>\n\n\t\t\t\t\t\t  <\/div>\n\t\t\t\t\t\t  <div class=\"relatedthumb \" style=\"width:125px;float:left;overflow:hidden;\">  \n\t\t\t\t\t\t\t  \n\t\t\t\t\t\t\t  <a  href=\"https:\/\/blogs.nabu.de\/hessen\/beginn_heimzug_fruehjahr_2019\/\"  >\n\t\t\t\t\t\t\t\t\t  <div class=\"yuzo-img-wrap \" style=\"width: 125px;height:90px;\">\n\t\t\t\t\t\t\t\t\t\t\n\t\t\t\t\t\t\t\t\t\t<div class=\"yuzo-img\" style=\"background:url('https:\/\/blogs.nabu.de\/hessen\/wp-content\/uploads\/sites\/6\/2019\/02\/Heimzug_2019_Rotmilan_VB-150x150.jpg') 50% 50% no-repeat;width: 125px;height:90px;margin-bottom: 5px;background-size: cover; \"><\/div>\n\t\t\t\t\t\t\t\t\t  <\/div>\n\t\t\t\t\t\t\t\t\t  \n\t\t\t\t\t\t\t\t   <span class=\"yuzo__text--title\" style=\"font-size:13px;\">Auf dem Weg \u201eheim\u201c<\/span>\n\t\t\t\t\t\t\t  \n\t\t\t\t\t\t\t  \n\t\t\t\t\t\t\t  <\/a>\n\n\t\t\t\t\t\t  <\/div>\n\t\t\t\t\t\t  <div class=\"relatedthumb \" style=\"width:125px;float:left;overflow:hidden;\">  \n\t\t\t\t\t\t\t  \n\t\t\t\t\t\t\t  <a  href=\"https:\/\/blogs.nabu.de\/hessen\/bfd-kurs-naturschutz-3\/\"  >\n\t\t\t\t\t\t\t\t\t  <div class=\"yuzo-img-wrap \" style=\"width: 125px;height:90px;\">\n\t\t\t\t\t\t\t\t\t\t\n\t\t\t\t\t\t\t\t\t\t<div class=\"yuzo-img\" style=\"background:url('https:\/\/blogs.nabu.de\/hessen\/wp-content\/uploads\/sites\/6\/2015\/11\/Marcel-baum-150x150.jpg') 50% 50% no-repeat;width: 125px;height:90px;margin-bottom: 5px;background-size: cover; \"><\/div>\n\t\t\t\t\t\t\t\t\t  <\/div>\n\t\t\t\t\t\t\t\t\t  \n\t\t\t\t\t\t\t\t   <span class=\"yuzo__text--title\" style=\"font-size:13px;\">Alles \u00fcber Wolf und Naturschutz beim dritten BFD-K...<\/span>\n\t\t\t\t\t\t\t  \n\t\t\t\t\t\t\t  \n\t\t\t\t\t\t\t  <\/a>\n\n\t\t\t\t\t\t  <\/div>\n<\/div> <style>\n\t\t\t\t\t\t\t\t.yuzo_related_post img{width:120px !important; height:110px !important;}\n\t\t\t\t\t\t\t\t.yuzo_related_post .relatedthumb{line-height:15px;background: !important;color:!important;}\n\t\t\t\t\t\t\t\t.yuzo_related_post .relatedthumb:hover{background:#fcfcf4 !important; -webkit-transition: background 0.2s linear; -moz-transition: background 0.2s linear; -o-transition: background 0.2s linear; transition: background 0.2s linear;;color:!important;}\n\t\t\t\t\t\t\t\t.yuzo_related_post .relatedthumb a{color:!important;}\n\t\t\t\t\t\t\t\t.yuzo_related_post .relatedthumb a:hover{ color:}!important;}\n\t\t\t\t\t\t\t\t.yuzo_related_post .relatedthumb:hover a{ color:!important;}\n\t\t\t\t\t\t\t\t.yuzo_related_post .yuzo_text {color:!important;}\n\t\t\t\t\t\t\t\t.yuzo_related_post .relatedthumb:hover .yuzo_text {color:!important;}\n\t\t\t\t\t\t\t\t.yuzo_related_post .relatedthumb{  margin: 0px  0px  0px  0px;   padding: 5px  5px  5px  5px;  }\n\t\t\t\t\t\t\t\t\n\t\t\t\t\t\t\t\t<\/style> <script>\n\t\t\t\t\t\t  jQuery(document).ready(function( $ ){\n\t\t\t\t\t\t\t\/\/jQuery('.yuzo_related_post').equalizer({ overflow : 'relatedthumb' });\n\t\t\t\t\t\t\tjQuery('.yuzo_related_post .yuzo_wraps').equalizer({ columns : '> div' });\n\t\t\t\t\t\t   })\n\t\t\t\t\t\t  <\/script> <!-- End Yuzo :) -->","protected":false},"excerpt":{"rendered":"<p>Der Flyer ist endlich fertiggestellt und an die Druckerei gesendet worden. Eine Einladung zu der Aktion an die Presse wurde geschrieben und versand. Die NAJU Hessen konnte mit [&hellip;]<\/p>\n","protected":false},"author":41,"featured_media":459,"comment_status":"open","ping_status":"open","sticky":false,"template":"","format":"standard","meta":{"jetpack_post_was_ever_published":false},"categories":[2],"tags":[],"jetpack_featured_media_url":"https:\/\/blogs.nabu.de\/hessen\/wp-content\/uploads\/sites\/6\/2016\/06\/IMG_0129-klein.jpg","jetpack_shortlink":"https:\/\/wp.me\/p6Q2c7-7m","jetpack-related-posts":[{"id":499,"url":"https:\/\/blogs.nabu.de\/hessen\/letzter-im-bfd-kurs-aktionen-fuer-die-umwelt\/","url_meta":{"origin":456,"position":0},"title":"Letzter Tag im BFD Kurs &#8222;Aktionen f\u00fcr die Umwelt&#8220;","date":"10. Juni 2016","format":false,"excerpt":"Unser letzter Tag startete mit einer kleiner Theorieeinheit zum Thema \"Medienarbeit im Umweltschutz\", was wir anschlie\u00dfend gleich umsetzen konnten. Da es f\u00fcr einige das letzte Seminar war, gab es dann noch eine feierliche Verleihung der Teilnahme Zertifikate. Nach Feedback und Aufr\u00e4umaktionen war noch etwas Zeit um \"Zug fahren\" zu spielen.\u2026","rel":"","context":"In &quot;BFD - Ja, nat\u00fcrlich!&quot;","img":{"alt_text":"","src":"https:\/\/i0.wp.com\/blogs.nabu.de\/hessen\/wp-content\/uploads\/sites\/6\/2016\/06\/IMG_1265.jpg?resize=350%2C200&ssl=1","width":350,"height":200},"classes":[]},{"id":1376,"url":"https:\/\/blogs.nabu.de\/hessen\/der-letzte-tag-3\/","url_meta":{"origin":456,"position":1},"title":"Der Letzte Tag","date":"11. August 2018","format":false,"excerpt":"Der letzte, ja der allerletzte Seminartag bricht an. Trauer und Freude liegt in der Luft, f\u00fcr viele beginnt ein neuer Abschnitt nach dem BFD.","rel":"","context":"In &quot;BFD - Ja, nat\u00fcrlich!&quot;","img":{"alt_text":"","src":"https:\/\/i0.wp.com\/blogs.nabu.de\/hessen\/wp-content\/uploads\/sites\/6\/2018\/08\/IMG_1323.jpg?resize=350%2C200&ssl=1","width":350,"height":200},"classes":[]},{"id":421,"url":"https:\/\/blogs.nabu.de\/hessen\/bfd-ja-natuerlich-jetzt-auch-in-den-sozialen-medien-aktiv\/","url_meta":{"origin":456,"position":2},"title":"BFD &#8211; Ja nat\u00fcrlich! jetzt auch in den sozialen Medien aktiv","date":"3. Juni 2016","format":false,"excerpt":"N\u00e4chste Woche startet der neue BFD-Kurs \"Aktionen f\u00fcr die Umwelt\" in der Jugendherberge Wetzlar. Passend dazu findet ihr uns nun auch in den sozialen Medien.","rel":"","context":"In &quot;BFD - Ja, nat\u00fcrlich!&quot;","img":{"alt_text":"","src":"","width":0,"height":0},"classes":[]},{"id":1348,"url":"https:\/\/blogs.nabu.de\/hessen\/aktionstag\/","url_meta":{"origin":456,"position":3},"title":"&#8222;Aktions&#8220;tag","date":"14. Juli 2018","format":false,"excerpt":"Nach einem reichhaltigen Fr\u00fchst\u00fcck, welches wie sonst auch immer von unserer K\u00fcchenfee Anna zubereitet wurde, setzten wir uns zusammen ...","rel":"","context":"In &quot;Allgemein&quot;","img":{"alt_text":"","src":"https:\/\/i0.wp.com\/blogs.nabu.de\/hessen\/wp-content\/uploads\/sites\/6\/2018\/07\/IMG_1640.jpg?resize=350%2C200&ssl=1","width":350,"height":200},"classes":[]},{"id":998,"url":"https:\/\/blogs.nabu.de\/hessen\/der-letzte-tag\/","url_meta":{"origin":456,"position":4},"title":"Der letzte Tag","date":"22. Mai 2017","format":false,"excerpt":"Eine Ereignisreiche Woche geht zu Ende, so schnell verging die Zeit.","rel":"","context":"In &quot;BFD - Ja, nat\u00fcrlich!&quot;","img":{"alt_text":"","src":"https:\/\/i0.wp.com\/blogs.nabu.de\/hessen\/wp-content\/uploads\/sites\/6\/2017\/05\/IMG_0422.jpg?resize=350%2C200&ssl=1","width":350,"height":200},"classes":[]},{"id":487,"url":"https:\/\/blogs.nabu.de\/hessen\/unser-aktionstag-in-der-giessener-innenstadt\/","url_meta":{"origin":456,"position":5},"title":"Rotk\u00e4ppchen, Wolf und B\u00e4r in der Gie\u00dfener Innenstadt","date":"10. Juni 2016","format":false,"excerpt":"Aufkl\u00e4rung, das war das Stichwort des heutigen Tages. Mit einem Infostand mitten in der Fu\u00dfg\u00e4ngerzone von Gie\u00dfen informierten wir Passanten \u00fcber die R\u00fcckkehr von Wolf und B\u00e4r in die deutschen W\u00e4lder. Mit Wolfs- und B\u00e4renspuren lockten wir Fu\u00dfg\u00e4nger zu uns. Unsere selbst produziereten Flyer und weiteres Infomaterial erkl\u00e4rten der Bev\u00f6lkerung\u2026","rel":"","context":"In &quot;BFD - Ja, nat\u00fcrlich!&quot;","img":{"alt_text":"","src":"https:\/\/i0.wp.com\/blogs.nabu.de\/hessen\/wp-content\/uploads\/sites\/6\/2016\/06\/IMG_0704.jpg?resize=350%2C200&ssl=1","width":350,"height":200},"classes":[]}],"_links":{"self":[{"href":"https:\/\/blogs.nabu.de\/hessen\/wp-json\/wp\/v2\/posts\/456"}],"collection":[{"href":"https:\/\/blogs.nabu.de\/hessen\/wp-json\/wp\/v2\/posts"}],"about":[{"href":"https:\/\/blogs.nabu.de\/hessen\/wp-json\/wp\/v2\/types\/post"}],"author":[{"embeddable":true,"href":"https:\/\/blogs.nabu.de\/hessen\/wp-json\/wp\/v2\/users\/41"}],"replies":[{"embeddable":true,"href":"https:\/\/blogs.nabu.de\/hessen\/wp-json\/wp\/v2\/comments?post=456"}],"version-history":[{"count":4,"href":"https:\/\/blogs.nabu.de\/hessen\/wp-json\/wp\/v2\/posts\/456\/revisions"}],"predecessor-version":[{"id":478,"href":"https:\/\/blogs.nabu.de\/hessen\/wp-json\/wp\/v2\/posts\/456\/revisions\/478"}],"wp:featuredmedia":[{"embeddable":true,"href":"https:\/\/blogs.nabu.de\/hessen\/wp-json\/wp\/v2\/media\/459"}],"wp:attachment":[{"href":"https:\/\/blogs.nabu.de\/hessen\/wp-json\/wp\/v2\/media?parent=456"}],"wp:term":[{"taxonomy":"category","embeddable":true,"href":"https:\/\/blogs.nabu.de\/hessen\/wp-json\/wp\/v2\/categories?post=456"},{"taxonomy":"post_tag","embeddable":true,"href":"https:\/\/blogs.nabu.de\/hessen\/wp-json\/wp\/v2\/tags?post=456"}],"curies":[{"name":"wp","href":"https:\/\/api.w.org\/{rel}","templated":true}]}}