{"id":1201,"date":"2017-11-13T11:08:59","date_gmt":"2017-11-13T10:08:59","guid":{"rendered":"http:\/\/blogs.nabu.de\/hessen\/?p=1201"},"modified":"2017-11-13T11:08:59","modified_gmt":"2017-11-13T10:08:59","slug":"letzer-tag","status":"publish","type":"post","link":"https:\/\/blogs.nabu.de\/hessen\/letzer-tag\/","title":{"rendered":"Letzer Tag"},"content":{"rendered":"<p>Der letzte Tag: wie immer beginnt alles damit, dass die Zimmer ger\u00e4umt und gefegt werden m\u00fcssen. Nachdem alle diese Aufgabe gemeistert hatten, trafen wir uns wieder, um die Eintr\u00e4ge f\u00fcr den Blog und Facebook zu verfassen bzw. Fotos rauszusuchen. Wie immer machte das den meisten Spa\u00df!<\/p>\n<div id=\"attachment_1204\" style=\"width: 810px\" class=\"wp-caption alignnone\"><a href=\"http:\/\/blogs.nabu.de\/hessen\/wp-content\/uploads\/sites\/6\/2017\/11\/IMG_0745.jpg\"><img aria-describedby=\"caption-attachment-1204\" data-attachment-id=\"1204\" data-permalink=\"https:\/\/blogs.nabu.de\/hessen\/letzer-tag\/img_0745\/\" data-orig-file=\"https:\/\/blogs.nabu.de\/hessen\/wp-content\/uploads\/sites\/6\/2017\/11\/IMG_0745.jpg\" data-orig-size=\"800,600\" data-comments-opened=\"1\" data-image-meta=\"{&quot;aperture&quot;:&quot;0&quot;,&quot;credit&quot;:&quot;&quot;,&quot;camera&quot;:&quot;&quot;,&quot;caption&quot;:&quot;&quot;,&quot;created_timestamp&quot;:&quot;0&quot;,&quot;copyright&quot;:&quot;&quot;,&quot;focal_length&quot;:&quot;0&quot;,&quot;iso&quot;:&quot;0&quot;,&quot;shutter_speed&quot;:&quot;0&quot;,&quot;title&quot;:&quot;&quot;,&quot;orientation&quot;:&quot;0&quot;}\" data-image-title=\"IMG_0745\" data-image-description=\"\" data-image-caption=\"\" data-medium-file=\"https:\/\/blogs.nabu.de\/hessen\/wp-content\/uploads\/sites\/6\/2017\/11\/IMG_0745-300x225.jpg\" data-large-file=\"https:\/\/blogs.nabu.de\/hessen\/wp-content\/uploads\/sites\/6\/2017\/11\/IMG_0745.jpg\" decoding=\"async\" loading=\"lazy\" class=\"wp-image-1204 size-full\" src=\"https:\/\/blogs.nabu.de\/hessen\/wp-content\/uploads\/sites\/6\/2017\/11\/IMG_0745.jpg\" alt=\"\" width=\"800\" height=\"600\" \/><\/a><p id=\"caption-attachment-1204\" class=\"wp-caption-text\">Blogeintr\u00e4ge schreiben &#8211; mit VIEL TEE<\/p><\/div>\n<p>Anschlie\u00dfend gab es noch ein Feedbackrunde und Feedbackb\u00f6gen auszuf\u00fcllen. Danach musste der Raum aufger\u00e4umt werden und schon war es sp\u00e4t genug, dass alle zum Bahnhof gebracht werden mussten, damit der Zug nicht ohne sie abfuhr.<\/p>\n<div id=\"attachment_1203\" style=\"width: 810px\" class=\"wp-caption alignnone\"><a href=\"http:\/\/blogs.nabu.de\/hessen\/wp-content\/uploads\/sites\/6\/2017\/11\/IMG_0757.jpg\"><img aria-describedby=\"caption-attachment-1203\" data-attachment-id=\"1203\" data-permalink=\"https:\/\/blogs.nabu.de\/hessen\/letzer-tag\/img_0757\/\" data-orig-file=\"https:\/\/blogs.nabu.de\/hessen\/wp-content\/uploads\/sites\/6\/2017\/11\/IMG_0757.jpg\" data-orig-size=\"800,600\" data-comments-opened=\"1\" data-image-meta=\"{&quot;aperture&quot;:&quot;0&quot;,&quot;credit&quot;:&quot;&quot;,&quot;camera&quot;:&quot;&quot;,&quot;caption&quot;:&quot;&quot;,&quot;created_timestamp&quot;:&quot;0&quot;,&quot;copyright&quot;:&quot;&quot;,&quot;focal_length&quot;:&quot;0&quot;,&quot;iso&quot;:&quot;0&quot;,&quot;shutter_speed&quot;:&quot;0&quot;,&quot;title&quot;:&quot;&quot;,&quot;orientation&quot;:&quot;0&quot;}\" data-image-title=\"IMG_0757\" data-image-description=\"\" data-image-caption=\"\" data-medium-file=\"https:\/\/blogs.nabu.de\/hessen\/wp-content\/uploads\/sites\/6\/2017\/11\/IMG_0757-300x225.jpg\" data-large-file=\"https:\/\/blogs.nabu.de\/hessen\/wp-content\/uploads\/sites\/6\/2017\/11\/IMG_0757.jpg\" decoding=\"async\" loading=\"lazy\" class=\"wp-image-1203 size-full\" src=\"https:\/\/blogs.nabu.de\/hessen\/wp-content\/uploads\/sites\/6\/2017\/11\/IMG_0757.jpg\" alt=\"\" width=\"800\" height=\"600\" \/><\/a><p id=\"caption-attachment-1203\" class=\"wp-caption-text\">Feedback<\/p><\/div>\n<!-- Begin Yuzo --><div class='yuzo_related_post style-1'  data-version='5.12.74'><!-- without result --><div class='yuzo_clearfixed yuzo__title yuzo__title'><h3>Related Post<\/h3><\/div>\n\t\t\t\t\t\t  <div class=\"relatedthumb \" style=\"width:125px;float:left;overflow:hidden;\">  \n\t\t\t\t\t\t\t  \n\t\t\t\t\t\t\t  <a  href=\"https:\/\/blogs.nabu.de\/hessen\/buen-dia-ankunft-spanien\/\"  >\n\t\t\t\t\t\t\t\t\t  <div class=\"yuzo-img-wrap \" style=\"width: 125px;height:90px;\">\n\t\t\t\t\t\t\t\t\t\t\n\t\t\t\t\t\t\t\t\t\t<div class=\"yuzo-img\" style=\"background:url('https:\/\/blogs.nabu.de\/hessen\/wp-content\/uploads\/sites\/6\/2025\/10\/Zug_2809-1102025-Schwarzstorch-Su\u0308dfrankreich_Pyrena\u0308en_Nordspanien-1-150x150.jpg') 50% 50% no-repeat;width: 125px;height:90px;margin-bottom: 5px;background-size: cover; \"><\/div>\n\t\t\t\t\t\t\t\t\t  <\/div>\n\t\t\t\t\t\t\t\t\t  \n\t\t\t\t\t\t\t\t   <span class=\"yuzo__text--title\" style=\"font-size:13px;\">Buen d\u00eda \u2013 Unser Vogel erreicht Spanien<\/span>\n\t\t\t\t\t\t\t  \n\t\t\t\t\t\t\t  \n\t\t\t\t\t\t\t  <\/a>\n\n\t\t\t\t\t\t  <\/div>\n\t\t\t\t\t\t  <div class=\"relatedthumb \" style=\"width:125px;float:left;overflow:hidden;\">  \n\t\t\t\t\t\t\t  \n\t\t\t\t\t\t\t  <a  href=\"https:\/\/blogs.nabu.de\/hessen\/erster-tag-im-seminar-naturerleben-in-der-gruppe\/\"  >\n\t\t\t\t\t\t\t\t\t  <div class=\"yuzo-img-wrap \" style=\"width: 125px;height:90px;\">\n\t\t\t\t\t\t\t\t\t\t\n\t\t\t\t\t\t\t\t\t\t<div class=\"yuzo-img\" style=\"background:url('https:\/\/blogs.nabu.de\/hessen\/wp-content\/uploads\/sites\/6\/2018\/05\/IMG_1401-150x150.jpg') 50% 50% no-repeat;width: 125px;height:90px;margin-bottom: 5px;background-size: cover; \"><\/div>\n\t\t\t\t\t\t\t\t\t  <\/div>\n\t\t\t\t\t\t\t\t\t  \n\t\t\t\t\t\t\t\t   <span class=\"yuzo__text--title\" style=\"font-size:13px;\">Erster Tag im Seminar \u201eNaturerleben in der G...<\/span>\n\t\t\t\t\t\t\t  \n\t\t\t\t\t\t\t  \n\t\t\t\t\t\t\t  <\/a>\n\n\t\t\t\t\t\t  <\/div>\n\t\t\t\t\t\t  <div class=\"relatedthumb \" style=\"width:125px;float:left;overflow:hidden;\">  \n\t\t\t\t\t\t\t  \n\t\t\t\t\t\t\t  <a  href=\"https:\/\/blogs.nabu.de\/hessen\/glueckliches-fleisch\/\"  >\n\t\t\t\t\t\t\t\t\t  <div class=\"yuzo-img-wrap \" style=\"width: 125px;height:90px;\">\n\t\t\t\t\t\t\t\t\t\t\n\t\t\t\t\t\t\t\t\t\t<div class=\"yuzo-img\" style=\"background:url('https:\/\/blogs.nabu.de\/hessen\/wp-content\/uploads\/sites\/6\/2017\/05\/maststall-150x150.jpg') 50% 50% no-repeat;width: 125px;height:90px;margin-bottom: 5px;background-size: cover; \"><\/div>\n\t\t\t\t\t\t\t\t\t  <\/div>\n\t\t\t\t\t\t\t\t\t  \n\t\t\t\t\t\t\t\t   <span class=\"yuzo__text--title\" style=\"font-size:13px;\">Lust auf gl\u00fcckliches Fleisch?<\/span>\n\t\t\t\t\t\t\t  \n\t\t\t\t\t\t\t  \n\t\t\t\t\t\t\t  <\/a>\n\n\t\t\t\t\t\t  <\/div>\n\t\t\t\t\t\t  <div class=\"relatedthumb \" style=\"width:125px;float:left;overflow:hidden;\">  \n\t\t\t\t\t\t\t  \n\t\t\t\t\t\t\t  <a  href=\"https:\/\/blogs.nabu.de\/hessen\/milan-maennchen-max-hat-suedfrankfreich-erreicht\/\"  >\n\t\t\t\t\t\t\t\t\t  <div class=\"yuzo-img-wrap \" style=\"width: 125px;height:90px;\">\n\t\t\t\t\t\t\t\t\t\t\n\t\t\t\t\t\t\t\t\t\t<div class=\"yuzo-img\" style=\"background:url('https:\/\/blogs.nabu.de\/hessen\/wp-content\/uploads\/sites\/6\/2017\/09\/Rotmilan_Beute_M_Sommerhage-150x150.jpg') 50% 50% no-repeat;width: 125px;height:90px;margin-bottom: 5px;background-size: cover; \"><\/div>\n\t\t\t\t\t\t\t\t\t  <\/div>\n\t\t\t\t\t\t\t\t\t  \n\t\t\t\t\t\t\t\t   <span class=\"yuzo__text--title\" style=\"font-size:13px;\">Milan-M\u00e4nnchen Max hat S\u00fcdfrankfreich erreicht<\/span>\n\t\t\t\t\t\t\t  \n\t\t\t\t\t\t\t  \n\t\t\t\t\t\t\t  <\/a>\n\n\t\t\t\t\t\t  <\/div>\n<\/div> <style>\n\t\t\t\t\t\t\t\t.yuzo_related_post img{width:120px !important; height:110px !important;}\n\t\t\t\t\t\t\t\t.yuzo_related_post .relatedthumb{line-height:15px;background: !important;color:!important;}\n\t\t\t\t\t\t\t\t.yuzo_related_post .relatedthumb:hover{background:#fcfcf4 !important; -webkit-transition: background 0.2s linear; -moz-transition: background 0.2s linear; -o-transition: background 0.2s linear; transition: background 0.2s linear;;color:!important;}\n\t\t\t\t\t\t\t\t.yuzo_related_post .relatedthumb a{color:!important;}\n\t\t\t\t\t\t\t\t.yuzo_related_post .relatedthumb a:hover{ color:}!important;}\n\t\t\t\t\t\t\t\t.yuzo_related_post .relatedthumb:hover a{ color:!important;}\n\t\t\t\t\t\t\t\t.yuzo_related_post .yuzo_text {color:!important;}\n\t\t\t\t\t\t\t\t.yuzo_related_post .relatedthumb:hover .yuzo_text {color:!important;}\n\t\t\t\t\t\t\t\t.yuzo_related_post .relatedthumb{  margin: 0px  0px  0px  0px;   padding: 5px  5px  5px  5px;  }\n\t\t\t\t\t\t\t\t\n\t\t\t\t\t\t\t\t<\/style> <script>\n\t\t\t\t\t\t  jQuery(document).ready(function( $ ){\n\t\t\t\t\t\t\t\/\/jQuery('.yuzo_related_post').equalizer({ overflow : 'relatedthumb' });\n\t\t\t\t\t\t\tjQuery('.yuzo_related_post .yuzo_wraps').equalizer({ columns : '> div' });\n\t\t\t\t\t\t   })\n\t\t\t\t\t\t  <\/script> <!-- End Yuzo :) -->","protected":false},"excerpt":{"rendered":"<p>Der letzte Tag: wie immer beginnt alles damit, dass die Zimmer ger\u00e4umt und gefegt werden m\u00fcssen. Nachdem alle diese Aufgabe gemeistert hatten, trafen wir uns wieder&#8230;<\/p>\n","protected":false},"author":40,"featured_media":1204,"comment_status":"open","ping_status":"open","sticky":false,"template":"","format":"standard","meta":{"jetpack_post_was_ever_published":false},"categories":[2],"tags":[6,23],"jetpack_featured_media_url":"https:\/\/blogs.nabu.de\/hessen\/wp-content\/uploads\/sites\/6\/2017\/11\/IMG_0745.jpg","jetpack_shortlink":"https:\/\/wp.me\/p6Q2c7-jn","jetpack-related-posts":[{"id":1540,"url":"https:\/\/blogs.nabu.de\/hessen\/der-letzte-ja-wirklich-der-letzte-tag-auf-burg-hessenstein\/","url_meta":{"origin":1201,"position":0},"title":"Der letzte, ja wirklich der letzte Tag auf Burg Hessenstein","date":"20. Mai 2019","format":false,"excerpt":"Freitag war es dann soweit, ein aller, ja wirklich allerletztes Mal gab es Fr\u00fchst\u00fcck in der Burgsch\u00e4nke. Wir werden die reichliche Auswahl beim morgendlichen Fr\u00fchst\u00fccksbuffet vermissen.","rel":"","context":"In &quot;BFD - Ja, nat\u00fcrlich!&quot;","img":{"alt_text":"","src":"https:\/\/i0.wp.com\/blogs.nabu.de\/hessen\/wp-content\/uploads\/sites\/6\/2019\/05\/IMG_1555.jpg?resize=350%2C200&ssl=1","width":350,"height":200},"classes":[]},{"id":1376,"url":"https:\/\/blogs.nabu.de\/hessen\/der-letzte-tag-3\/","url_meta":{"origin":1201,"position":1},"title":"Der Letzte Tag","date":"11. August 2018","format":false,"excerpt":"Der letzte, ja der allerletzte Seminartag bricht an. Trauer und Freude liegt in der Luft, f\u00fcr viele beginnt ein neuer Abschnitt nach dem BFD.","rel":"","context":"In &quot;BFD - Ja, nat\u00fcrlich!&quot;","img":{"alt_text":"","src":"https:\/\/i0.wp.com\/blogs.nabu.de\/hessen\/wp-content\/uploads\/sites\/6\/2018\/08\/IMG_1323.jpg?resize=350%2C200&ssl=1","width":350,"height":200},"classes":[]},{"id":741,"url":"https:\/\/blogs.nabu.de\/hessen\/last-but-not-least-der-freitag\/","url_meta":{"origin":1201,"position":2},"title":"Last but not least &#8211; der Freitag","date":"10. November 2016","format":false,"excerpt":"Der letzte Tag vergeht wie im Flug...","rel":"","context":"In &quot;BFD - Ja, nat\u00fcrlich!&quot;","img":{"alt_text":"","src":"","width":0,"height":0},"classes":[]},{"id":998,"url":"https:\/\/blogs.nabu.de\/hessen\/der-letzte-tag\/","url_meta":{"origin":1201,"position":3},"title":"Der letzte Tag","date":"22. Mai 2017","format":false,"excerpt":"Eine Ereignisreiche Woche geht zu Ende, so schnell verging die Zeit.","rel":"","context":"In &quot;BFD - Ja, nat\u00fcrlich!&quot;","img":{"alt_text":"","src":"https:\/\/i0.wp.com\/blogs.nabu.de\/hessen\/wp-content\/uploads\/sites\/6\/2017\/05\/IMG_0422.jpg?resize=350%2C200&ssl=1","width":350,"height":200},"classes":[]},{"id":748,"url":"https:\/\/blogs.nabu.de\/hessen\/wiedersehen-auf-dem-biobauernhof\/","url_meta":{"origin":1201,"position":4},"title":"Wiedersehen auf dem Biobauernhof","date":"30. November 2016","format":false,"excerpt":"Nach nicht mal vier Wochen trafen sich die BFD'ler zu ihrem zweiten Seminar auf dem idyllisch gelegenen Biobauernhof in Nidda\/Wallernhausen...","rel":"","context":"In &quot;BFD - Ja, nat\u00fcrlich!&quot;","img":{"alt_text":"","src":"https:\/\/i0.wp.com\/blogs.nabu.de\/hessen\/wp-content\/uploads\/sites\/6\/2016\/11\/IMG_0653.jpg?resize=350%2C200&ssl=1","width":350,"height":200},"classes":[]},{"id":1334,"url":"https:\/\/blogs.nabu.de\/hessen\/der-letzte-tag-2\/","url_meta":{"origin":1201,"position":5},"title":"Der letzte Tag","date":"2. Juni 2018","format":false,"excerpt":"Es war mal wieder soweit, der letzte Tag im Seminar ist angebrochen und startet damit die Zimmer zu r\u00e4umen und besenrein zu hinterlassen...","rel":"","context":"In &quot;BFD - Ja, nat\u00fcrlich!&quot;","img":{"alt_text":"","src":"https:\/\/i0.wp.com\/blogs.nabu.de\/hessen\/wp-content\/uploads\/sites\/6\/2018\/06\/IMG_3529.jpg?resize=350%2C200&ssl=1","width":350,"height":200},"classes":[]}],"_links":{"self":[{"href":"https:\/\/blogs.nabu.de\/hessen\/wp-json\/wp\/v2\/posts\/1201"}],"collection":[{"href":"https:\/\/blogs.nabu.de\/hessen\/wp-json\/wp\/v2\/posts"}],"about":[{"href":"https:\/\/blogs.nabu.de\/hessen\/wp-json\/wp\/v2\/types\/post"}],"author":[{"embeddable":true,"href":"https:\/\/blogs.nabu.de\/hessen\/wp-json\/wp\/v2\/users\/40"}],"replies":[{"embeddable":true,"href":"https:\/\/blogs.nabu.de\/hessen\/wp-json\/wp\/v2\/comments?post=1201"}],"version-history":[{"count":1,"href":"https:\/\/blogs.nabu.de\/hessen\/wp-json\/wp\/v2\/posts\/1201\/revisions"}],"predecessor-version":[{"id":1205,"href":"https:\/\/blogs.nabu.de\/hessen\/wp-json\/wp\/v2\/posts\/1201\/revisions\/1205"}],"wp:featuredmedia":[{"embeddable":true,"href":"https:\/\/blogs.nabu.de\/hessen\/wp-json\/wp\/v2\/media\/1204"}],"wp:attachment":[{"href":"https:\/\/blogs.nabu.de\/hessen\/wp-json\/wp\/v2\/media?parent=1201"}],"wp:term":[{"taxonomy":"category","embeddable":true,"href":"https:\/\/blogs.nabu.de\/hessen\/wp-json\/wp\/v2\/categories?post=1201"},{"taxonomy":"post_tag","embeddable":true,"href":"https:\/\/blogs.nabu.de\/hessen\/wp-json\/wp\/v2\/tags?post=1201"}],"curies":[{"name":"wp","href":"https:\/\/api.w.org\/{rel}","templated":true}]}}