{"id":1110,"date":"2017-10-16T13:50:30","date_gmt":"2017-10-16T11:50:30","guid":{"rendered":"http:\/\/blogs.nabu.de\/hessen\/?p=1110"},"modified":"2017-10-18T14:42:36","modified_gmt":"2017-10-18T12:42:36","slug":"noahs-raumnutzung-extremadura-oktober-2017","status":"publish","type":"post","link":"https:\/\/blogs.nabu.de\/hessen\/noahs-raumnutzung-extremadura-oktober-2017\/","title":{"rendered":"Schlafen in Spanien, jagen in Portugal"},"content":{"rendered":"<p>Beim Blick auf die aktuellen Daten zur Raumutzung Noahs in der spanischen Extremadura fiel heute fr\u00fch auf, dass es wie auch im vergangenen Jahr Wechselwirkungen zwischen Spanien und Portugal gibt. Das Milan-M\u00e4nnchen \u00fcbernachtet in aller Regel auf spanischer Seite nordwestlich Olivenza in der Provinz Badajoz, w\u00e4hrend es zur Nahrungsaufnahme regelm\u00e4\u00dfig in Portugal anzutreffen ist. Und nicht nur das: Der Vergleich der aktuellen Daten mit den Daten aus dem Oktober 2016 zeigt vielmehr, dass Noah dasselbe Revier in \u00e4hnlicher Ausdehnung wie auch im vergangenen Herbst nutzt. \u00dcber 1.800 Kilometer vom Brutplatz im Vogelsberg entfernt, zeigt Noah somit eine hohe Treue gegen\u00fcber des Winterreviers bzw. \u00dcberwinterungsgebietes. Ob es dabei bleiben wird?<\/p>\n<div id=\"attachment_1111\" style=\"width: 810px\" class=\"wp-caption alignleft\"><a href=\"http:\/\/blogs.nabu.de\/hessen\/wp-content\/uploads\/sites\/6\/2017\/10\/Noah_Extremadura_Oktober_2017.jpg\"><img aria-describedby=\"caption-attachment-1111\" data-attachment-id=\"1111\" data-permalink=\"https:\/\/blogs.nabu.de\/hessen\/noahs-raumnutzung-extremadura-oktober-2017\/noah_extremadura_oktober_2017\/\" data-orig-file=\"https:\/\/blogs.nabu.de\/hessen\/wp-content\/uploads\/sites\/6\/2017\/10\/Noah_Extremadura_Oktober_2017.jpg\" data-orig-size=\"800,365\" data-comments-opened=\"1\" data-image-meta=\"{&quot;aperture&quot;:&quot;0&quot;,&quot;credit&quot;:&quot;&quot;,&quot;camera&quot;:&quot;&quot;,&quot;caption&quot;:&quot;&quot;,&quot;created_timestamp&quot;:&quot;0&quot;,&quot;copyright&quot;:&quot;&quot;,&quot;focal_length&quot;:&quot;0&quot;,&quot;iso&quot;:&quot;0&quot;,&quot;shutter_speed&quot;:&quot;0&quot;,&quot;title&quot;:&quot;&quot;,&quot;orientation&quot;:&quot;0&quot;}\" data-image-title=\"Noah_Extremadura_Oktober_2017\" data-image-description=\"\" data-image-caption=\"\" data-medium-file=\"https:\/\/blogs.nabu.de\/hessen\/wp-content\/uploads\/sites\/6\/2017\/10\/Noah_Extremadura_Oktober_2017-300x137.jpg\" data-large-file=\"https:\/\/blogs.nabu.de\/hessen\/wp-content\/uploads\/sites\/6\/2017\/10\/Noah_Extremadura_Oktober_2017.jpg\" decoding=\"async\" loading=\"lazy\" class=\"wp-image-1111 size-full\" src=\"https:\/\/blogs.nabu.de\/hessen\/wp-content\/uploads\/sites\/6\/2017\/10\/Noah_Extremadura_Oktober_2017.jpg\" alt=\"\" width=\"800\" height=\"365\" \/><\/a><p id=\"caption-attachment-1111\" class=\"wp-caption-text\">Noahs Winterrevier in der Extremadura. Auf der Karte werden die \u00fcbertragenen Daten der vergangenen Woche mit den denen aus dem Oktober 2016 verglichen. Gut zu erkennen ist die spanisch-portugiesische Grenze (lila).<\/p><\/div>\n<p>Die Extremadura gilt als eine der sch\u00f6nsten Regionen in ganz Europa &#8211; und ist bei Kulturinteressierten wie vor allem auch Vogelfreunden ein beliebtes Reiseziel. Angrenzend an Portugal, weist sie eine faszinierende Landschaft mit einer sehr beeindruckenden Tier- und Pflanzenwelt auf. Weithin bekannt ist die Region f\u00fcr die Stein- und Korkeichenhaine, die Dehesas genannt werden. Neben Kranichen, Wei\u00df- und Schwarzst\u00f6rchen \u00fcberwintern an dieser Stelle S\u00fcdwestspaniens auch sehr viele Rotmilane &#8211; in direkter Nachbarschaft zu weiteren Greifvogelarten wie u. a. Geiern.<\/p>\n<div id=\"attachment_834\" style=\"width: 810px\" class=\"wp-caption alignnone\"><a href=\"http:\/\/blogs.nabu.de\/hessen\/wp-content\/uploads\/sites\/6\/2017\/01\/olivenhain_03.jpg\"><img aria-describedby=\"caption-attachment-834\" data-attachment-id=\"834\" data-permalink=\"https:\/\/blogs.nabu.de\/hessen\/noah-extremadura-winter_2016_2017\/olivenhain_03\/\" data-orig-file=\"https:\/\/blogs.nabu.de\/hessen\/wp-content\/uploads\/sites\/6\/2017\/01\/olivenhain_03.jpg\" data-orig-size=\"800,533\" data-comments-opened=\"1\" data-image-meta=\"{&quot;aperture&quot;:&quot;0&quot;,&quot;credit&quot;:&quot;&quot;,&quot;camera&quot;:&quot;&quot;,&quot;caption&quot;:&quot;&quot;,&quot;created_timestamp&quot;:&quot;0&quot;,&quot;copyright&quot;:&quot;&quot;,&quot;focal_length&quot;:&quot;0&quot;,&quot;iso&quot;:&quot;0&quot;,&quot;shutter_speed&quot;:&quot;0&quot;,&quot;title&quot;:&quot;&quot;,&quot;orientation&quot;:&quot;0&quot;}\" data-image-title=\"olivenhain_03\" data-image-description=\"\" data-image-caption=\"\" data-medium-file=\"https:\/\/blogs.nabu.de\/hessen\/wp-content\/uploads\/sites\/6\/2017\/01\/olivenhain_03-300x200.jpg\" data-large-file=\"https:\/\/blogs.nabu.de\/hessen\/wp-content\/uploads\/sites\/6\/2017\/01\/olivenhain_03.jpg\" decoding=\"async\" loading=\"lazy\" class=\"wp-image-834 size-full\" src=\"https:\/\/blogs.nabu.de\/hessen\/wp-content\/uploads\/sites\/6\/2017\/01\/olivenhain_03.jpg\" alt=\"\" width=\"800\" height=\"533\" \/><\/a><p id=\"caption-attachment-834\" class=\"wp-caption-text\">Noahs Winterrevier in der Extremadura. In diesen B\u00e4umen \u00fcbernachtete der Rotmilan schon im vergangenen Herbst.<\/p><\/div>\n<!-- Begin Yuzo --><div class='yuzo_related_post style-1'  data-version='5.12.74'><!-- without result --><div class='yuzo_clearfixed yuzo__title yuzo__title'><h3>Related Post<\/h3><\/div>\n\t\t\t\t\t\t  <div class=\"relatedthumb \" style=\"width:125px;float:left;overflow:hidden;\">  \n\t\t\t\t\t\t\t  \n\t\t\t\t\t\t\t  <a  href=\"https:\/\/blogs.nabu.de\/hessen\/der-letzte-ja-wirklich-der-letzte-tag-auf-burg-hessenstein\/\"  >\n\t\t\t\t\t\t\t\t\t  <div class=\"yuzo-img-wrap \" style=\"width: 125px;height:90px;\">\n\t\t\t\t\t\t\t\t\t\t\n\t\t\t\t\t\t\t\t\t\t<div class=\"yuzo-img\" style=\"background:url('https:\/\/blogs.nabu.de\/hessen\/wp-content\/uploads\/sites\/6\/2019\/05\/IMG_1555-150x150.jpg') 50% 50% no-repeat;width: 125px;height:90px;margin-bottom: 5px;background-size: cover; \"><\/div>\n\t\t\t\t\t\t\t\t\t  <\/div>\n\t\t\t\t\t\t\t\t\t  \n\t\t\t\t\t\t\t\t   <span class=\"yuzo__text--title\" style=\"font-size:13px;\">Der letzte, ja wirklich der letzte Tag auf Burg He...<\/span>\n\t\t\t\t\t\t\t  \n\t\t\t\t\t\t\t  \n\t\t\t\t\t\t\t  <\/a>\n\n\t\t\t\t\t\t  <\/div>\n\t\t\t\t\t\t  <div class=\"relatedthumb \" style=\"width:125px;float:left;overflow:hidden;\">  \n\t\t\t\t\t\t\t  \n\t\t\t\t\t\t\t  <a  href=\"https:\/\/blogs.nabu.de\/hessen\/dienstag-ist-draussen-tag\/\"  >\n\t\t\t\t\t\t\t\t\t  <div class=\"yuzo-img-wrap \" style=\"width: 125px;height:90px;\">\n\t\t\t\t\t\t\t\t\t\t\n\t\t\t\t\t\t\t\t\t\t<div class=\"yuzo-img\" style=\"background:url('https:\/\/blogs.nabu.de\/hessen\/wp-content\/uploads\/sites\/6\/2018\/11\/IMG_1364-150x150.jpg') 50% 50% no-repeat;width: 125px;height:90px;margin-bottom: 5px;background-size: cover; \"><\/div>\n\t\t\t\t\t\t\t\t\t  <\/div>\n\t\t\t\t\t\t\t\t\t  \n\t\t\t\t\t\t\t\t   <span class=\"yuzo__text--title\" style=\"font-size:13px;\">Dienstag ist Drau\u00dfen-Tag<\/span>\n\t\t\t\t\t\t\t  \n\t\t\t\t\t\t\t  \n\t\t\t\t\t\t\t  <\/a>\n\n\t\t\t\t\t\t  <\/div>\n\t\t\t\t\t\t  <div class=\"relatedthumb \" style=\"width:125px;float:left;overflow:hidden;\">  \n\t\t\t\t\t\t\t  \n\t\t\t\t\t\t\t  <a  href=\"https:\/\/blogs.nabu.de\/hessen\/noah-max-spanien-oktober-2017\/\"  >\n\t\t\t\t\t\t\t\t\t  <div class=\"yuzo-img-wrap \" style=\"width: 125px;height:90px;\">\n\t\t\t\t\t\t\t\t\t\t\n\t\t\t\t\t\t\t\t\t\t<div class=\"yuzo-img\" style=\"background:url('https:\/\/blogs.nabu.de\/hessen\/wp-content\/uploads\/sites\/6\/2017\/01\/milan_rot_trupp_baum_02-150x150.jpg') 50% 50% no-repeat;width: 125px;height:90px;margin-bottom: 5px;background-size: cover; \"><\/div>\n\t\t\t\t\t\t\t\t\t  <\/div>\n\t\t\t\t\t\t\t\t\t  \n\t\t\t\t\t\t\t\t   <span class=\"yuzo__text--title\" style=\"font-size:13px;\">Noah und Max sind in Spanien angekommen<\/span>\n\t\t\t\t\t\t\t  \n\t\t\t\t\t\t\t  \n\t\t\t\t\t\t\t  <\/a>\n\n\t\t\t\t\t\t  <\/div>\n\t\t\t\t\t\t  <div class=\"relatedthumb \" style=\"width:125px;float:left;overflow:hidden;\">  \n\t\t\t\t\t\t\t  \n\t\t\t\t\t\t\t  <a  href=\"https:\/\/blogs.nabu.de\/hessen\/bfd-statusbericht-tag-2\/\"  >\n\t\t\t\t\t\t\t\t\t  <div class=\"yuzo-img-wrap \" style=\"width: 125px;height:90px;\">\n\t\t\t\t\t\t\t\t\t\t\n\t\t\t\t\t\t\t\t\t\t<div class=\"yuzo-img\" style=\"background:url('https:\/\/blogs.nabu.de\/hessen\/wp-content\/uploads\/sites\/6\/2016\/06\/IMG_0129-klein-150x150.jpg') 50% 50% no-repeat;width: 125px;height:90px;margin-bottom: 5px;background-size: cover; \"><\/div>\n\t\t\t\t\t\t\t\t\t  <\/div>\n\t\t\t\t\t\t\t\t\t  \n\t\t\t\t\t\t\t\t   <span class=\"yuzo__text--title\" style=\"font-size:13px;\">BFD Statusbericht Tag 2<\/span>\n\t\t\t\t\t\t\t  \n\t\t\t\t\t\t\t  \n\t\t\t\t\t\t\t  <\/a>\n\n\t\t\t\t\t\t  <\/div>\n<\/div> <style>\n\t\t\t\t\t\t\t\t.yuzo_related_post img{width:120px !important; height:110px !important;}\n\t\t\t\t\t\t\t\t.yuzo_related_post .relatedthumb{line-height:15px;background: !important;color:!important;}\n\t\t\t\t\t\t\t\t.yuzo_related_post .relatedthumb:hover{background:#fcfcf4 !important; -webkit-transition: background 0.2s linear; -moz-transition: background 0.2s linear; -o-transition: background 0.2s linear; transition: background 0.2s linear;;color:!important;}\n\t\t\t\t\t\t\t\t.yuzo_related_post .relatedthumb a{color:!important;}\n\t\t\t\t\t\t\t\t.yuzo_related_post .relatedthumb a:hover{ color:}!important;}\n\t\t\t\t\t\t\t\t.yuzo_related_post .relatedthumb:hover a{ color:!important;}\n\t\t\t\t\t\t\t\t.yuzo_related_post .yuzo_text {color:!important;}\n\t\t\t\t\t\t\t\t.yuzo_related_post .relatedthumb:hover .yuzo_text {color:!important;}\n\t\t\t\t\t\t\t\t.yuzo_related_post .relatedthumb{  margin: 0px  0px  0px  0px;   padding: 5px  5px  5px  5px;  }\n\t\t\t\t\t\t\t\t\n\t\t\t\t\t\t\t\t<\/style> <script>\n\t\t\t\t\t\t  jQuery(document).ready(function( $ ){\n\t\t\t\t\t\t\t\/\/jQuery('.yuzo_related_post').equalizer({ overflow : 'relatedthumb' });\n\t\t\t\t\t\t\tjQuery('.yuzo_related_post .yuzo_wraps').equalizer({ columns : '> div' });\n\t\t\t\t\t\t   })\n\t\t\t\t\t\t  <\/script> <!-- End Yuzo :) -->","protected":false},"excerpt":{"rendered":"<p>In der Extremadura kann man es gut aushalten: Rotmilan-M\u00e4nnchen Noah h\u00e4lt sich aktuell in dem selben Winterrevier wie auch im Herbst 2016 auf. <\/p>\n","protected":false},"author":55,"featured_media":1111,"comment_status":"open","ping_status":"open","sticky":false,"template":"","format":"standard","meta":{"jetpack_post_was_ever_published":false},"categories":[49],"tags":[97,109,64,102,53,142,73,52,56,70,57,55,146,58],"jetpack_featured_media_url":"https:\/\/blogs.nabu.de\/hessen\/wp-content\/uploads\/sites\/6\/2017\/10\/Noah_Extremadura_Oktober_2017.jpg","jetpack_shortlink":"https:\/\/wp.me\/p6Q2c7-hU","jetpack-related-posts":[{"id":1409,"url":"https:\/\/blogs.nabu.de\/hessen\/noah-zug-ueberwinterung-verhalten-2016-2017-2018\/","url_meta":{"origin":1110,"position":0},"title":"Noahs Zug- und \u00dcberwinterungsverhalten","date":"30. Oktober 2018","format":false,"excerpt":"Faszinierend: Im dritten Jahr in Folge hat sich das besenderte Rotmilan-M\u00e4nnchen Noah f\u00fcr die Extremadura s\u00fcdlich Badajoz als \u00dcberwinterungsgebiet entscheiden.","rel":"","context":"In &quot;On tour mit Milan&quot;","img":{"alt_text":"","src":"https:\/\/i0.wp.com\/blogs.nabu.de\/hessen\/wp-content\/uploads\/sites\/6\/2018\/10\/Rotmilan_VB_Noah_Ueberwinterung_2016-2018.jpg?resize=350%2C200&ssl=1","width":350,"height":200},"classes":[]},{"id":825,"url":"https:\/\/blogs.nabu.de\/hessen\/noah-extremadura-winter_2016_2017\/","url_meta":{"origin":1110,"position":1},"title":"Noahs Leben in der Extremadura","date":"30. Januar 2017","format":false,"excerpt":"Wie sieht das Leben unserer Milane derzeit aus? Genauer betrachten m\u00f6chten wir uns Noah, der sich in der Extremadura im S\u00fcden Spaniens im Raum Badajoz seit Mitte Oktober 2016 aufh\u00e4lt.","rel":"","context":"In &quot;On tour mit Milan&quot;","img":{"alt_text":"","src":"https:\/\/i0.wp.com\/blogs.nabu.de\/hessen\/wp-content\/uploads\/sites\/6\/2017\/01\/milan_rot_trupp_baum_01.jpg?resize=350%2C200&ssl=1","width":350,"height":200},"classes":[]},{"id":700,"url":"https:\/\/blogs.nabu.de\/hessen\/rotmilane-iberische-halbinsel-oktober2016\/","url_meta":{"origin":1110,"position":2},"title":"Unsere besenderten Rotmilane haben nun allesamt die Iberische Halbinsel erreicht","date":"25. Oktober 2016","format":false,"excerpt":"Alle vier besenderten Vogelsberger Rotmilane haben nun die Iberische Halbinsel erreicht. Neptun und Noah halten sich in Portugal, Tristan bei Madrid und Isolde im Norden Spaniens auf.","rel":"","context":"In &quot;On tour mit Milan&quot;","img":{"alt_text":"","src":"https:\/\/i0.wp.com\/blogs.nabu.de\/hessen\/wp-content\/uploads\/sites\/6\/2016\/10\/Zugwege_Tristan_Isolde_Noah_Neptun_Oktober_2016.jpeg?resize=350%2C200&ssl=1","width":350,"height":200},"classes":[]},{"id":1087,"url":"https:\/\/blogs.nabu.de\/hessen\/noah-ankuft-extremadura-oktober-2017\/","url_meta":{"origin":1110,"position":3},"title":"Noah hat die Extremadura erreicht","date":"6. Oktober 2017","format":false,"excerpt":"Rotmilan-M\u00e4nnchen Noah hat die Extremadura erreicht und scheint sich f\u00fcr das letztj\u00e4hrige Winterrevier im Raum Olivenza - Badajoz entschieden zu haben.","rel":"","context":"In &quot;On tour mit Milan&quot;","img":{"alt_text":"","src":"https:\/\/i0.wp.com\/blogs.nabu.de\/hessen\/wp-content\/uploads\/sites\/6\/2017\/10\/Noah_Herbstzug_2017.jpg?resize=350%2C200&ssl=1","width":350,"height":200},"classes":[]},{"id":943,"url":"https:\/\/blogs.nabu.de\/hessen\/noah_vogelsberg_ankunft_fruehjahr_2017\/","url_meta":{"origin":1110,"position":4},"title":"Auch Noah ist im Vogelsberg angekommen!","date":"3. M\u00e4rz 2017","format":false,"excerpt":"Nach Rotmilan-Weibchen Isolde hat nun auch das besenderte M\u00e4nnchen Noah wieder den Vogelsberg erreicht. Er erkundete gestern ausgiebig sein letztj\u00e4hriges Revier.","rel":"","context":"In &quot;On tour mit Milan&quot;","img":{"alt_text":"","src":"https:\/\/i0.wp.com\/blogs.nabu.de\/hessen\/wp-content\/uploads\/sites\/6\/2017\/03\/Noah_Wegzug_2016_Heimzug_2017.jpg?resize=350%2C200&ssl=1","width":350,"height":200},"classes":[]},{"id":954,"url":"https:\/\/blogs.nabu.de\/hessen\/neptun-maerz-heimzug-2017\/","url_meta":{"origin":1110,"position":5},"title":"Neptun auf dem Heimzug","date":"7. M\u00e4rz 2017","format":false,"excerpt":"W\u00e4hrend Isolde und Noah ihre Reviere im Vogelsberg bereits besetzt haben, ist nun auch das Rotmilan-M\u00e4nnchen Neptun auf dem Heimzug und hat das \u00dcberwinterungsgebiet in Portugal verlassen.","rel":"","context":"In &quot;On tour mit Milan&quot;","img":{"alt_text":"","src":"https:\/\/i0.wp.com\/blogs.nabu.de\/hessen\/wp-content\/uploads\/sites\/6\/2016\/07\/28271033576_fce8981510_b.jpg?resize=350%2C200&ssl=1","width":350,"height":200},"classes":[]}],"_links":{"self":[{"href":"https:\/\/blogs.nabu.de\/hessen\/wp-json\/wp\/v2\/posts\/1110"}],"collection":[{"href":"https:\/\/blogs.nabu.de\/hessen\/wp-json\/wp\/v2\/posts"}],"about":[{"href":"https:\/\/blogs.nabu.de\/hessen\/wp-json\/wp\/v2\/types\/post"}],"author":[{"embeddable":true,"href":"https:\/\/blogs.nabu.de\/hessen\/wp-json\/wp\/v2\/users\/55"}],"replies":[{"embeddable":true,"href":"https:\/\/blogs.nabu.de\/hessen\/wp-json\/wp\/v2\/comments?post=1110"}],"version-history":[{"count":11,"href":"https:\/\/blogs.nabu.de\/hessen\/wp-json\/wp\/v2\/posts\/1110\/revisions"}],"predecessor-version":[{"id":1135,"href":"https:\/\/blogs.nabu.de\/hessen\/wp-json\/wp\/v2\/posts\/1110\/revisions\/1135"}],"wp:featuredmedia":[{"embeddable":true,"href":"https:\/\/blogs.nabu.de\/hessen\/wp-json\/wp\/v2\/media\/1111"}],"wp:attachment":[{"href":"https:\/\/blogs.nabu.de\/hessen\/wp-json\/wp\/v2\/media?parent=1110"}],"wp:term":[{"taxonomy":"category","embeddable":true,"href":"https:\/\/blogs.nabu.de\/hessen\/wp-json\/wp\/v2\/categories?post=1110"},{"taxonomy":"post_tag","embeddable":true,"href":"https:\/\/blogs.nabu.de\/hessen\/wp-json\/wp\/v2\/tags?post=1110"}],"curies":[{"name":"wp","href":"https:\/\/api.w.org\/{rel}","templated":true}]}}